{"id":989,"date":"2025-09-07T08:04:57","date_gmt":"2025-09-07T06:04:57","guid":{"rendered":"https:\/\/www.lasagadesgares.be\/wordpress\/?p=989"},"modified":"2026-03-22T16:40:50","modified_gmt":"2026-03-22T15:40:50","slug":"wasmes","status":"publish","type":"post","link":"https:\/\/www.lasagadesgares.be\/wordpress\/wasmes\/","title":{"rendered":"La gare de Wasmes"},"content":{"rendered":"\n<p>Nous sommes sur la ligne 98. Si, c\u00f4t\u00e9 P\u00e2turages, le chemin de fer atteint Wasmes d\u00e8s 1872, il faudra attendre le 1er octobre 1874 pour voir son prolongement vers Warquignies, la profonde vall\u00e9e du ruisseau de l\u2019Elwasmes ayant constitu\u00e9 un obstacle bien difficile \u00e0 franchir.<br><\/p>\n\n\n\n<p>La gare de Wasmes fut dot\u00e9e, dans un premier temps, d\u2019un imposant b\u00e2timent \u00e0 deux \u00e9tages dans le style n\u00e9o-Renaissance flamande. Elle comptait deux voies voyageurs et une cour aux marchandises avec une rampe de chargement ainsi qu\u2019un hangar. Le premier b\u00e2timent des voyageurs sera remplac\u00e9 par une petite construction moderne sans \u00e9tage \u00e0 toit plat qui comprenait une salle d\u2019attente, un guichet et un local de service. Le dernier agent , Fran\u00e7ois Dosse, prit sa retraite le 1er ,juillet 19792, apr\u00e8s 32 ans de service \u00e0 Wasmes. A partir de cette date, la gare ne sera plus desservie que le samedi de 9h30 \u00e0 16h pour la vente des abonnements \u00e0 la semaine. Ce service sera supprim\u00e9 vers 1975 et le b\u00e2timent sera d\u00e9moli. Trois abris pour les voyageurs seront install\u00e9s le long du quai jusqu\u2019\u00e0 la fermeture de la ligne 98 le 1<sup>er<\/sup> juin 1984, dans le cadre de la restructuration IC\/IR.<br>Aujourd\u2019hui un parking, \u00e0 l\u2019usage des promeneurs du Ravel, a \u00e9t\u00e9 am\u00e9nag\u00e9 \u00e0 l\u2019emplacement de la gare.<\/p>\n\n\n\n<figure class=\"wp-block-gallery has-nested-images columns-default is-cropped wp-block-gallery-1 is-layout-flex wp-block-gallery-is-layout-flex\">\n<figure class=\"wp-block-image size-large\"><a href=\"https:\/\/www.lasagadesgares.be\/wordpress\/wp-content\/uploads\/2025\/09\/paturages-gare-ancienne.jpg\"><img fetchpriority=\"high\" decoding=\"async\" width=\"400\" height=\"270\" data-id=\"987\" src=\"https:\/\/www.lasagadesgares.be\/wordpress\/wp-content\/uploads\/2025\/09\/paturages-gare-ancienne.jpg\" alt=\"\" class=\"wp-image-987\" srcset=\"https:\/\/www.lasagadesgares.be\/wordpress\/wp-content\/uploads\/2025\/09\/paturages-gare-ancienne.jpg 400w, https:\/\/www.lasagadesgares.be\/wordpress\/wp-content\/uploads\/2025\/09\/paturages-gare-ancienne-300x203.jpg 300w, https:\/\/www.lasagadesgares.be\/wordpress\/wp-content\/uploads\/2025\/09\/paturages-gare-ancienne-1x1.jpg 1w\" sizes=\"(max-width: 400px) 100vw, 400px\" \/><\/a><figcaption class=\"wp-element-caption\">La gare de P\u00e2turages au d\u00e9but du XXe si\u00e8cle, dans son style \u00ab\u00a0n\u00e9o-Renaissance flamande\u00a0\u00bb<\/figcaption><\/figure>\n\n\n\n<figure class=\"wp-block-image size-large\"><a href=\"https:\/\/www.lasagadesgares.be\/wordpress\/wp-content\/uploads\/2025\/09\/467704691_10231822911268364_6090317329363890519_n.jpg\"><img decoding=\"async\" width=\"400\" height=\"300\" data-id=\"991\" src=\"https:\/\/www.lasagadesgares.be\/wordpress\/wp-content\/uploads\/2025\/09\/467704691_10231822911268364_6090317329363890519_n.jpg\" alt=\"\" class=\"wp-image-991\" srcset=\"https:\/\/www.lasagadesgares.be\/wordpress\/wp-content\/uploads\/2025\/09\/467704691_10231822911268364_6090317329363890519_n.jpg 400w, https:\/\/www.lasagadesgares.be\/wordpress\/wp-content\/uploads\/2025\/09\/467704691_10231822911268364_6090317329363890519_n-300x225.jpg 300w, https:\/\/www.lasagadesgares.be\/wordpress\/wp-content\/uploads\/2025\/09\/467704691_10231822911268364_6090317329363890519_n-1x1.jpg 1w\" sizes=\"(max-width: 400px) 100vw, 400px\" \/><\/a><figcaption class=\"wp-element-caption\">Le site de la gare de Wasmes aujourd&rsquo;hui, le Ravel, le parking&#8230;<\/figcaption><\/figure>\n\n\n\n<figure class=\"wp-block-image size-large\"><img decoding=\"async\" width=\"400\" height=\"267\" data-id=\"8361\" src=\"https:\/\/www.lasagadesgares.be\/wordpress\/wp-content\/uploads\/2025\/09\/2eme-gare-de-Wasmes.png\" alt=\"\" class=\"wp-image-8361\" srcset=\"https:\/\/www.lasagadesgares.be\/wordpress\/wp-content\/uploads\/2025\/09\/2eme-gare-de-Wasmes.png 400w, https:\/\/www.lasagadesgares.be\/wordpress\/wp-content\/uploads\/2025\/09\/2eme-gare-de-Wasmes-300x200.png 300w, https:\/\/www.lasagadesgares.be\/wordpress\/wp-content\/uploads\/2025\/09\/2eme-gare-de-Wasmes-1x1.png 1w\" sizes=\"(max-width: 400px) 100vw, 400px\" \/><figcaption class=\"wp-element-caption\">La 2e gare de Wasmes<\/figcaption><\/figure>\n\n\n\n<figure class=\"wp-block-image size-large\"><a href=\"https:\/\/www.lasagadesgares.be\/wordpress\/wp-content\/uploads\/2025\/09\/467507006_10231822911068359_803899184532584289_n.jpg\"><img loading=\"lazy\" decoding=\"async\" width=\"400\" height=\"253\" data-id=\"990\" src=\"https:\/\/www.lasagadesgares.be\/wordpress\/wp-content\/uploads\/2025\/09\/467507006_10231822911068359_803899184532584289_n.jpg\" alt=\"\" class=\"wp-image-990\" srcset=\"https:\/\/www.lasagadesgares.be\/wordpress\/wp-content\/uploads\/2025\/09\/467507006_10231822911068359_803899184532584289_n.jpg 400w, https:\/\/www.lasagadesgares.be\/wordpress\/wp-content\/uploads\/2025\/09\/467507006_10231822911068359_803899184532584289_n-300x190.jpg 300w, https:\/\/www.lasagadesgares.be\/wordpress\/wp-content\/uploads\/2025\/09\/467507006_10231822911068359_803899184532584289_n-1x1.jpg 1w\" sizes=\"(max-width: 400px) 100vw, 400px\" \/><\/a><\/figure>\n\n\n\n<figure class=\"wp-block-image size-large\"><a href=\"https:\/\/www.lasagadesgares.be\/wordpress\/wp-content\/uploads\/2025\/09\/Wasmes1908.jpg\"><img loading=\"lazy\" decoding=\"async\" width=\"400\" height=\"261\" data-id=\"994\" src=\"https:\/\/www.lasagadesgares.be\/wordpress\/wp-content\/uploads\/2025\/09\/Wasmes1908.jpg\" alt=\"\" class=\"wp-image-994\" srcset=\"https:\/\/www.lasagadesgares.be\/wordpress\/wp-content\/uploads\/2025\/09\/Wasmes1908.jpg 400w, https:\/\/www.lasagadesgares.be\/wordpress\/wp-content\/uploads\/2025\/09\/Wasmes1908-300x196.jpg 300w, https:\/\/www.lasagadesgares.be\/wordpress\/wp-content\/uploads\/2025\/09\/Wasmes1908-1x1.jpg 1w\" sizes=\"(max-width: 400px) 100vw, 400px\" \/><\/a><\/figure>\n\n\n\n<figure class=\"wp-block-image size-large\"><a href=\"https:\/\/www.lasagadesgares.be\/wordpress\/wp-content\/uploads\/2025\/09\/467723441_10231822911308365_5802275647692093838_n.jpg\"><img loading=\"lazy\" decoding=\"async\" width=\"400\" height=\"264\" data-id=\"992\" src=\"https:\/\/www.lasagadesgares.be\/wordpress\/wp-content\/uploads\/2025\/09\/467723441_10231822911308365_5802275647692093838_n.jpg\" alt=\"\" class=\"wp-image-992\" srcset=\"https:\/\/www.lasagadesgares.be\/wordpress\/wp-content\/uploads\/2025\/09\/467723441_10231822911308365_5802275647692093838_n.jpg 400w, https:\/\/www.lasagadesgares.be\/wordpress\/wp-content\/uploads\/2025\/09\/467723441_10231822911308365_5802275647692093838_n-300x198.jpg 300w, https:\/\/www.lasagadesgares.be\/wordpress\/wp-content\/uploads\/2025\/09\/467723441_10231822911308365_5802275647692093838_n-1x1.jpg 1w\" sizes=\"(max-width: 400px) 100vw, 400px\" \/><\/a><\/figure>\n<\/figure>\n","protected":false},"excerpt":{"rendered":"<p>Nous sommes sur la ligne 98. Si, c\u00f4t\u00e9 P\u00e2turages, le chemin de fer atteint Wasmes d\u00e8s 1872, il faudra attendre le 1er octobre 1874 pour voir son prolongement vers Warquignies, la profonde vall\u00e9e du ruisseau de l\u2019Elwasmes ayant constitu\u00e9 un obstacle bien difficile \u00e0 franchir. La gare de Wasmes fut dot\u00e9e, dans un premier temps, [&hellip;]<\/p>\n","protected":false},"author":1,"featured_media":994,"comment_status":"closed","ping_status":"open","sticky":false,"template":"","format":"standard","meta":{"footnotes":""},"categories":[15,75],"tags":[],"class_list":["post-989","post","type-post","status-publish","format-standard","has-post-thumbnail","hentry","category-ligne-098","category-qrcode"],"_links":{"self":[{"href":"https:\/\/www.lasagadesgares.be\/wordpress\/wp-json\/wp\/v2\/posts\/989","targetHints":{"allow":["GET"]}}],"collection":[{"href":"https:\/\/www.lasagadesgares.be\/wordpress\/wp-json\/wp\/v2\/posts"}],"about":[{"href":"https:\/\/www.lasagadesgares.be\/wordpress\/wp-json\/wp\/v2\/types\/post"}],"author":[{"embeddable":true,"href":"https:\/\/www.lasagadesgares.be\/wordpress\/wp-json\/wp\/v2\/users\/1"}],"replies":[{"embeddable":true,"href":"https:\/\/www.lasagadesgares.be\/wordpress\/wp-json\/wp\/v2\/comments?post=989"}],"version-history":[{"count":4,"href":"https:\/\/www.lasagadesgares.be\/wordpress\/wp-json\/wp\/v2\/posts\/989\/revisions"}],"predecessor-version":[{"id":8362,"href":"https:\/\/www.lasagadesgares.be\/wordpress\/wp-json\/wp\/v2\/posts\/989\/revisions\/8362"}],"wp:featuredmedia":[{"embeddable":true,"href":"https:\/\/www.lasagadesgares.be\/wordpress\/wp-json\/wp\/v2\/media\/994"}],"wp:attachment":[{"href":"https:\/\/www.lasagadesgares.be\/wordpress\/wp-json\/wp\/v2\/media?parent=989"}],"wp:term":[{"taxonomy":"category","embeddable":true,"href":"https:\/\/www.lasagadesgares.be\/wordpress\/wp-json\/wp\/v2\/categories?post=989"},{"taxonomy":"post_tag","embeddable":true,"href":"https:\/\/www.lasagadesgares.be\/wordpress\/wp-json\/wp\/v2\/tags?post=989"}],"curies":[{"name":"wp","href":"https:\/\/api.w.org\/{rel}","templated":true}]}}