{"id":971,"date":"2025-09-06T19:14:09","date_gmt":"2025-09-06T17:14:09","guid":{"rendered":"https:\/\/www.lasagadesgares.be\/wordpress\/?p=971"},"modified":"2025-11-11T22:43:43","modified_gmt":"2025-11-11T21:43:43","slug":"masnuy-st-pierre","status":"publish","type":"post","link":"https:\/\/www.lasagadesgares.be\/wordpress\/masnuy-st-pierre\/","title":{"rendered":"La gare de Masnuy-Saint-Pierre"},"content":{"rendered":"\n<p>Venant de Bruxelles, la ligne 96 atteint Jurbise le 8 novembre 1841.<br>En mai 1842 un point d\u2019arr\u00eat est ouvert \u00e0 Masnuy-Saint-Pierre.<br>Sous la pression des autorit\u00e9s communales, une gare provisoire situ\u00e9e dans une habitation proche est mise en service en 1874.<br>Vers 1890 un b\u00e2timent sera construit suivant le mod\u00e8le type de l\u2019\u00e9poque. Il comprenait une partie centrale \u00e0 3 trav\u00e9es avec \u00e9tage, entour\u00e9e de 2 ailes basses. Une marquise prot\u00e9geait une partie du quai 1.<br>Outre les 2 voies principales de la ligne 96, une 3\u00e8me voie donnait acc\u00e8s au cul de sac du hangar aux marchandises et \u00e0 une cour pav\u00e9e avec rampe de chargement. De l\u00e0 partait le raccordement de la SA des Verreries de Masnuy- Saint-Pierre. Apr\u00e8s la fin des activit\u00e9s de cette entreprise, le raccordement a \u00e9t\u00e9 utilis\u00e9 par la SA Walref (produits r\u00e9fractaires). Le trafic marchandise a cess\u00e9 le 30 juillet 1997. Il reste, comme t\u00e9moin, la rampe de chargement.<br>Aujourd\u2019hui, tous les b\u00e2timents ont disparus. Les deux quais du point d\u2019arr\u00eat non gard\u00e9 sont \u00e9quip\u00e9s d\u2019abris pour les voyageurs, d\u2019un automate pour la vente des titres de transport et d\u2019un r\u00e2telier pour les v\u00e9los.<br>Les trains ne s\u2019arr\u00eatent \u00e0 Masnuy-Saint-Pierre que les jours de semaine.<\/p>\n\n\n\n<figure class=\"wp-block-gallery has-nested-images columns-default is-cropped wp-block-gallery-1 is-layout-flex wp-block-gallery-is-layout-flex\">\n<figure class=\"wp-block-image size-large\"><img fetchpriority=\"high\" decoding=\"async\" width=\"400\" height=\"277\" data-id=\"974\" src=\"https:\/\/www.lasagadesgares.be\/wordpress\/wp-content\/uploads\/2025\/09\/45654832_10216009966794635_6996505818287833088_n.jpg\" alt=\"\" class=\"wp-image-974\" srcset=\"https:\/\/www.lasagadesgares.be\/wordpress\/wp-content\/uploads\/2025\/09\/45654832_10216009966794635_6996505818287833088_n.jpg 400w, https:\/\/www.lasagadesgares.be\/wordpress\/wp-content\/uploads\/2025\/09\/45654832_10216009966794635_6996505818287833088_n-300x208.jpg 300w, https:\/\/www.lasagadesgares.be\/wordpress\/wp-content\/uploads\/2025\/09\/45654832_10216009966794635_6996505818287833088_n-1x1.jpg 1w\" sizes=\"(max-width: 400px) 100vw, 400px\" \/><\/figure>\n\n\n\n<figure class=\"wp-block-image size-large\"><img decoding=\"async\" width=\"400\" height=\"266\" data-id=\"976\" src=\"https:\/\/www.lasagadesgares.be\/wordpress\/wp-content\/uploads\/2025\/09\/Masnuy-1.jpg\" alt=\"\" class=\"wp-image-976\" srcset=\"https:\/\/www.lasagadesgares.be\/wordpress\/wp-content\/uploads\/2025\/09\/Masnuy-1.jpg 400w, https:\/\/www.lasagadesgares.be\/wordpress\/wp-content\/uploads\/2025\/09\/Masnuy-1-300x200.jpg 300w, https:\/\/www.lasagadesgares.be\/wordpress\/wp-content\/uploads\/2025\/09\/Masnuy-1-1x1.jpg 1w\" sizes=\"(max-width: 400px) 100vw, 400px\" \/><\/figure>\n\n\n\n<figure class=\"wp-block-image size-large\"><img decoding=\"async\" width=\"400\" height=\"267\" data-id=\"975\" src=\"https:\/\/www.lasagadesgares.be\/wordpress\/wp-content\/uploads\/2025\/09\/45748350_10216009970274722_5919909120936247296_n.jpg\" alt=\"\" class=\"wp-image-975\" srcset=\"https:\/\/www.lasagadesgares.be\/wordpress\/wp-content\/uploads\/2025\/09\/45748350_10216009970274722_5919909120936247296_n.jpg 400w, https:\/\/www.lasagadesgares.be\/wordpress\/wp-content\/uploads\/2025\/09\/45748350_10216009970274722_5919909120936247296_n-300x200.jpg 300w, https:\/\/www.lasagadesgares.be\/wordpress\/wp-content\/uploads\/2025\/09\/45748350_10216009970274722_5919909120936247296_n-1x1.jpg 1w\" sizes=\"(max-width: 400px) 100vw, 400px\" \/><\/figure>\n<\/figure>\n","protected":false},"excerpt":{"rendered":"<p>Venant de Bruxelles, la ligne 96 atteint Jurbise le 8 novembre 1841.En mai 1842 un point d\u2019arr\u00eat est ouvert \u00e0 Masnuy-Saint-Pierre.Sous la pression des autorit\u00e9s communales, une gare provisoire situ\u00e9e dans une habitation proche est mise en service en 1874.Vers 1890 un b\u00e2timent sera construit suivant le mod\u00e8le type de l\u2019\u00e9poque. Il comprenait une partie [&hellip;]<\/p>\n","protected":false},"author":1,"featured_media":974,"comment_status":"closed","ping_status":"open","sticky":false,"template":"","format":"standard","meta":{"footnotes":""},"categories":[9],"tags":[],"class_list":["post-971","post","type-post","status-publish","format-standard","has-post-thumbnail","hentry","category-ligne-096"],"_links":{"self":[{"href":"https:\/\/www.lasagadesgares.be\/wordpress\/wp-json\/wp\/v2\/posts\/971","targetHints":{"allow":["GET"]}}],"collection":[{"href":"https:\/\/www.lasagadesgares.be\/wordpress\/wp-json\/wp\/v2\/posts"}],"about":[{"href":"https:\/\/www.lasagadesgares.be\/wordpress\/wp-json\/wp\/v2\/types\/post"}],"author":[{"embeddable":true,"href":"https:\/\/www.lasagadesgares.be\/wordpress\/wp-json\/wp\/v2\/users\/1"}],"replies":[{"embeddable":true,"href":"https:\/\/www.lasagadesgares.be\/wordpress\/wp-json\/wp\/v2\/comments?post=971"}],"version-history":[{"count":1,"href":"https:\/\/www.lasagadesgares.be\/wordpress\/wp-json\/wp\/v2\/posts\/971\/revisions"}],"predecessor-version":[{"id":978,"href":"https:\/\/www.lasagadesgares.be\/wordpress\/wp-json\/wp\/v2\/posts\/971\/revisions\/978"}],"wp:featuredmedia":[{"embeddable":true,"href":"https:\/\/www.lasagadesgares.be\/wordpress\/wp-json\/wp\/v2\/media\/974"}],"wp:attachment":[{"href":"https:\/\/www.lasagadesgares.be\/wordpress\/wp-json\/wp\/v2\/media?parent=971"}],"wp:term":[{"taxonomy":"category","embeddable":true,"href":"https:\/\/www.lasagadesgares.be\/wordpress\/wp-json\/wp\/v2\/categories?post=971"},{"taxonomy":"post_tag","embeddable":true,"href":"https:\/\/www.lasagadesgares.be\/wordpress\/wp-json\/wp\/v2\/tags?post=971"}],"curies":[{"name":"wp","href":"https:\/\/api.w.org\/{rel}","templated":true}]}}