{"id":948,"date":"2025-09-06T18:51:27","date_gmt":"2025-09-06T16:51:27","guid":{"rendered":"https:\/\/www.lasagadesgares.be\/wordpress\/?p=948"},"modified":"2026-04-21T14:22:01","modified_gmt":"2026-04-21T12:22:01","slug":"boussu","status":"publish","type":"post","link":"https:\/\/www.lasagadesgares.be\/wordpress\/boussu\/","title":{"rendered":"La gare de Boussu"},"content":{"rendered":"\n<p>Le 31 janvier 1842 l\u2019Etat belge ach\u00e8te au Comte Eug\u00e8ne Joseph de N\u00e9donchel le terrain n\u00e9cessaire au passage de la ligne de chemin de fer Saint-Ghislain \u2013 Qui\u00e9vrain, la \u00ab\u00a0Ligne du Midi\u00a0\u00bb \u00e0 vocation internationale entre Paris et Bruxelles. L\u2019inauguration \u00e0 lieu le 7 ao\u00fbt suivant, lors du passage du premier train entre Bruxelles et Paris.<\/p>\n\n\n\n<p>Une carte de Vandermaelen de l&rsquo;\u00e9poque montre la pr\u00e9sence d&rsquo;un b\u00e2timent de gare situ\u00e9 sur la gauche du b\u00e2timent actuel. Cette halte provisoire sera remplac\u00e9e en 1861 par la premi\u00e8re gare de Boussu, un b\u00e2timent construit dans le style n\u00e9o-Renaissance flamande. Cette construction a \u00e9t\u00e9 d\u00e9truite par l\u2019occupant allemand en avril 1918 afin de faire place \u00e0 un quai de d\u00e9chargement pour les munitions. En 1922 une nouvelle gare, base du b\u00e2timent actuel, est construite. Elle subira des dommages importants le 2 septembre 1944 suite \u00e0 l\u2019explosion du d\u00e9p\u00f4t de munitions qui \u00e9tait situ\u00e9 dans le parc du Ch\u00e2teau.<br>L\u2019arriv\u00e9e du chemin de fer a attir\u00e9 plusieurs industries et g\u00e9n\u00e9r\u00e9 un important trafic, tant pour les voyageurs que pour les marchandises.<br>Les voies marchandises furent supprim\u00e9es en 1973. Le poste de signalisation sera supprim\u00e9 \u00e0 la suite de l\u2019\u00e9lectrification de la ligne, inaugur\u00e9e le 12 mai 1995.<\/p>\n\n\n\n<p>Le guichet fut sera ferm\u00e9 et le personnel en gare supprim\u00e9 le 1er f\u00e9vrier 2003. Boussu est maintenant un point d\u2019arr\u00eat non gard\u00e9.<br>Un bail emphyt\u00e9otique a \u00e9t\u00e9 sign\u00e9 le 22 mars 2018 entre la SNCB et la commune de Boussu qui assure la gestion du b\u00e2timent et de ses abords.<br>La commune a proc\u00e9d\u00e9 aux travaux de r\u00e9novation du b\u00e2timent et de ses abords. Une salle d\u2019attente chauff\u00e9e et \u00e9clair\u00e9e est mise \u00e0 disposition des voyageurs ainsi qu\u2019un parking gratuit de 32 places situ\u00e9 \u00e0 proximit\u00e9 du quai. Une conciergerie  a \u00e9t\u00e9 int\u00e9gr\u00e9e au b\u00e2timent afin de s\u00e9curiser les lieux. Des activit\u00e9s de promotion du tourisme local sont propos\u00e9es. Le Ch\u00e2teau voisin et son parc de 12 hectares ainsi que la Chapelle fun\u00e9raire des Seigneurs de Boussu sont ainsi valoris\u00e9s.<\/p>\n\n\n\n<ul class=\"wp-block-list\">\n<li>LECTURE >>> <strong><a href=\"https:\/\/www.lasagadesgares.be\/wordpress\/9443-2\/\" data-type=\"link\" data-id=\"https:\/\/www.lasagadesgares.be\/wordpress\/9443-2\/\">L&rsquo;histoire de la gare de Boussu en long et en large<\/a><\/strong><br><br><\/li>\n<\/ul>\n\n\n\n<figure class=\"wp-block-gallery has-nested-images columns-default is-cropped wp-block-gallery-1 is-layout-flex wp-block-gallery-is-layout-flex\">\n<figure class=\"wp-block-image size-large\"><a href=\"https:\/\/www.lasagadesgares.be\/wordpress\/wp-content\/uploads\/2025\/09\/Boussu-gare-ancienne_datant-de-1861.jpg\"><img fetchpriority=\"high\" decoding=\"async\" width=\"400\" height=\"249\" data-id=\"952\" src=\"https:\/\/www.lasagadesgares.be\/wordpress\/wp-content\/uploads\/2025\/09\/Boussu-gare-ancienne_datant-de-1861.jpg\" alt=\"\" class=\"wp-image-952\" srcset=\"https:\/\/www.lasagadesgares.be\/wordpress\/wp-content\/uploads\/2025\/09\/Boussu-gare-ancienne_datant-de-1861.jpg 400w, https:\/\/www.lasagadesgares.be\/wordpress\/wp-content\/uploads\/2025\/09\/Boussu-gare-ancienne_datant-de-1861-300x187.jpg 300w, https:\/\/www.lasagadesgares.be\/wordpress\/wp-content\/uploads\/2025\/09\/Boussu-gare-ancienne_datant-de-1861-1x1.jpg 1w\" sizes=\"(max-width: 400px) 100vw, 400px\" \/><\/a><figcaption class=\"wp-element-caption\">Boussu, la premi\u00e8re gare, datant de 1861. Style n\u00e9o-renaissance flamande.<\/figcaption><\/figure>\n\n\n\n<figure class=\"wp-block-image size-large\"><a href=\"https:\/\/www.lasagadesgares.be\/wordpress\/wp-content\/uploads\/2025\/09\/P1010003.jpg\"><img decoding=\"async\" width=\"400\" height=\"299\" data-id=\"953\" src=\"https:\/\/www.lasagadesgares.be\/wordpress\/wp-content\/uploads\/2025\/09\/P1010003.jpg\" alt=\"\" class=\"wp-image-953\" srcset=\"https:\/\/www.lasagadesgares.be\/wordpress\/wp-content\/uploads\/2025\/09\/P1010003.jpg 400w, https:\/\/www.lasagadesgares.be\/wordpress\/wp-content\/uploads\/2025\/09\/P1010003-300x224.jpg 300w, https:\/\/www.lasagadesgares.be\/wordpress\/wp-content\/uploads\/2025\/09\/P1010003-1x1.jpg 1w\" sizes=\"(max-width: 400px) 100vw, 400px\" \/><\/a><\/figure>\n\n\n\n<figure class=\"wp-block-image size-large\"><a href=\"https:\/\/www.lasagadesgares.be\/wordpress\/wp-content\/uploads\/2025\/09\/P1010007.jpg\"><img decoding=\"async\" width=\"400\" height=\"299\" data-id=\"954\" src=\"https:\/\/www.lasagadesgares.be\/wordpress\/wp-content\/uploads\/2025\/09\/P1010007.jpg\" alt=\"\" class=\"wp-image-954\" srcset=\"https:\/\/www.lasagadesgares.be\/wordpress\/wp-content\/uploads\/2025\/09\/P1010007.jpg 400w, https:\/\/www.lasagadesgares.be\/wordpress\/wp-content\/uploads\/2025\/09\/P1010007-300x224.jpg 300w, https:\/\/www.lasagadesgares.be\/wordpress\/wp-content\/uploads\/2025\/09\/P1010007-1x1.jpg 1w\" sizes=\"(max-width: 400px) 100vw, 400px\" \/><\/a><\/figure>\n<\/figure>\n\n\n\n<h4 class=\"wp-block-heading\"><strong>Une nouvelle vie pour la gare de Boussu<\/strong><\/h4>\n\n\n\n<p><strong>L\u2019ancienne gare de Boussu est entr\u00e9e dans une nouvelle \u00e8re. Le Centre Culturel local occupe le b\u00e2timent r\u00e9nov\u00e9 depuis le d\u00e9but ao\u00fbt 2025.<\/strong><\/p>\n\n\n\n<p>La commune de Boussu avait obtenu, par un bail emphyt\u00e9otique sign\u00e9 le 3 juillet 2013, la gestion de la gare de Boussu pour une dur\u00e9e de 50 ans. Les travaux de r\u00e9novation des lieux ont&nbsp;&nbsp;commenc\u00e9 le 7 novembre 2022, apr\u00e8s un long cheminement pour obtenir les subsides de la Wallonie. Le chantier a notamment concern\u00e9 le remplacement des toitures, des ch\u00e2ssis et des portes ainsi que le reconditionnement de l\u2019int\u00e9rieur du b\u00e2timent. L\u2019ancienne salle d\u2019attente de la gare a \u00e9t\u00e9 fusionn\u00e9e avec un bureau, ce qui a permis de cr\u00e9er un vaste espace qui sera utilis\u00e9 pour des conf\u00e9rences, des ateliers, des expositions. Cet espace pourra aussi \u00eatre lou\u00e9 \u00e0 des associations locales. Une petite salle de r\u00e9union, avec acc\u00e8s \u00e0 une courette, a \u00e9t\u00e9 am\u00e9nag\u00e9e au rez-de-chauss\u00e9e de l\u2019ancienne habitation du chef de gare. L\u2019accueil et le bureau de la directrice du Centre culturel se trouvent \u00e0 l\u2019\u00e9tage.<\/p>\n\n\n\n<p>Le projet n\u2019a pas oubli\u00e9 les voyageurs: une nouvelle salle d\u2019attente a ainsi \u00e9t\u00e9 am\u00e9nag\u00e9e \u00e0 l\u2019emplacement des anciens WC et de l\u2019aubette \u00e0 journaux de la gare. L\u2019acc\u00e8s \u00e0 cet espace s\u2019effectue directement par le parking. Les travaux ont \u00e9t\u00e9 termin\u00e9s en octobre 2024, \u00e0 l\u2019exception de la r\u00e9novation de la marquise le long du b\u00e2timent c\u00f4t\u00e9 voie.<\/p>\n\n\n\n<figure class=\"wp-block-gallery has-nested-images columns-default is-cropped wp-block-gallery-2 is-layout-flex wp-block-gallery-is-layout-flex\">\n<figure class=\"wp-block-image size-large\"><img loading=\"lazy\" decoding=\"async\" width=\"400\" height=\"300\" data-id=\"951\" src=\"https:\/\/www.lasagadesgares.be\/wordpress\/wp-content\/uploads\/2025\/09\/543320071_24330872796607292_1416813119816225928_n.jpg\" alt=\"\" class=\"wp-image-951\" srcset=\"https:\/\/www.lasagadesgares.be\/wordpress\/wp-content\/uploads\/2025\/09\/543320071_24330872796607292_1416813119816225928_n.jpg 400w, https:\/\/www.lasagadesgares.be\/wordpress\/wp-content\/uploads\/2025\/09\/543320071_24330872796607292_1416813119816225928_n-300x225.jpg 300w, https:\/\/www.lasagadesgares.be\/wordpress\/wp-content\/uploads\/2025\/09\/543320071_24330872796607292_1416813119816225928_n-1x1.jpg 1w\" sizes=\"(max-width: 400px) 100vw, 400px\" \/><\/figure>\n\n\n\n<figure class=\"wp-block-image size-large\"><img loading=\"lazy\" decoding=\"async\" width=\"400\" height=\"300\" data-id=\"949\" src=\"https:\/\/www.lasagadesgares.be\/wordpress\/wp-content\/uploads\/2025\/09\/542136802_24330873886607183_4283995482413803340_n.jpg\" alt=\"\" class=\"wp-image-949\" srcset=\"https:\/\/www.lasagadesgares.be\/wordpress\/wp-content\/uploads\/2025\/09\/542136802_24330873886607183_4283995482413803340_n.jpg 400w, https:\/\/www.lasagadesgares.be\/wordpress\/wp-content\/uploads\/2025\/09\/542136802_24330873886607183_4283995482413803340_n-300x225.jpg 300w, https:\/\/www.lasagadesgares.be\/wordpress\/wp-content\/uploads\/2025\/09\/542136802_24330873886607183_4283995482413803340_n-1x1.jpg 1w\" sizes=\"(max-width: 400px) 100vw, 400px\" \/><\/figure>\n<\/figure>\n","protected":false},"excerpt":{"rendered":"<p>Le 31 janvier 1842 l\u2019Etat belge ach\u00e8te au Comte Eug\u00e8ne Joseph de N\u00e9donchel le terrain n\u00e9cessaire au passage de la ligne de chemin de fer Saint-Ghislain \u2013 Qui\u00e9vrain, la \u00ab\u00a0Ligne du Midi\u00a0\u00bb \u00e0 vocation internationale entre Paris et Bruxelles. L\u2019inauguration \u00e0 lieu le 7 ao\u00fbt suivant, lors du passage du premier train entre Bruxelles et [&hellip;]<\/p>\n","protected":false},"author":1,"featured_media":952,"comment_status":"closed","ping_status":"open","sticky":false,"template":"","format":"standard","meta":{"footnotes":""},"categories":[7],"tags":[],"class_list":["post-948","post","type-post","status-publish","format-standard","has-post-thumbnail","hentry","category-ligne-097"],"_links":{"self":[{"href":"https:\/\/www.lasagadesgares.be\/wordpress\/wp-json\/wp\/v2\/posts\/948","targetHints":{"allow":["GET"]}}],"collection":[{"href":"https:\/\/www.lasagadesgares.be\/wordpress\/wp-json\/wp\/v2\/posts"}],"about":[{"href":"https:\/\/www.lasagadesgares.be\/wordpress\/wp-json\/wp\/v2\/types\/post"}],"author":[{"embeddable":true,"href":"https:\/\/www.lasagadesgares.be\/wordpress\/wp-json\/wp\/v2\/users\/1"}],"replies":[{"embeddable":true,"href":"https:\/\/www.lasagadesgares.be\/wordpress\/wp-json\/wp\/v2\/comments?post=948"}],"version-history":[{"count":7,"href":"https:\/\/www.lasagadesgares.be\/wordpress\/wp-json\/wp\/v2\/posts\/948\/revisions"}],"predecessor-version":[{"id":9564,"href":"https:\/\/www.lasagadesgares.be\/wordpress\/wp-json\/wp\/v2\/posts\/948\/revisions\/9564"}],"wp:featuredmedia":[{"embeddable":true,"href":"https:\/\/www.lasagadesgares.be\/wordpress\/wp-json\/wp\/v2\/media\/952"}],"wp:attachment":[{"href":"https:\/\/www.lasagadesgares.be\/wordpress\/wp-json\/wp\/v2\/media?parent=948"}],"wp:term":[{"taxonomy":"category","embeddable":true,"href":"https:\/\/www.lasagadesgares.be\/wordpress\/wp-json\/wp\/v2\/categories?post=948"},{"taxonomy":"post_tag","embeddable":true,"href":"https:\/\/www.lasagadesgares.be\/wordpress\/wp-json\/wp\/v2\/tags?post=948"}],"curies":[{"name":"wp","href":"https:\/\/api.w.org\/{rel}","templated":true}]}}