{"id":899,"date":"2025-09-03T09:15:39","date_gmt":"2025-09-03T07:15:39","guid":{"rendered":"https:\/\/www.lasagadesgares.be\/wordpress\/?p=899"},"modified":"2025-11-14T18:09:18","modified_gmt":"2025-11-14T17:09:18","slug":"chaudfontaine","status":"publish","type":"post","link":"https:\/\/www.lasagadesgares.be\/wordpress\/chaudfontaine\/","title":{"rendered":"Chaudfontaine, la gare des peintres"},"content":{"rendered":"\n<p><strong>La gare de Chaudfontaine est situ\u00e9e sur la ligne 37, de Li\u00e8ge \u00e0 la fronti\u00e8re allemande \u00e0 Hergenrath. Ses origines remontent au 1<sup>er<\/sup> juillet 1843, \u00e0 la construction de la ligne.<\/strong><\/p>\n\n\n\n<p>1<sup>er<\/sup> juillet 1843. Une halte est cr\u00e9\u00e9e \u00e0 Chaudfontaine alors que la ligne entre Li\u00e8ge et l\u2019Allemagne est mise en service. La fronti\u00e8re allemande est atteinte le 24 octobre 1843. Le b\u00e2timent principal de Chaudfontaine, implant\u00e9 en contrebas d\u2019un remblai, a \u00e9t\u00e9 construit la m\u00eame ann\u00e9e sur les plans de l\u2019architecte Auguste Payen. Il fut r\u00e9am\u00e9nag\u00e9 en 1850. Il \u00e9tait \u00e9quip\u00e9 d\u2019une verri\u00e8re prot\u00e9geant l\u2019acc\u00e8s au quai. La gare \u00e9tait \u00e9galement \u00e9quip\u00e9e d\u2019un b\u00e2timent pour les toilettes, d\u2019une lampisterie et d\u2019un hangar aux marchandises.<\/p>\n\n\n\n<p>Le b\u00e2timent des recettes comprenait deux \u00e9tages, le premier pour l\u2019appartement du chef de gare et le niveau sup\u00e9rieur pour la salle d\u2019attente, le guichet et un bureau. Tr\u00e8s florissante dans la premi\u00e8re partie du XXe si\u00e8cle, la gare a perdu de son lustre dans la deuxi\u00e8me moiti\u00e9 des ann\u00e9es 1900, avec la diminution progressive du trafic des voyageurs et des marchandises. Le rez-de-chauss\u00e9e perdit son r\u00f4le ferroviaire en 1971 alors que la gare avait d\u00e9j\u00e0 \u00e9t\u00e9 ferm\u00e9e aux marchandises depuis le 2 octobre 1970. Le rez-de-chauss\u00e9e du b\u00e2timent est alors devenu le caf\u00e9-brasserie \u00ab&nbsp;L\u2019Esplanade&nbsp;\u00bb. La gare a \u00e9t\u00e9 ferm\u00e9 aux voyageurs en 1954, ce qui la transforma en un simple point d\u2019arr\u00eat jusqu\u2019au 3 juin 1984, quand les trains ne se sont plus arr\u00eat\u00e9s \u00e0 Chaudfontaine.<\/p>\n\n\n\n<p>Apr\u00e8s plus de trente ans d\u2019inactivit\u00e9 ferroviaire, la gare de Chaudfontaine a repris du service le 5 septembre 2018 pour devenir une halte ferroviaire du R\u00e9seau express r\u00e9gional li\u00e9geois. Elle est ainsi desservie aujourd\u2019hui par les trains Suburbains de la ligne 37 du RER Li\u00e9geois. Les quais ont \u00e9t\u00e9 reconstruits, un nouvel escalier et une rampe pour PMR ont \u00e9t\u00e9 ajout\u00e9s \u00e0 l\u2019ancien escalier du XIXe si\u00e8cle. Le b\u00e2timent principal de la gare et les verri\u00e8res de quai ont \u00e9t\u00e9 class\u00e9s \u00e0 l&rsquo;inventaire des b\u00e2timents et sites en 1985. En 1992, le b\u00e2timent a \u00e9t\u00e9 repris par bail emphyt\u00e9otique par la commune de Chaudfontaine, ce qui a permis de r\u00e9nover les lieux en 1994. Parall\u00e8lement \u00e0 l\u2019espace \u00ab&nbsp;brasserie&nbsp;\u00bb, un espace d\u2019exposition a \u00e9t\u00e9 cr\u00e9\u00e9 par le Syndicat d\u2019Initiative local.<\/p>\n\n\n\n<h4 class=\"wp-block-heading\"><strong>\u00ab&nbsp;Le Voyage l\u00e9gendaire&nbsp;\u00bb<\/strong><\/h4>\n\n\n\n<p>La gare de Chaudfontaine a \u00e9t\u00e9 immortalis\u00e9e en 1974 par le peintre belge Paul Delvaux dans son \u0153uvre \u00ab&nbsp;Le Voyage l\u00e9gendaire&nbsp;\u00bb (Huile sur toiles maroufl\u00e9es sur 5 panneaux d\u2019aluminium, 13,12 m x 4,40 m). Inaugur\u00e9 le 13 d\u00e9cembre 1974, le tableau a \u00e9t\u00e9 install\u00e9 au Casino de Knokke en 1983.<\/p>\n\n\n<div class=\"wp-block-image\">\n<figure data-wp-context=\"{&quot;imageId&quot;:&quot;69ec4ebbb22c7&quot;}\" data-wp-interactive=\"core\/image\" data-wp-key=\"69ec4ebbb22c7\" class=\"aligncenter size-full is-resized wp-lightbox-container\"><img fetchpriority=\"high\" decoding=\"async\" width=\"400\" height=\"260\" data-wp-class--hide=\"state.isContentHidden\" data-wp-class--show=\"state.isContentVisible\" data-wp-init=\"callbacks.setButtonStyles\" data-wp-on--click=\"actions.showLightbox\" data-wp-on--load=\"callbacks.setButtonStyles\" data-wp-on-window--resize=\"callbacks.setButtonStyles\" src=\"https:\/\/www.lasagadesgares.be\/wordpress\/wp-content\/uploads\/2025\/09\/le-voyage-legendaire-1.png\" alt=\"\" class=\"wp-image-904\" style=\"width:431px;height:auto\" srcset=\"https:\/\/www.lasagadesgares.be\/wordpress\/wp-content\/uploads\/2025\/09\/le-voyage-legendaire-1.png 400w, https:\/\/www.lasagadesgares.be\/wordpress\/wp-content\/uploads\/2025\/09\/le-voyage-legendaire-1-300x195.png 300w, https:\/\/www.lasagadesgares.be\/wordpress\/wp-content\/uploads\/2025\/09\/le-voyage-legendaire-1-1x1.png 1w\" sizes=\"(max-width: 400px) 100vw, 400px\" \/><button\n\t\t\tclass=\"lightbox-trigger\"\n\t\t\ttype=\"button\"\n\t\t\taria-haspopup=\"dialog\"\n\t\t\taria-label=\"Agrandir\"\n\t\t\tdata-wp-init=\"callbacks.initTriggerButton\"\n\t\t\tdata-wp-on--click=\"actions.showLightbox\"\n\t\t\tdata-wp-style--right=\"state.imageButtonRight\"\n\t\t\tdata-wp-style--top=\"state.imageButtonTop\"\n\t\t>\n\t\t\t<svg xmlns=\"http:\/\/www.w3.org\/2000\/svg\" width=\"12\" height=\"12\" fill=\"none\" viewBox=\"0 0 12 12\">\n\t\t\t\t<path fill=\"#fff\" d=\"M2 0a2 2 0 0 0-2 2v2h1.5V2a.5.5 0 0 1 .5-.5h2V0H2Zm2 10.5H2a.5.5 0 0 1-.5-.5V8H0v2a2 2 0 0 0 2 2h2v-1.5ZM8 12v-1.5h2a.5.5 0 0 0 .5-.5V8H12v2a2 2 0 0 1-2 2H8Zm2-12a2 2 0 0 1 2 2v2h-1.5V2a.5.5 0 0 0-.5-.5H8V0h2Z\" \/>\n\t\t\t<\/svg>\n\t\t<\/button><\/figure>\n<\/div>\n\n\n<h4 class=\"wp-block-heading\"><strong>La gare de Chaudfontaine comme \u00e0 la Belle \u00e9poque<\/strong><\/h4>\n\n\n\n<p>La Commune de Chaudfontaine accueilli \u00e0 l\u2019\u00e9t\u00e9 2025 une nouvelle fresque murale dans le cadre du \u00ab&nbsp;Festival 5 saisons&nbsp;\u00bb. La gare et les murs du quai ont servi de toile \u00e0 l&rsquo;artiste Mathieu Mary, du Collectif \u00ab&nbsp;7e Gauche&nbsp;\u00bb. Avec une 6e oeuvre murale sur son territoire, Chaudfontaine renforce la pr\u00e9sence de l&rsquo;art au coeur de ses villages. Ici, l&rsquo;oeuvre caract\u00e9rise l&rsquo;histoire de Chaudfontaine et accueille le visiteur pour une visite entre patrimoine, nature et culture. L\u2019\u0153uvre s\u2019inscrit dans une d\u00e9marche de mise en valeur du patrimoine historique et artistique de Chaudfontaine. Implant\u00e9e sur la fa\u00e7ade arri\u00e8re de la gare, elle dialogue avec l\u2019architecture et la verri\u00e8re class\u00e9e du b\u00e2timent.<\/p>\n\n\n<div class=\"wp-block-image\">\n<figure class=\"aligncenter size-full\"><img decoding=\"async\" width=\"400\" height=\"225\" src=\"https:\/\/www.lasagadesgares.be\/wordpress\/wp-content\/uploads\/2025\/09\/fresque-gare-chaudfontaine.png\" alt=\"\" class=\"wp-image-902\" srcset=\"https:\/\/www.lasagadesgares.be\/wordpress\/wp-content\/uploads\/2025\/09\/fresque-gare-chaudfontaine.png 400w, https:\/\/www.lasagadesgares.be\/wordpress\/wp-content\/uploads\/2025\/09\/fresque-gare-chaudfontaine-300x169.png 300w, https:\/\/www.lasagadesgares.be\/wordpress\/wp-content\/uploads\/2025\/09\/fresque-gare-chaudfontaine-1x1.png 1w\" sizes=\"(max-width: 400px) 100vw, 400px\" \/><\/figure>\n<\/div>\n\n\n<p>Inspir\u00e9 par une affiche de Chaudfontaine \u00e0 la Belle \u00c9poque, Mathieu Mary a r\u00e9interpr\u00e9t\u00e9, avec un regard contemporain, l\u2019imaginaire du thermalisme et du tourisme de vill\u00e9giature qui ont marqu\u00e9 l\u2019histoire de la commune. Bains, nature, promenades, \u00e9l\u00e9gance et douceur de vivre sont \u00e9voqu\u00e9s dans une composition onirique et graphique.<\/p>\n\n\n\n<ul class=\"wp-block-list\">\n<li>\u00ab&nbsp;7\u00e8me Gauche&nbsp;\u00bb est un collectif artistique qui d\u00e9veloppe une d\u00e9marche singuli\u00e8re de cr\u00e9ation de fresques murales m\u00ealant image, narration et m\u00e9moire des lieux. \u00c0 la fronti\u00e8re entre art visuel et design graphique, ses fresques racontent des histoires, tout en s\u2019int\u00e9grant pleinement \u00e0 l\u2019architecture qui les accueille.<\/li>\n<\/ul>\n\n\n\n<p><em>(Photos commune de Chaudfontaine et Gares belges d\u2019Autrefois)<\/em><\/p>\n\n\n\n<div class=\"wp-block-group\"><div class=\"wp-block-group__inner-container is-layout-constrained wp-block-group-is-layout-constrained\">\n<p><a href=\"https:\/\/www.chaudfontaine.be\/\">D\u00e9couvrir Chaudfontaine<\/a><\/p>\n\n\n\n<p><a href=\"https:\/\/visitchaudfontaine.be\/\">Visit Chaudfontaine<\/a><\/p>\n\n\n\n<p><a href=\"https:\/\/www.chaudfontaine.be\/ma-commune\/administration\/services-communaux\/tourisme-thermalisme\/\">Tourisme et thermalisme \u00e0 Chaudfontaine<\/a><\/p>\n<\/div><\/div>\n\n\n\n<figure class=\"wp-block-gallery has-nested-images columns-default is-cropped wp-block-gallery-1 is-layout-flex wp-block-gallery-is-layout-flex\">\n<figure class=\"wp-block-image size-large\"><img decoding=\"async\" width=\"400\" height=\"225\" data-id=\"3138\" src=\"https:\/\/www.lasagadesgares.be\/wordpress\/wp-content\/uploads\/2025\/09\/DJI_0119.jpg\" alt=\"\" class=\"wp-image-3138\" srcset=\"https:\/\/www.lasagadesgares.be\/wordpress\/wp-content\/uploads\/2025\/09\/DJI_0119.jpg 400w, https:\/\/www.lasagadesgares.be\/wordpress\/wp-content\/uploads\/2025\/09\/DJI_0119-300x169.jpg 300w, https:\/\/www.lasagadesgares.be\/wordpress\/wp-content\/uploads\/2025\/09\/DJI_0119-1x1.jpg 1w\" sizes=\"(max-width: 400px) 100vw, 400px\" \/><\/figure>\n\n\n\n<figure class=\"wp-block-image size-large\"><img loading=\"lazy\" decoding=\"async\" width=\"400\" height=\"267\" data-id=\"3141\" src=\"https:\/\/www.lasagadesgares.be\/wordpress\/wp-content\/uploads\/2025\/09\/EsplanadeeteBCOENEN.jpg\" alt=\"\" class=\"wp-image-3141\" srcset=\"https:\/\/www.lasagadesgares.be\/wordpress\/wp-content\/uploads\/2025\/09\/EsplanadeeteBCOENEN.jpg 400w, https:\/\/www.lasagadesgares.be\/wordpress\/wp-content\/uploads\/2025\/09\/EsplanadeeteBCOENEN-300x200.jpg 300w, https:\/\/www.lasagadesgares.be\/wordpress\/wp-content\/uploads\/2025\/09\/EsplanadeeteBCOENEN-1x1.jpg 1w\" sizes=\"(max-width: 400px) 100vw, 400px\" \/><\/figure>\n\n\n\n<figure class=\"wp-block-image size-large\"><img loading=\"lazy\" decoding=\"async\" width=\"400\" height=\"300\" data-id=\"3140\" src=\"https:\/\/www.lasagadesgares.be\/wordpress\/wp-content\/uploads\/2025\/09\/IMG_6703.jpeg\" alt=\"\" class=\"wp-image-3140\" srcset=\"https:\/\/www.lasagadesgares.be\/wordpress\/wp-content\/uploads\/2025\/09\/IMG_6703.jpeg 400w, https:\/\/www.lasagadesgares.be\/wordpress\/wp-content\/uploads\/2025\/09\/IMG_6703-300x225.jpeg 300w, https:\/\/www.lasagadesgares.be\/wordpress\/wp-content\/uploads\/2025\/09\/IMG_6703-1x1.jpeg 1w\" sizes=\"(max-width: 400px) 100vw, 400px\" \/><\/figure>\n\n\n\n<figure class=\"wp-block-image size-large\"><img loading=\"lazy\" decoding=\"async\" width=\"400\" height=\"300\" data-id=\"3139\" src=\"https:\/\/www.lasagadesgares.be\/wordpress\/wp-content\/uploads\/2025\/09\/IMG_6699.jpeg\" alt=\"\" class=\"wp-image-3139\" srcset=\"https:\/\/www.lasagadesgares.be\/wordpress\/wp-content\/uploads\/2025\/09\/IMG_6699.jpeg 400w, https:\/\/www.lasagadesgares.be\/wordpress\/wp-content\/uploads\/2025\/09\/IMG_6699-300x225.jpeg 300w, https:\/\/www.lasagadesgares.be\/wordpress\/wp-content\/uploads\/2025\/09\/IMG_6699-1x1.jpeg 1w\" sizes=\"(max-width: 400px) 100vw, 400px\" \/><figcaption class=\"wp-element-caption\">Inauguration de la fresque<\/figcaption><\/figure>\n\n\n\n<figure class=\"wp-block-image size-large\"><img loading=\"lazy\" decoding=\"async\" width=\"400\" height=\"258\" data-id=\"906\" src=\"https:\/\/www.lasagadesgares.be\/wordpress\/wp-content\/uploads\/2025\/09\/chaudfontaine_006.jpg\" alt=\"\" class=\"wp-image-906\" srcset=\"https:\/\/www.lasagadesgares.be\/wordpress\/wp-content\/uploads\/2025\/09\/chaudfontaine_006.jpg 400w, https:\/\/www.lasagadesgares.be\/wordpress\/wp-content\/uploads\/2025\/09\/chaudfontaine_006-300x194.jpg 300w, https:\/\/www.lasagadesgares.be\/wordpress\/wp-content\/uploads\/2025\/09\/chaudfontaine_006-1x1.jpg 1w\" sizes=\"(max-width: 400px) 100vw, 400px\" \/><figcaption class=\"wp-element-caption\">Le pont et la station, jadis<\/figcaption><\/figure>\n\n\n\n<figure class=\"wp-block-image size-large\"><img loading=\"lazy\" decoding=\"async\" width=\"400\" height=\"267\" data-id=\"3145\" src=\"https:\/\/www.lasagadesgares.be\/wordpress\/wp-content\/uploads\/2025\/09\/chaudfontaine_002-1.jpg\" alt=\"\" class=\"wp-image-3145\" srcset=\"https:\/\/www.lasagadesgares.be\/wordpress\/wp-content\/uploads\/2025\/09\/chaudfontaine_002-1.jpg 400w, https:\/\/www.lasagadesgares.be\/wordpress\/wp-content\/uploads\/2025\/09\/chaudfontaine_002-1-300x200.jpg 300w, https:\/\/www.lasagadesgares.be\/wordpress\/wp-content\/uploads\/2025\/09\/chaudfontaine_002-1-1x1.jpg 1w\" sizes=\"(max-width: 400px) 100vw, 400px\" \/><figcaption class=\"wp-element-caption\">L&rsquo;Esplanade et la gare, aujourd&rsquo;hui<\/figcaption><\/figure>\n<\/figure>\n","protected":false},"excerpt":{"rendered":"<p>La gare de Chaudfontaine est situ\u00e9e sur la ligne 37, de Li\u00e8ge \u00e0 la fronti\u00e8re allemande \u00e0 Hergenrath. Ses origines remontent au 1er juillet 1843, \u00e0 la construction de la ligne. 1er juillet 1843. Une halte est cr\u00e9\u00e9e \u00e0 Chaudfontaine alors que la ligne entre Li\u00e8ge et l\u2019Allemagne est mise en service. La fronti\u00e8re allemande [&hellip;]<\/p>\n","protected":false},"author":1,"featured_media":900,"comment_status":"closed","ping_status":"open","sticky":false,"template":"","format":"standard","meta":{"footnotes":""},"categories":[40],"tags":[],"class_list":["post-899","post","type-post","status-publish","format-standard","has-post-thumbnail","hentry","category-ligne-037"],"_links":{"self":[{"href":"https:\/\/www.lasagadesgares.be\/wordpress\/wp-json\/wp\/v2\/posts\/899","targetHints":{"allow":["GET"]}}],"collection":[{"href":"https:\/\/www.lasagadesgares.be\/wordpress\/wp-json\/wp\/v2\/posts"}],"about":[{"href":"https:\/\/www.lasagadesgares.be\/wordpress\/wp-json\/wp\/v2\/types\/post"}],"author":[{"embeddable":true,"href":"https:\/\/www.lasagadesgares.be\/wordpress\/wp-json\/wp\/v2\/users\/1"}],"replies":[{"embeddable":true,"href":"https:\/\/www.lasagadesgares.be\/wordpress\/wp-json\/wp\/v2\/comments?post=899"}],"version-history":[{"count":5,"href":"https:\/\/www.lasagadesgares.be\/wordpress\/wp-json\/wp\/v2\/posts\/899\/revisions"}],"predecessor-version":[{"id":3147,"href":"https:\/\/www.lasagadesgares.be\/wordpress\/wp-json\/wp\/v2\/posts\/899\/revisions\/3147"}],"wp:featuredmedia":[{"embeddable":true,"href":"https:\/\/www.lasagadesgares.be\/wordpress\/wp-json\/wp\/v2\/media\/900"}],"wp:attachment":[{"href":"https:\/\/www.lasagadesgares.be\/wordpress\/wp-json\/wp\/v2\/media?parent=899"}],"wp:term":[{"taxonomy":"category","embeddable":true,"href":"https:\/\/www.lasagadesgares.be\/wordpress\/wp-json\/wp\/v2\/categories?post=899"},{"taxonomy":"post_tag","embeddable":true,"href":"https:\/\/www.lasagadesgares.be\/wordpress\/wp-json\/wp\/v2\/tags?post=899"}],"curies":[{"name":"wp","href":"https:\/\/api.w.org\/{rel}","templated":true}]}}