{"id":843,"date":"2025-08-29T17:29:00","date_gmt":"2025-08-29T15:29:00","guid":{"rendered":"https:\/\/www.lasagadesgares.be\/wordpress\/?p=843"},"modified":"2025-11-11T22:45:51","modified_gmt":"2025-11-11T21:45:51","slug":"havre-et-ville-sur-haine","status":"publish","type":"post","link":"https:\/\/www.lasagadesgares.be\/wordpress\/havre-et-ville-sur-haine\/","title":{"rendered":"Havr\u00e9 et Ville-sur-Haine"},"content":{"rendered":"\n<p>La gare d\u2019Havr\u00e9 est situ\u00e9e \u00e0 la limite des communes d\u2019Havr\u00e9 et de Ville-sur-Haine, raison pour laquelle elle a longtemps \u00e9t\u00e9 d\u00e9nomm\u00e9e Havr\u00e9-Ville. Elle a \u00e9t\u00e9 mise en service le 20 octobre 1849 quand fut ouverte la ligne 118 entre Mons et la bifurcation de La Paix.<br>La gare d\u2019Havr\u00e9 disposait d\u2019un grand b\u00e2timent des recettes avec \u00e9tage. Une marquise prot\u00e9geait le quai 1. Pour les marchandises : un vaste hangar et une cour avec rampe de chargement ainsi qu\u2019un faisceau de 4 voies. Plusieurs raccordements partaient vers les charbonnages de Ville-sur-Haine et de Beaulieu ainsi que vers l\u2019usine UCB (Solvay). Une verrerie et une centrale \u00e9lectrique engendraient \u00e9galement un trafic important.<br>La signalisation \u00e9tait command\u00e9e par le B17 (superbe construction \u00e0 \u00e9tage, en bois) c\u00f4t\u00e9 La Louvi\u00e8re et le B18, c\u00f4t\u00e9 Mons.<br>En 1974, un nouveau b\u00e2timent moderne a remplac\u00e9 la gare d\u2019origine. Il a abrit\u00e9 de 1979 \u00e0 1991 le B17 \u00ab Tout relais \u00bb.<br>Les entreprises locales ont ferm\u00e9s les unes apr\u00e8s les autres. Le dernier raccordement (UCB) a \u00e9t\u00e9 supprim\u00e9 en 1984.<br>Le personnel a \u00e9t\u00e9 supprim\u00e9 en 1991 et les aiguillages d\u00e9mont\u00e9s. Devenu point d\u2019arr\u00eat non gard\u00e9, le b\u00e2timent n\u2019aura finalement servi que 17 ans.<br>Aujourd\u2019hui, sans affectation, il se d\u00e9grade progressivement.<br><\/p>\n\n\n\n<p><strong><a href=\"https:\/\/www.lasagadesgares.be\/wordpress\/gare-havre\/\">LIRE PLUS. L&rsquo;histoire en long et en large<\/a><\/strong><\/p>\n\n\n\n<p><a href=\"https:\/\/chateaudhavre.be\/\">Visitez le Ch\u00e2teau d&rsquo;Havr\u00e9<\/a><\/p>\n\n\n\n<p><a href=\"https:\/\/www.mons.be\/fr\/ma-commune\/villages-de-mons\/havre\">Havr\u00e9, dans l&rsquo;entit\u00e9 de Mons<\/a><\/p>\n\n\n\n<p><a href=\"https:\/\/visitmons.be\/fr\/sites-et-musees\/le-bois-dhavre-863864\">Le Bois d&rsquo;Havr\u00e9<\/a><br><\/p>\n","protected":false},"excerpt":{"rendered":"<p>La gare d\u2019Havr\u00e9 est situ\u00e9e \u00e0 la limite des communes d\u2019Havr\u00e9 et de Ville-sur-Haine, raison pour laquelle elle a longtemps \u00e9t\u00e9 d\u00e9nomm\u00e9e Havr\u00e9-Ville. Elle a \u00e9t\u00e9 mise en service le 20 octobre 1849 quand fut ouverte la ligne 118 entre Mons et la bifurcation de La Paix.La gare d\u2019Havr\u00e9 disposait d\u2019un grand b\u00e2timent des recettes [&hellip;]<\/p>\n","protected":false},"author":1,"featured_media":847,"comment_status":"closed","ping_status":"open","sticky":false,"template":"","format":"standard","meta":{"footnotes":""},"categories":[6],"tags":[],"class_list":["post-843","post","type-post","status-publish","format-standard","has-post-thumbnail","hentry","category-ligne-118"],"_links":{"self":[{"href":"https:\/\/www.lasagadesgares.be\/wordpress\/wp-json\/wp\/v2\/posts\/843","targetHints":{"allow":["GET"]}}],"collection":[{"href":"https:\/\/www.lasagadesgares.be\/wordpress\/wp-json\/wp\/v2\/posts"}],"about":[{"href":"https:\/\/www.lasagadesgares.be\/wordpress\/wp-json\/wp\/v2\/types\/post"}],"author":[{"embeddable":true,"href":"https:\/\/www.lasagadesgares.be\/wordpress\/wp-json\/wp\/v2\/users\/1"}],"replies":[{"embeddable":true,"href":"https:\/\/www.lasagadesgares.be\/wordpress\/wp-json\/wp\/v2\/comments?post=843"}],"version-history":[{"count":2,"href":"https:\/\/www.lasagadesgares.be\/wordpress\/wp-json\/wp\/v2\/posts\/843\/revisions"}],"predecessor-version":[{"id":855,"href":"https:\/\/www.lasagadesgares.be\/wordpress\/wp-json\/wp\/v2\/posts\/843\/revisions\/855"}],"wp:featuredmedia":[{"embeddable":true,"href":"https:\/\/www.lasagadesgares.be\/wordpress\/wp-json\/wp\/v2\/media\/847"}],"wp:attachment":[{"href":"https:\/\/www.lasagadesgares.be\/wordpress\/wp-json\/wp\/v2\/media?parent=843"}],"wp:term":[{"taxonomy":"category","embeddable":true,"href":"https:\/\/www.lasagadesgares.be\/wordpress\/wp-json\/wp\/v2\/categories?post=843"},{"taxonomy":"post_tag","embeddable":true,"href":"https:\/\/www.lasagadesgares.be\/wordpress\/wp-json\/wp\/v2\/tags?post=843"}],"curies":[{"name":"wp","href":"https:\/\/api.w.org\/{rel}","templated":true}]}}