{"id":8013,"date":"2026-02-23T11:35:47","date_gmt":"2026-02-23T10:35:47","guid":{"rendered":"https:\/\/www.lasagadesgares.be\/wordpress\/?p=8013"},"modified":"2026-04-06T11:28:06","modified_gmt":"2026-04-06T09:28:06","slug":"webbekom","status":"publish","type":"post","link":"https:\/\/www.lasagadesgares.be\/wordpress\/webbekom\/","title":{"rendered":"Le point d&rsquo;arr\u00eat de Webbekom"},"content":{"rendered":"\n<p>Le point d&rsquo;arr\u00eat \u00ab Webbecom \u00bb, village de l&rsquo;entit\u00e9 de Diest, a \u00e9t\u00e9 inaugur\u00e9 le 1er ao\u00fbt 1904 sur la ligne 22. Il ne disposait que d\u2019un seul quai court; un nombre limit\u00e9 de trains s\u2019y arr\u00eatait.<br>Le point d&rsquo;arr\u00eat a \u00e9t\u00e9 ferm\u00e9 au d\u00e9but de la Premi\u00e8re Guerre mondiale; il a rouvert bri\u00e8vement en 1919 avant d&rsquo;\u00eatre d\u00e9finitivement ferm\u00e9e en 1921.<\/p>\n\n\n\n<figure class=\"wp-block-table is-style-regular\"><table class=\"has-fixed-layout\"><tbody><tr><td>Sites \u00e0 consulter<\/td><td><a href=\"https:\/\/nl.wikipedia.org\/wiki\/Station_Webbekom\">Wikipedia NL<\/a><\/td><\/tr><tr><td><\/td><td><a href=\"https:\/\/spoorweggeschiedenis.quartam.on-rev.com\/sthpa.lc?type=dat&amp;id=2053\">Spoorweggeschidenis JP Schenkel<\/a><\/td><\/tr><\/tbody><\/table><\/figure>\n\n\n\n<p><\/p>\n","protected":false},"excerpt":{"rendered":"<p>Le point d&rsquo;arr\u00eat \u00ab Webbecom \u00bb, village de l&rsquo;entit\u00e9 de Diest, a \u00e9t\u00e9 inaugur\u00e9 le 1er ao\u00fbt 1904 sur la ligne 22. Il ne disposait que d\u2019un seul quai court; un nombre limit\u00e9 de trains s\u2019y arr\u00eatait.Le point d&rsquo;arr\u00eat a \u00e9t\u00e9 ferm\u00e9 au d\u00e9but de la Premi\u00e8re Guerre mondiale; il a rouvert bri\u00e8vement en 1919 [&hellip;]<\/p>\n","protected":false},"author":5,"featured_media":0,"comment_status":"closed","ping_status":"open","sticky":false,"template":"","format":"standard","meta":{"footnotes":""},"categories":[134],"tags":[],"class_list":["post-8013","post","type-post","status-publish","format-standard","hentry","category-ligne-022"],"_links":{"self":[{"href":"https:\/\/www.lasagadesgares.be\/wordpress\/wp-json\/wp\/v2\/posts\/8013","targetHints":{"allow":["GET"]}}],"collection":[{"href":"https:\/\/www.lasagadesgares.be\/wordpress\/wp-json\/wp\/v2\/posts"}],"about":[{"href":"https:\/\/www.lasagadesgares.be\/wordpress\/wp-json\/wp\/v2\/types\/post"}],"author":[{"embeddable":true,"href":"https:\/\/www.lasagadesgares.be\/wordpress\/wp-json\/wp\/v2\/users\/5"}],"replies":[{"embeddable":true,"href":"https:\/\/www.lasagadesgares.be\/wordpress\/wp-json\/wp\/v2\/comments?post=8013"}],"version-history":[{"count":2,"href":"https:\/\/www.lasagadesgares.be\/wordpress\/wp-json\/wp\/v2\/posts\/8013\/revisions"}],"predecessor-version":[{"id":8895,"href":"https:\/\/www.lasagadesgares.be\/wordpress\/wp-json\/wp\/v2\/posts\/8013\/revisions\/8895"}],"wp:attachment":[{"href":"https:\/\/www.lasagadesgares.be\/wordpress\/wp-json\/wp\/v2\/media?parent=8013"}],"wp:term":[{"taxonomy":"category","embeddable":true,"href":"https:\/\/www.lasagadesgares.be\/wordpress\/wp-json\/wp\/v2\/categories?post=8013"},{"taxonomy":"post_tag","embeddable":true,"href":"https:\/\/www.lasagadesgares.be\/wordpress\/wp-json\/wp\/v2\/tags?post=8013"}],"curies":[{"name":"wp","href":"https:\/\/api.w.org\/{rel}","templated":true}]}}