{"id":8011,"date":"2026-02-23T11:33:09","date_gmt":"2026-02-23T10:33:09","guid":{"rendered":"https:\/\/www.lasagadesgares.be\/wordpress\/?p=8011"},"modified":"2026-04-06T11:25:42","modified_gmt":"2026-04-06T09:25:42","slug":"zelk","status":"publish","type":"post","link":"https:\/\/www.lasagadesgares.be\/wordpress\/zelk\/","title":{"rendered":"Le point d&rsquo;arr\u00eat de Zelk"},"content":{"rendered":"\n<p>Le point d&rsquo;arr\u00eat de \u00ab Zelck \u00bb, hameau de l&rsquo;entit\u00e9 limbourgeoise de Halen, a \u00e9t\u00e9 ouvert sur la ligne 22 le 1er octobre 1895 \u00e0 titre exp\u00e9rimental. Il a \u00e9t\u00e9 ferm\u00e9 en 1919 apr\u00e8s la premi\u00e8re guerre mondiale avant de rouvrir pour une courte p\u00e9riode en 1922. Il a, en effet, d\u00e9finitivement ferm\u00e9 ses portes peu de temps apr\u00e8s.<\/p>\n\n\n\n<figure class=\"wp-block-table is-style-regular\"><table class=\"has-fixed-layout\"><tbody><tr><td>Sites \u00e0 consulter<\/td><td><a href=\"https:\/\/nl.wikipedia.org\/wiki\/Station_Zelk\">Wikipedia NL<\/a><\/td><\/tr><tr><td><\/td><td><a href=\"https:\/\/spoorweggeschiedenis.quartam.on-rev.com\/sthpa.lc?type=dat&amp;id=2137\">Spoorweggeschidenis JP Schenkel<\/a><\/td><\/tr><\/tbody><\/table><\/figure>\n\n\n\n<p><\/p>\n","protected":false},"excerpt":{"rendered":"<p>Le point d&rsquo;arr\u00eat de \u00ab Zelck \u00bb, hameau de l&rsquo;entit\u00e9 limbourgeoise de Halen, a \u00e9t\u00e9 ouvert sur la ligne 22 le 1er octobre 1895 \u00e0 titre exp\u00e9rimental. Il a \u00e9t\u00e9 ferm\u00e9 en 1919 apr\u00e8s la premi\u00e8re guerre mondiale avant de rouvrir pour une courte p\u00e9riode en 1922. Il a, en effet, d\u00e9finitivement ferm\u00e9 ses portes [&hellip;]<\/p>\n","protected":false},"author":5,"featured_media":0,"comment_status":"closed","ping_status":"open","sticky":false,"template":"","format":"standard","meta":{"footnotes":""},"categories":[134],"tags":[],"class_list":["post-8011","post","type-post","status-publish","format-standard","hentry","category-ligne-022"],"_links":{"self":[{"href":"https:\/\/www.lasagadesgares.be\/wordpress\/wp-json\/wp\/v2\/posts\/8011","targetHints":{"allow":["GET"]}}],"collection":[{"href":"https:\/\/www.lasagadesgares.be\/wordpress\/wp-json\/wp\/v2\/posts"}],"about":[{"href":"https:\/\/www.lasagadesgares.be\/wordpress\/wp-json\/wp\/v2\/types\/post"}],"author":[{"embeddable":true,"href":"https:\/\/www.lasagadesgares.be\/wordpress\/wp-json\/wp\/v2\/users\/5"}],"replies":[{"embeddable":true,"href":"https:\/\/www.lasagadesgares.be\/wordpress\/wp-json\/wp\/v2\/comments?post=8011"}],"version-history":[{"count":3,"href":"https:\/\/www.lasagadesgares.be\/wordpress\/wp-json\/wp\/v2\/posts\/8011\/revisions"}],"predecessor-version":[{"id":8898,"href":"https:\/\/www.lasagadesgares.be\/wordpress\/wp-json\/wp\/v2\/posts\/8011\/revisions\/8898"}],"wp:attachment":[{"href":"https:\/\/www.lasagadesgares.be\/wordpress\/wp-json\/wp\/v2\/media?parent=8011"}],"wp:term":[{"taxonomy":"category","embeddable":true,"href":"https:\/\/www.lasagadesgares.be\/wordpress\/wp-json\/wp\/v2\/categories?post=8011"},{"taxonomy":"post_tag","embeddable":true,"href":"https:\/\/www.lasagadesgares.be\/wordpress\/wp-json\/wp\/v2\/tags?post=8011"}],"curies":[{"name":"wp","href":"https:\/\/api.w.org\/{rel}","templated":true}]}}