{"id":7627,"date":"2026-02-14T12:53:16","date_gmt":"2026-02-14T11:53:16","guid":{"rendered":"https:\/\/www.lasagadesgares.be\/wordpress\/?p=7627"},"modified":"2026-04-05T07:05:12","modified_gmt":"2026-04-05T05:05:12","slug":"deurne","status":"publish","type":"post","link":"https:\/\/www.lasagadesgares.be\/wordpress\/deurne\/","title":{"rendered":"La gare de Deurne-Bij-Diest"},"content":{"rendered":"\n<p>La gare \u00ab\u00a0Deurne-lez-Diest\u00a0\u00bb (\u00e0 ne pas confondre avec Deurne, pr\u00e8s d\u2019Anvers) a \u00e9t\u00e9 inaugur\u00e9e le 27 mai 1878, en m\u00eame temps que la ligne la ligne 17, entre Diest et Beringen-Mijnen. Le b\u00e2timent principal de la gare fut construit en 1886, un b\u00e2timent typique de style \u00ab\u00a0Etat Belge\u00a0\u00bb, compos\u00e9 d\u2019une partie centrale \u00e0 trois fen\u00eatres et d\u2019un \u00e9tage, ainsi que d\u2019une aile lat\u00e9rale abritant la salle d\u2019attente. La gare \u00e9tait \u00e9galement \u00e9quip\u00e9e d\u2019un petit entrep\u00f4t. La gare disposait d\u2019une voie de croisement sur la ligne 17 \u00e0 voie unique.<\/p>\n\n\n\n<p>En 1896, le nom de la gare devint bilingue \u00ab&nbsp;Deure-Lez Diest\/Deurne bij Diest&nbsp;\u00bb. \u00c0 cette \u00e9poque, une petite aire de man\u0153uvre avec une voie en cul-de-sac fut am\u00e9nag\u00e9e du c\u00f4t\u00e9 de Tessenderlo. Le trafic des voyageurs a \u00e9t\u00e9 supprim\u00e9 le 29 septembre 1957. Quelques ann\u00e9es plus tard, c\u2019\u00e9tait au tour de la voie de croisement. Le b\u00e2timent principal de la gare a \u00e9t\u00e9 conserv\u00e9 et est au jourd\u2019hui un r\u00e9sidence priv\u00e9e. La ligne 17 reste exploit\u00e9e comme raccordement industriel avec une vitesse maximale de 40 km\/h.<\/p>\n\n\n\n<figure class=\"wp-block-table is-style-regular\"><table class=\"has-fixed-layout\"><tbody><tr><td>Sites \u00e0 consulter<\/td><td><a href=\"https:\/\/www.garesbelges.be\/deurne.htm\">Gares belges d&rsquo;autrefois<\/a><\/td><\/tr><tr><td><\/td><td><a href=\"https:\/\/nl.wikipedia.org\/wiki\/Station_Deurne_(Belgi%C3%AB)\">Wikipedia NL<\/a><\/td><\/tr><\/tbody><\/table><\/figure>\n\n\n\n<p><\/p>\n","protected":false},"excerpt":{"rendered":"<p>La gare \u00ab\u00a0Deurne-lez-Diest\u00a0\u00bb (\u00e0 ne pas confondre avec Deurne, pr\u00e8s d\u2019Anvers) a \u00e9t\u00e9 inaugur\u00e9e le 27 mai 1878, en m\u00eame temps que la ligne la ligne 17, entre Diest et Beringen-Mijnen. Le b\u00e2timent principal de la gare fut construit en 1886, un b\u00e2timent typique de style \u00ab\u00a0Etat Belge\u00a0\u00bb, compos\u00e9 d\u2019une partie centrale \u00e0 trois fen\u00eatres [&hellip;]<\/p>\n","protected":false},"author":5,"featured_media":7628,"comment_status":"closed","ping_status":"open","sticky":false,"template":"","format":"standard","meta":{"footnotes":""},"categories":[223],"tags":[],"class_list":["post-7627","post","type-post","status-publish","format-standard","has-post-thumbnail","hentry","category-ligne-017"],"_links":{"self":[{"href":"https:\/\/www.lasagadesgares.be\/wordpress\/wp-json\/wp\/v2\/posts\/7627","targetHints":{"allow":["GET"]}}],"collection":[{"href":"https:\/\/www.lasagadesgares.be\/wordpress\/wp-json\/wp\/v2\/posts"}],"about":[{"href":"https:\/\/www.lasagadesgares.be\/wordpress\/wp-json\/wp\/v2\/types\/post"}],"author":[{"embeddable":true,"href":"https:\/\/www.lasagadesgares.be\/wordpress\/wp-json\/wp\/v2\/users\/5"}],"replies":[{"embeddable":true,"href":"https:\/\/www.lasagadesgares.be\/wordpress\/wp-json\/wp\/v2\/comments?post=7627"}],"version-history":[{"count":3,"href":"https:\/\/www.lasagadesgares.be\/wordpress\/wp-json\/wp\/v2\/posts\/7627\/revisions"}],"predecessor-version":[{"id":8767,"href":"https:\/\/www.lasagadesgares.be\/wordpress\/wp-json\/wp\/v2\/posts\/7627\/revisions\/8767"}],"wp:featuredmedia":[{"embeddable":true,"href":"https:\/\/www.lasagadesgares.be\/wordpress\/wp-json\/wp\/v2\/media\/7628"}],"wp:attachment":[{"href":"https:\/\/www.lasagadesgares.be\/wordpress\/wp-json\/wp\/v2\/media?parent=7627"}],"wp:term":[{"taxonomy":"category","embeddable":true,"href":"https:\/\/www.lasagadesgares.be\/wordpress\/wp-json\/wp\/v2\/categories?post=7627"},{"taxonomy":"post_tag","embeddable":true,"href":"https:\/\/www.lasagadesgares.be\/wordpress\/wp-json\/wp\/v2\/tags?post=7627"}],"curies":[{"name":"wp","href":"https:\/\/api.w.org\/{rel}","templated":true}]}}