{"id":7624,"date":"2026-02-14T12:46:17","date_gmt":"2026-02-14T11:46:17","guid":{"rendered":"https:\/\/www.lasagadesgares.be\/wordpress\/?p=7624"},"modified":"2026-04-05T07:19:43","modified_gmt":"2026-04-05T05:19:43","slug":"schaffen","status":"publish","type":"post","link":"https:\/\/www.lasagadesgares.be\/wordpress\/schaffen\/","title":{"rendered":"La gare de Schaffen"},"content":{"rendered":"\n<p>Le point d\u2019arr\u00eat de Schaffen a \u00e9t\u00e9 ouvert \u00e0 titre exp\u00e9rimental que le 19 octobre 1891. En raison de l\u2019augmentation de la population, due notamment \u00e0 la pr\u00e9sence d\u2019une caserne militaire et d\u2019un terrain d\u2019exercice, un b\u00e2timent de gare en briques fut construit et ouvrit ses portes le 13 avril 1894. Le point d\u2019arr\u00eat \u00e9tait alors devenu une gare.<\/p>\n\n\n\n<p>Le b\u00e2timent principal \u00e9tait relativement grand, construit sur les plans-types de l\u2019\u00c9tat belge. Il comportait une partie centrale \u00e0 trois fen\u00eatres et \u00e0 un \u00e9tage; les fen\u00eatres du rez-de-chauss\u00e9e \u00e9taient en arc-de-cercle. Deux ailes lat\u00e9rales asym\u00e9triques compl\u00e9taient le b\u00e2timent. La plus longue prot\u00e9g\u00e9e par un auvent et avec trois portes et fen\u00eatres, abritait la salle d\u2019attente et les guichets. L\u2019autre aile lat\u00e9rale abritait les locaux de service. Il y avait en outre un petit d\u00e9p\u00f4t de carburant ainsi qu&rsquo;un petit b\u00e2timent des toilettes. La petite gare pr\u00e9sentait par ailleurs une voie de croisement et, peu apr\u00e8s le tournant du XXe si\u00e8cle, une petite zone de d\u00e9chargement fut am\u00e9nag\u00e9e.<\/p>\n\n\n\n<p>Le service des voyageurs fut supprim\u00e9 le 29 septembre 1957. La voie de garage fut supprim\u00e9e peu de temps apr\u00e8s et le b\u00e2timent de la gare fut \u00e9galement d\u00e9moli \u00e0 cette \u00e9poque.<\/p>\n\n\n\n<figure class=\"wp-block-gallery has-nested-images columns-default is-cropped wp-block-gallery-1 is-layout-flex wp-block-gallery-is-layout-flex\">\n<figure class=\"wp-block-image size-large\"><img fetchpriority=\"high\" decoding=\"async\" width=\"400\" height=\"266\" data-id=\"8769\" src=\"https:\/\/www.lasagadesgares.be\/wordpress\/wp-content\/uploads\/2026\/02\/schaffen_001.jpg\" alt=\"\" class=\"wp-image-8769\" srcset=\"https:\/\/www.lasagadesgares.be\/wordpress\/wp-content\/uploads\/2026\/02\/schaffen_001.jpg 400w, https:\/\/www.lasagadesgares.be\/wordpress\/wp-content\/uploads\/2026\/02\/schaffen_001-300x200.jpg 300w, https:\/\/www.lasagadesgares.be\/wordpress\/wp-content\/uploads\/2026\/02\/schaffen_001-1x1.jpg 1w\" sizes=\"(max-width: 400px) 100vw, 400px\" \/><\/figure>\n\n\n\n<figure class=\"wp-block-image size-large\"><img decoding=\"async\" width=\"400\" height=\"256\" data-id=\"7625\" src=\"https:\/\/www.lasagadesgares.be\/wordpress\/wp-content\/uploads\/2026\/02\/schaffen.jpg\" alt=\"\" class=\"wp-image-7625\" srcset=\"https:\/\/www.lasagadesgares.be\/wordpress\/wp-content\/uploads\/2026\/02\/schaffen.jpg 400w, https:\/\/www.lasagadesgares.be\/wordpress\/wp-content\/uploads\/2026\/02\/schaffen-300x192.jpg 300w, https:\/\/www.lasagadesgares.be\/wordpress\/wp-content\/uploads\/2026\/02\/schaffen-1x1.jpg 1w\" sizes=\"(max-width: 400px) 100vw, 400px\" \/><\/figure>\n<\/figure>\n\n\n\n<figure class=\"wp-block-table is-style-regular\"><table class=\"has-fixed-layout\"><tbody><tr><td>Sites \u00e0 consulter<\/td><td><a href=\"https:\/\/www.garesbelges.be\/schaffen.htm\">Gares belges d&rsquo;autrefois<\/a><\/td><\/tr><tr><td><\/td><td><a href=\"http:\/\/www.railstation.be\/gare-de-schaffen\/\">RailStation<\/a><\/td><\/tr><tr><td><\/td><td><a href=\"https:\/\/nl.wikipedia.org\/wiki\/Station_Schaffen\">Wikipedia NL<\/a><\/td><\/tr><\/tbody><\/table><\/figure>\n\n\n\n<p><\/p>\n","protected":false},"excerpt":{"rendered":"<p>Le point d\u2019arr\u00eat de Schaffen a \u00e9t\u00e9 ouvert \u00e0 titre exp\u00e9rimental que le 19 octobre 1891. En raison de l\u2019augmentation de la population, due notamment \u00e0 la pr\u00e9sence d\u2019une caserne militaire et d\u2019un terrain d\u2019exercice, un b\u00e2timent de gare en briques fut construit et ouvrit ses portes le 13 avril 1894. Le point d\u2019arr\u00eat \u00e9tait [&hellip;]<\/p>\n","protected":false},"author":5,"featured_media":7625,"comment_status":"closed","ping_status":"open","sticky":false,"template":"","format":"standard","meta":{"footnotes":""},"categories":[223],"tags":[],"class_list":["post-7624","post","type-post","status-publish","format-standard","has-post-thumbnail","hentry","category-ligne-017"],"_links":{"self":[{"href":"https:\/\/www.lasagadesgares.be\/wordpress\/wp-json\/wp\/v2\/posts\/7624","targetHints":{"allow":["GET"]}}],"collection":[{"href":"https:\/\/www.lasagadesgares.be\/wordpress\/wp-json\/wp\/v2\/posts"}],"about":[{"href":"https:\/\/www.lasagadesgares.be\/wordpress\/wp-json\/wp\/v2\/types\/post"}],"author":[{"embeddable":true,"href":"https:\/\/www.lasagadesgares.be\/wordpress\/wp-json\/wp\/v2\/users\/5"}],"replies":[{"embeddable":true,"href":"https:\/\/www.lasagadesgares.be\/wordpress\/wp-json\/wp\/v2\/comments?post=7624"}],"version-history":[{"count":2,"href":"https:\/\/www.lasagadesgares.be\/wordpress\/wp-json\/wp\/v2\/posts\/7624\/revisions"}],"predecessor-version":[{"id":8770,"href":"https:\/\/www.lasagadesgares.be\/wordpress\/wp-json\/wp\/v2\/posts\/7624\/revisions\/8770"}],"wp:featuredmedia":[{"embeddable":true,"href":"https:\/\/www.lasagadesgares.be\/wordpress\/wp-json\/wp\/v2\/media\/7625"}],"wp:attachment":[{"href":"https:\/\/www.lasagadesgares.be\/wordpress\/wp-json\/wp\/v2\/media?parent=7624"}],"wp:term":[{"taxonomy":"category","embeddable":true,"href":"https:\/\/www.lasagadesgares.be\/wordpress\/wp-json\/wp\/v2\/categories?post=7624"},{"taxonomy":"post_tag","embeddable":true,"href":"https:\/\/www.lasagadesgares.be\/wordpress\/wp-json\/wp\/v2\/tags?post=7624"}],"curies":[{"name":"wp","href":"https:\/\/api.w.org\/{rel}","templated":true}]}}