{"id":7121,"date":"2026-02-02T22:42:17","date_gmt":"2026-02-02T21:42:17","guid":{"rendered":"https:\/\/www.lasagadesgares.be\/wordpress\/?p=7121"},"modified":"2026-02-25T19:02:36","modified_gmt":"2026-02-25T18:02:36","slug":"jo-1956-cortina-dampezzo","status":"publish","type":"post","link":"https:\/\/www.lasagadesgares.be\/wordpress\/jo-1956-cortina-dampezzo\/","title":{"rendered":"JO 1956 &#8211; Cortina d&rsquo;Ampezzo &#8211; Le train des Dolomites"},"content":{"rendered":"\n<div class=\"wp-block-columns is-layout-flex wp-container-core-columns-is-layout-9d6595d7 wp-block-columns-is-layout-flex\">\n<div class=\"wp-block-column is-layout-flow wp-block-column-is-layout-flow\" style=\"flex-basis:33.33%\">\n<figure class=\"wp-block-image size-full\"><img fetchpriority=\"high\" decoding=\"async\" width=\"250\" height=\"250\" src=\"https:\/\/www.lasagadesgares.be\/wordpress\/wp-content\/uploads\/2026\/02\/Logo_JO_dhiver_-_Cortina_dAmpezzo_1956.svg_.png\" alt=\"\" class=\"wp-image-7380\" srcset=\"https:\/\/www.lasagadesgares.be\/wordpress\/wp-content\/uploads\/2026\/02\/Logo_JO_dhiver_-_Cortina_dAmpezzo_1956.svg_.png 250w, https:\/\/www.lasagadesgares.be\/wordpress\/wp-content\/uploads\/2026\/02\/Logo_JO_dhiver_-_Cortina_dAmpezzo_1956.svg_-150x150.png 150w, https:\/\/www.lasagadesgares.be\/wordpress\/wp-content\/uploads\/2026\/02\/Logo_JO_dhiver_-_Cortina_dAmpezzo_1956.svg_-1x1.png 1w\" sizes=\"(max-width: 250px) 100vw, 250px\" \/><\/figure>\n<\/div>\n\n\n\n<div class=\"wp-block-column is-layout-flow wp-block-column-is-layout-flow\" style=\"flex-basis:66.66%\">\n<p>Milano-Cortina 2026, c&rsquo;est aussi une belle occasion de revivre les JO de 1956 avec <strong>notre s\u00e9lection de vid\u00e9os Youtube<\/strong>: des plaisirs d&rsquo;hiver d&rsquo;antan accessibles par chemin de fer, des paysages fantastiques en toile de fond. Voici donc une s\u00e9lection de vid\u00e9os Youtube pr\u00e9sentant:<\/p>\n\n\n\n<ul class=\"wp-block-list\">\n<li>l&rsquo;utilisation du chemin de fer pour transporter les touristes et skieurs vers les premi\u00e8res stations de montagne,<\/li>\n\n\n\n<li>des reportages sur les jeux olympiques d&rsquo;hiver ou d&rsquo;autres comp\u00e9titions de ski d&rsquo;antan,<\/li>\n\n\n\n<li>les remont\u00e9es m\u00e9caniques et la montagne avant le tourisme de masse.<\/li>\n<\/ul>\n<\/div>\n<\/div>\n\n\n\n<!--more-->\n\n\n\n<p><strong>Le chemin de fer des Dolomites lors des JO de 1956 \u00e0 Cortina<\/strong>. <\/p>\n\n\n\n<figure class=\"wp-block-embed is-type-video is-provider-youtube wp-block-embed-youtube wp-embed-aspect-16-9 wp-has-aspect-ratio\"><div class=\"wp-block-embed__wrapper\">\n<iframe title=\"La Ferrovia delle Dolomiti alle Olimpiadi di Cortina 1956\" width=\"500\" height=\"281\" src=\"https:\/\/www.youtube.com\/embed\/KbbXo5EGHRQ?feature=oembed\" frameborder=\"0\" allow=\"accelerometer; autoplay; clipboard-write; encrypted-media; gyroscope; picture-in-picture; web-share\" referrerpolicy=\"strict-origin-when-cross-origin\" allowfullscreen><\/iframe>\n<\/div><\/figure>\n\n\n\n<hr class=\"wp-block-separator has-alpha-channel-opacity\"\/>\n\n\n\n<p><strong>Les Jeux Olympiques sont inaugur\u00e9s \u00e0 Cortina.<\/strong><br>Description de la s\u00e9quence : vue panoramique de Cortina ; Monte Cristallo ; le pr\u00e9sident de la R\u00e9publique prend place dans les tribunes du stade de glace ; Leone et le maire de Cortina sont \u00e9galement pr\u00e9sents dans les tribunes ; d\u00e9fil\u00e9 des athl\u00e8tes de 32 nations ; drapeaux pour la c\u00e9r\u00e9monie officielle ; le patineur Caroli entre dans le stade avec la torche ; allumage du feu dans le tr\u00e9pied ; serment des athl\u00e8tes ; course sur glace \u00e0 Misurina ;<\/p>\n\n\n\n<figure class=\"wp-block-embed is-type-video is-provider-youtube wp-block-embed-youtube wp-embed-aspect-4-3 wp-has-aspect-ratio\"><div class=\"wp-block-embed__wrapper\">\n<iframe title=\"Inaugurati i giochi olimpici a Cortina\" width=\"500\" height=\"375\" src=\"https:\/\/www.youtube.com\/embed\/eiiWenWTbps?feature=oembed\" frameborder=\"0\" allow=\"accelerometer; autoplay; clipboard-write; encrypted-media; gyroscope; picture-in-picture; web-share\" referrerpolicy=\"strict-origin-when-cross-origin\" allowfullscreen><\/iframe>\n<\/div><\/figure>\n\n\n\n<hr class=\"wp-block-separator has-alpha-channel-opacity\"\/>\n\n\n\n<p><strong>Le train des Dolomites:<\/strong> D\u00e9part d&rsquo;un train \u00e9lectrique SFD de la gare de Cortina et passage sur le pont Bigonta.<\/p>\n\n\n\n<figure class=\"wp-block-embed is-type-video is-provider-youtube wp-block-embed-youtube wp-embed-aspect-4-3 wp-has-aspect-ratio\"><div class=\"wp-block-embed__wrapper\">\n<iframe title=\"Treno delle Dolomiti\" width=\"500\" height=\"375\" src=\"https:\/\/www.youtube.com\/embed\/BQOZC5_XT3E?feature=oembed\" frameborder=\"0\" allow=\"accelerometer; autoplay; clipboard-write; encrypted-media; gyroscope; picture-in-picture; web-share\" referrerpolicy=\"strict-origin-when-cross-origin\" allowfullscreen><\/iframe>\n<\/div><\/figure>\n\n\n\n<hr class=\"wp-block-separator has-alpha-channel-opacity\"\/>\n\n\n\n<p><strong>Reportage d&rsquo;1h30 sur les JO de 1956<\/strong> pour red\u00e9couvrir les sports d&rsquo;hiver d&rsquo;antan: ski et piquets en bois, chronom\u00e9trage, \u00e9chafaudage pour les cam\u00e9ra, remont\u00e9es m\u00e9caniques, \u00e9tat des pistes, v\u00eatements de sport non-synth\u00e9tiques, s\u00e9curit\u00e9 sommaire, etc&#8230; et au final des athl\u00e8tes entra\u00een\u00e9s \u00e0 la dure et d\u00e9j\u00e0 tr\u00e8s performants !!!<\/p>\n\n\n\n<figure class=\"wp-block-embed is-type-video is-provider-youtube wp-block-embed-youtube wp-embed-aspect-4-3 wp-has-aspect-ratio\"><div class=\"wp-block-embed__wrapper\">\n<iframe title=\"Cortina olimpiadi 1956 (VIDEO)\" width=\"500\" height=\"375\" src=\"https:\/\/www.youtube.com\/embed\/XxMEkRw-YPU?feature=oembed\" frameborder=\"0\" allow=\"accelerometer; autoplay; clipboard-write; encrypted-media; gyroscope; picture-in-picture; web-share\" referrerpolicy=\"strict-origin-when-cross-origin\" allowfullscreen><\/iframe>\n<\/div><\/figure>\n\n\n\n<hr class=\"wp-block-separator has-alpha-channel-opacity\"\/>\n\n\n\n<p>Chaque ann\u00e9e, le 8 d\u00e9cembre, une locomotive \u00e0 vapeur conduit le train historique sur la ligne de 36 km qui relie Ceva \u00e0 Ormea. Cette ann\u00e9e, l&rsquo;atmosph\u00e8re est encore plus f\u00e9\u00e9rique gr\u00e2ce \u00e0 la neige, qui fait ressembler le train au fantastique convoi du roman \u00ab <strong>The Polar Express<\/strong> \u00bb.<br>Le souhait est de \u00ab vraiment y croire \u00bb, d&rsquo;essayer de tirer le meilleur parti possible du chemin de fer qui a tant donn\u00e9 et peut encore donner \u00e0 ces vall\u00e9es, tant du point de vue touristique que de la mobilit\u00e9 quotidienne durable.<\/p>\n\n\n\n<figure class=\"wp-block-embed is-type-video is-provider-youtube wp-block-embed-youtube wp-embed-aspect-16-9 wp-has-aspect-ratio\"><div class=\"wp-block-embed__wrapper\">\n<iframe title=\"Il Polar Tanaro Express - Treno Storico sulla Ceva-Ormea\" width=\"500\" height=\"281\" src=\"https:\/\/www.youtube.com\/embed\/4h8zfn7qbcQ?feature=oembed\" frameborder=\"0\" allow=\"accelerometer; autoplay; clipboard-write; encrypted-media; gyroscope; picture-in-picture; web-share\" referrerpolicy=\"strict-origin-when-cross-origin\" allowfullscreen><\/iframe>\n<\/div><\/figure>\n\n\n\n<hr class=\"wp-block-separator has-alpha-channel-opacity\"\/>\n\n\n\n<p>Au cours des Jeux olympiques d&rsquo;hiver de 1956, l&rsquo;entrepreneur Giordano Emilio Ghirardi, cin\u00e9aste amateur passionn\u00e9, a tourn\u00e9 en 16 mm de magnifiques images des Jeux olympiques \u00e0 Cortina d&rsquo;Ampezzo. Videoschnitt a num\u00e9ris\u00e9 et restaur\u00e9 les films d\u00e9j\u00e0 mont\u00e9s par Giordano Emilio Ghirardi.<\/p>\n\n\n\n<p>Il convient de noter la capacit\u00e9 d&rsquo;Emilio Ghirardi \u00e0 observer les gens. En effet, l&rsquo;auteur s&rsquo;attarde beaucoup plus sur les spectateurs que sur les athl\u00e8tes.<\/p>\n\n\n\n<figure class=\"wp-block-embed is-type-video is-provider-youtube wp-block-embed-youtube wp-embed-aspect-4-3 wp-has-aspect-ratio\"><div class=\"wp-block-embed__wrapper\">\n<iframe title=\"Olimpiadi invernali a Cortina 1956.avi\" width=\"500\" height=\"375\" src=\"https:\/\/www.youtube.com\/embed\/XDuY8TGTL54?feature=oembed\" frameborder=\"0\" allow=\"accelerometer; autoplay; clipboard-write; encrypted-media; gyroscope; picture-in-picture; web-share\" referrerpolicy=\"strict-origin-when-cross-origin\" allowfullscreen><\/iframe>\n<\/div><\/figure>\n\n\n\n<hr class=\"wp-block-separator has-alpha-channel-opacity\"\/>\n\n\n\n<p><strong>F\u00e9vrier 1936: Sc\u00e8nes joyeuses et anim\u00e9es dans les wagons-restaurants des trains dits \u00ab trains des neiges \u00bb<\/strong> ; les trains des neiges film\u00e9s pendant leur trajet \u00e0 travers la campagne enneig\u00e9e ; des amateurs de ski avec leur \u00e9quipement sur le dos se rendant aux pistes ; des skieurs en pleine action sur une piste.<\/p>\n\n\n\n<figure class=\"wp-block-embed is-type-video is-provider-youtube wp-block-embed-youtube wp-embed-aspect-4-3 wp-has-aspect-ratio\"><div class=\"wp-block-embed__wrapper\">\n<iframe title=\"I cosiddetti treni della neve.\" width=\"500\" height=\"375\" src=\"https:\/\/www.youtube.com\/embed\/GadbDbtxMEA?feature=oembed\" frameborder=\"0\" allow=\"accelerometer; autoplay; clipboard-write; encrypted-media; gyroscope; picture-in-picture; web-share\" referrerpolicy=\"strict-origin-when-cross-origin\" allowfullscreen><\/iframe>\n<\/div><\/figure>\n\n\n\n<hr class=\"wp-block-separator has-alpha-channel-opacity\"\/>\n\n\n\n<p>Images d&rsquo;archives tourn\u00e9es par un cin\u00e9aste italien \u00e0 Cortina d&rsquo;Ampezzo, en Italie, en 1956, l&rsquo;ann\u00e9e o\u00f9 les Jeux olympiques d&rsquo;hiver ont eu lieu dans cette ville.<\/p>\n\n\n\n<p>Elles contiennent des images d&rsquo;archives du paysage urbain, du t\u00e9l\u00e9ph\u00e9rique, des sommets montagneux, des pistes, de l&rsquo;arriv\u00e9e d&rsquo;un t\u00e9l\u00e9ski, de skieurs, d&rsquo;enfants jouant dans la neige, de voitures, du Stadio Olimpico Del Ghiaccio (patinoire) et plus encore.<\/p>\n\n\n\n<figure class=\"wp-block-embed is-type-video is-provider-youtube wp-block-embed-youtube wp-embed-aspect-16-9 wp-has-aspect-ratio\"><div class=\"wp-block-embed__wrapper\">\n<iframe title=\"Cortina d&#039;Ampezzo 1956 archive footage\" width=\"500\" height=\"281\" src=\"https:\/\/www.youtube.com\/embed\/qruOWOOpnHk?feature=oembed\" frameborder=\"0\" allow=\"accelerometer; autoplay; clipboard-write; encrypted-media; gyroscope; picture-in-picture; web-share\" referrerpolicy=\"strict-origin-when-cross-origin\" allowfullscreen><\/iframe>\n<\/div><\/figure>\n\n\n\n<hr class=\"wp-block-separator has-alpha-channel-opacity\"\/>\n\n\n\n<p><strong>JO 1956 Cortina:  Tony Sailer participant au slalom sp\u00e9cial<\/strong> ; Sailer \u00e0 Tofane pour la descente ; victoire de Sailer ; descente des athl\u00e8tes italiens ; victoire de l&rsquo;athl\u00e8te suisse ;<\/p>\n\n\n\n<figure class=\"wp-block-embed is-type-video is-provider-youtube wp-block-embed-youtube wp-embed-aspect-4-3 wp-has-aspect-ratio\"><div class=\"wp-block-embed__wrapper\">\n<iframe title=\"Le Olimpiadi invernali di Cortina\" width=\"500\" height=\"375\" src=\"https:\/\/www.youtube.com\/embed\/FCIyunJQsMs?feature=oembed\" frameborder=\"0\" allow=\"accelerometer; autoplay; clipboard-write; encrypted-media; gyroscope; picture-in-picture; web-share\" referrerpolicy=\"strict-origin-when-cross-origin\" allowfullscreen><\/iframe>\n<\/div><\/figure>\n\n\n\n<hr class=\"wp-block-separator has-alpha-channel-opacity\"\/>\n\n\n\n<p><strong>1964: Des trains sp\u00e9ciaux partent de Rome pour rejoindre les stations de sports d&rsquo;hiver.<\/strong><br>Description de la s\u00e9quence : des skieurs avec leurs skis sur le dos se rendent \u00e0 la gare ; un panneau indique les d\u00e9parts des trains vers les stations ; des skieurs avec leurs skis sur le dos montent dans le train ; des skieurs dans le train ; des skieurs assis dans le compartiment ; un groupe chante dans un compartiment ; un tra\u00eeneau est plac\u00e9 sur le porte-bagages d&rsquo;un compartiment de train ; des vacanciers descendent du train avec leurs skis et leurs tra\u00eeneaux ; des vacanciers se dirigeant vers l&rsquo;h\u00f4tel ; des skis glissant sur une piste enneig\u00e9e ; un skieur sur un t\u00e9l\u00e9ski ; des skieurs descendant une piste enneig\u00e9e ; un adulte aidant un enfant \u00e0 monter une piste \u00e0 skis ; des skieuses portant leurs skis sur les \u00e9paules remontant une piste de ski ; un jeune skieur portant ses skis perd l&rsquo;\u00e9quilibre et est pris \u00e0 partie par ses compagnons, qui l&rsquo;aspergent de neige ;<\/p>\n\n\n\n<figure class=\"wp-block-embed is-type-video is-provider-youtube wp-block-embed-youtube wp-embed-aspect-4-3 wp-has-aspect-ratio\"><div class=\"wp-block-embed__wrapper\">\n<iframe title=\"Per la neve, si parte.\" width=\"500\" height=\"375\" src=\"https:\/\/www.youtube.com\/embed\/NzBPJw41DCI?feature=oembed\" frameborder=\"0\" allow=\"accelerometer; autoplay; clipboard-write; encrypted-media; gyroscope; picture-in-picture; web-share\" referrerpolicy=\"strict-origin-when-cross-origin\" allowfullscreen><\/iframe>\n<\/div><\/figure>\n\n\n\n<hr class=\"wp-block-separator has-alpha-channel-opacity\"\/>\n\n\n\n<p>Cortina d&rsquo;Ampezzo &#8211; 1950 &#8211; Cette vid\u00e9o pr\u00e9sente une <strong>journ\u00e9e type de ski en version Dolce Vita<\/strong>.<\/p>\n\n\n\n<figure class=\"wp-block-embed is-type-video is-provider-youtube wp-block-embed-youtube wp-embed-aspect-16-9 wp-has-aspect-ratio\"><div class=\"wp-block-embed__wrapper\">\n<iframe title=\"&quot;Cartolina&quot; - Cortina d&#039;Ampezzo - TCI (1950)\" width=\"500\" height=\"281\" src=\"https:\/\/www.youtube.com\/embed\/esFu3_RK2Ys?feature=oembed\" frameborder=\"0\" allow=\"accelerometer; autoplay; clipboard-write; encrypted-media; gyroscope; picture-in-picture; web-share\" referrerpolicy=\"strict-origin-when-cross-origin\" allowfullscreen><\/iframe>\n<\/div><\/figure>\n\n\n\n<hr class=\"wp-block-separator has-alpha-channel-opacity\"\/>\n\n\n\n<p><strong>1929: le t\u00e9l\u00e9ph\u00e9rique Belvedere de Cortina d&rsquo;Ampezzo<\/strong> ; le d\u00e9part d&rsquo;une course ; vues panoramiques de Cortina et de la magnifique vall\u00e9e d&rsquo;Ampezzo film\u00e9es en subjectif depuis le t\u00e9l\u00e9ph\u00e9rique en marche ;<\/p>\n\n\n\n<figure class=\"wp-block-embed is-type-video is-provider-youtube wp-block-embed-youtube wp-embed-aspect-4-3 wp-has-aspect-ratio\"><div class=\"wp-block-embed__wrapper\">\n<iframe title=\"La funivia Belvedere di Cortina d&#039;Ampezzo.\" width=\"500\" height=\"375\" src=\"https:\/\/www.youtube.com\/embed\/Eir4OBE8Os4?feature=oembed\" frameborder=\"0\" allow=\"accelerometer; autoplay; clipboard-write; encrypted-media; gyroscope; picture-in-picture; web-share\" referrerpolicy=\"strict-origin-when-cross-origin\" allowfullscreen><\/iframe>\n<\/div><\/figure>\n\n\n\n<hr class=\"wp-block-separator has-alpha-channel-opacity\"\/>\n\n\n\n<p><strong>Mars 1929 : Magnifiques vues panoramiques de Cortina et de la vall\u00e9e d&rsquo;Ampezzo<\/strong> avec les montagnes qui l&rsquo;entourent ; quelques femmes et jeunes filles en costumes traditionnels locaux ; des femmes mari\u00e9es coiff\u00e9es d&rsquo;\u00e9l\u00e9gants chapeaux discutent agr\u00e9ablement ; de jeunes filles en costumes traditionnels jouent dans la neige ; constructions naturelles artistiques r\u00e9alis\u00e9es \u00e0 partir de glace dans le centre de Cortina ; d\u00e9tails sur ces dentelles de glace ; hommes et enfants en luge parcourant les rues de la ville ; dames se reposant et prenant le soleil pr\u00e8s d&rsquo;un refuge ; skieurs et amateurs de luge s&rsquo;amusant sur les pistes de ski ; tra\u00eeneaux tir\u00e9s par des chevaux ; quelques personnes jouant aux boules sur la glace ;<\/p>\n\n\n\n<figure class=\"wp-block-embed is-type-video is-provider-youtube wp-block-embed-youtube wp-embed-aspect-4-3 wp-has-aspect-ratio\"><div class=\"wp-block-embed__wrapper\">\n<iframe title=\"Eccezionale ondata di freddo a Cortina D&#039;Ampezzo.\" width=\"500\" height=\"375\" src=\"https:\/\/www.youtube.com\/embed\/l8xL7LYMWZw?feature=oembed\" frameborder=\"0\" allow=\"accelerometer; autoplay; clipboard-write; encrypted-media; gyroscope; picture-in-picture; web-share\" referrerpolicy=\"strict-origin-when-cross-origin\" allowfullscreen><\/iframe>\n<\/div><\/figure>\n\n\n\n<hr class=\"wp-block-separator has-alpha-channel-opacity\"\/>\n\n\n\n<p><strong>Cortina d&rsquo;Ampezzo : 17\/02\/1937<\/strong><\/p>\n\n\n\n<figure class=\"wp-block-embed is-type-video is-provider-youtube wp-block-embed-youtube wp-embed-aspect-4-3 wp-has-aspect-ratio\"><div class=\"wp-block-embed__wrapper\">\n<iframe title=\"La nuova &#039;sciovia&#039; di Cortina d&#039;Ampezzo\" width=\"500\" height=\"375\" src=\"https:\/\/www.youtube.com\/embed\/kktBSa09P_4?feature=oembed\" frameborder=\"0\" allow=\"accelerometer; autoplay; clipboard-write; encrypted-media; gyroscope; picture-in-picture; web-share\" referrerpolicy=\"strict-origin-when-cross-origin\" allowfullscreen><\/iframe>\n<\/div><\/figure>\n\n\n\n<hr class=\"wp-block-separator has-alpha-channel-opacity\"\/>\n\n\n\n<p><strong>Tourisme \u00e0 Cortina d&rsquo;Ampezzo<\/strong> : <strong>l&rsquo;acteur Eddie Costantine \u00e9tait \u00e9galement invit\u00e9 dans cette station baln\u00e9aire renomm\u00e9e<\/strong>. (voir apr\u00e8s 1&rsquo;55\u00a0\u00bb dans la vid\u00e9o)<br>Description de la s\u00e9quence : cha\u00eenes de montagnes vues depuis un avion ; Cortina d&rsquo;Ampezzo vue d&rsquo;en haut ; le biplan atterrit sur une piste enneig\u00e9e pr\u00e8s de Cortina ; des photographes immortalisent l&rsquo;atterrissage de l&rsquo;avion ; Eddie Costantine descend de l&rsquo;avion ; \u00e0 c\u00f4t\u00e9 de lui, une femme souriante ; des vacanciers prennent le soleil sur des chaises longues ; deux skieurs allong\u00e9s sur le dos sur la piste enneig\u00e9e prennent le soleil ; des skieurs sur le t\u00e9l\u00e9ski ; des skieurs descendant la piste de ski ; une femme derri\u00e8re une cam\u00e9ra filme les skieurs ; deux enfants sur une luge ; un moniteur donne une le\u00e7on \u00e0 un groupe d&rsquo;enfants ; des enfants d\u00e9valent la piste de ski ; Des jeunes patinent sur la patinoire ; des bobsleighs miniatures font la course dans des tunnels creus\u00e9s dans la glace ; des jeunes en voitures motoris\u00e9es font la course sur une patinoire glac\u00e9e ; des skieurs portent leurs skis sur les \u00e9paules dans un parking ; le directeur du club Cortina Verockay prend la parole ; les clients du club sont assis dans le salon ; Eddie Costantine sourit et fait une d\u00e9claration devant les cam\u00e9ras ; un groupe est assis \u00e0 table pendant un banquet ; un homme accompagne le banquet en jouant de l&rsquo;accord\u00e9on ; des jeunes du club chantent en ch\u0153ur ;<\/p>\n\n\n\n<figure class=\"wp-block-embed is-type-video is-provider-youtube wp-block-embed-youtube wp-embed-aspect-4-3 wp-has-aspect-ratio\"><div class=\"wp-block-embed__wrapper\">\n<iframe title=\"Svernano a Cortina.\" width=\"500\" height=\"375\" src=\"https:\/\/www.youtube.com\/embed\/-xRyAziRFX0?feature=oembed\" frameborder=\"0\" allow=\"accelerometer; autoplay; clipboard-write; encrypted-media; gyroscope; picture-in-picture; web-share\" referrerpolicy=\"strict-origin-when-cross-origin\" allowfullscreen><\/iframe>\n<\/div><\/figure>\n\n\n\n<hr class=\"wp-block-separator has-alpha-channel-opacity\"\/>\n\n\n\n<p><strong>Pr\u00e9lude aux Jeux Olympiques (1955): Les courses internationales \u00e0 Cortina<\/strong> (num\u00e9ro unique)<br>Description de la s\u00e9quence : Minuzzo pendant le slalom ; un skieur chute pendant la course de slalom : le skieur d\u00e9vale la piste ; Minuzzo atteint la ligne d&rsquo;arriv\u00e9e ; un homme embrasse Minuzzo, qui s&rsquo;appuie sur ses skis ; Lacedelli regarde les courses de ski au bord de la piste ; Col\u00f2 descend pendant la course de slalom ; Col\u00f2 sourit \u00e0 la fin de la course et est embrass\u00e9 par une femme en manteau de fourrure ; deux hommes en surv\u00eatements noirs moulants pendant les courses de patinage de vitesse ; les patineurs sont visibles \u00e0 travers la cascade de neige projet\u00e9e par le chasse-neige ; Citterio est c\u00e9l\u00e9br\u00e9 au bord de la piste par un groupe de ses camarades de classe ; un homme dessine sur un tableau noir indiquant la comp\u00e9tition de saut \u00e0 ski ; les spectateurs prennent place pr\u00e8s du tremplin olympique ; les skieurs se lancent depuis le tremplin ; parmi eux, Aldo Trivella ; des hommes se prom\u00e8nent dans la neige en haute montagne ; des skieurs amateurs descendent d&rsquo;une vall\u00e9e enneig\u00e9e ; entra\u00eenement dans la neige ; chasse-neige projetant de la neige ; cal\u00e8che sur une route de montagne ; skieurs gravissant une pente enneig\u00e9e, skis sur les \u00e9paules ; vue d&rsquo;en haut de Cortina ; paysage montagneux vu depuis le t\u00e9l\u00e9ph\u00e9rique en mouvement : cha\u00eenes de montagnes Tofane ; skieurs assis dans un t\u00e9l\u00e9si\u00e8ge ; images prises par une cam\u00e9ra qui suit la trajectoire d&rsquo;un skieur ; skieurs tombant dans la neige apr\u00e8s avoir perdu l&rsquo;\u00e9quilibre ; bois vus d&rsquo;en haut ; phases de la course de descente ; Zeno boit une boisson chaude dans un verre \u00e0 la fin de la course ; les membres de l&rsquo;\u00e9quipe de bobsleigh<\/p>\n\n\n\n<figure class=\"wp-block-embed is-type-video is-provider-youtube wp-block-embed-youtube wp-embed-aspect-4-3 wp-has-aspect-ratio\"><div class=\"wp-block-embed__wrapper\">\n<iframe title=\"Preludio alla Olimpiadi \/ Le gare internazionali di Cortina (numero unico)\" width=\"500\" height=\"375\" src=\"https:\/\/www.youtube.com\/embed\/V6NIURcd2so?feature=oembed\" frameborder=\"0\" allow=\"accelerometer; autoplay; clipboard-write; encrypted-media; gyroscope; picture-in-picture; web-share\" referrerpolicy=\"strict-origin-when-cross-origin\" allowfullscreen><\/iframe>\n<\/div><\/figure>\n\n\n\n<hr class=\"wp-block-separator has-alpha-channel-opacity\"\/>\n\n\n\n<p><strong>11\/02\/1955<br>Championnats italiens de ski<\/strong> : Col\u00f2 remporte la descente libre et Trivella le saut devant Perin.<br>Description des s\u00e9quences : Lacedelli au bord de la piste suit la course de slalom ; phases du slalom de Burrini et Col\u00f2 ; Col\u00f2 et Zecchini pendant la descente libre ; Zeno Col\u00f2 sourit \u00e0 la fin de la course ; skieurs engag\u00e9s dans le saut \u00e0 ski ; Prucker debout sur ses skis apr\u00e8s l&rsquo;\u00e9preuve de saut ; \u00e9preuve de saut d&rsquo;Aldo Trivella et d&rsquo;Enzo Perin ; Trivella et Perin \u00e0 la fin de la course sourient, tenus par le bras par une jeune femme souriante ;<\/p>\n\n\n\n<figure class=\"wp-block-embed is-type-video is-provider-youtube wp-block-embed-youtube wp-embed-aspect-4-3 wp-has-aspect-ratio\"><div class=\"wp-block-embed__wrapper\">\n<iframe title=\"Atleti in gara sulle nevi di Cortina.\" width=\"500\" height=\"375\" src=\"https:\/\/www.youtube.com\/embed\/r0kc0Tn6fj8?feature=oembed\" frameborder=\"0\" allow=\"accelerometer; autoplay; clipboard-write; encrypted-media; gyroscope; picture-in-picture; web-share\" referrerpolicy=\"strict-origin-when-cross-origin\" allowfullscreen><\/iframe>\n<\/div><\/figure>\n\n\n\n<hr class=\"wp-block-separator has-alpha-channel-opacity\"\/>\n\n\n\n<p><strong>Le bobsleigh pour d\u00e9valer un couloir glac\u00e9 \u00e0 la vitesse d&rsquo;un TGV&#8230;<\/strong><\/p>\n\n\n\n<p>Les sports d&rsquo;hiver ont consid\u00e9rablement \u00e9volu\u00e9 depuis les premiers Jeux Olympiques d&rsquo;hiver \u00e0 Chamonix en 1924. Le bobsleigh est l&rsquo;un des exemples de ces incroyables changements.<\/p>\n\n\n\n<p>Dans cette vid\u00e9o, nous suivons le parcours olympique de cette discipline et son \u00e9volution au fil des \u00e9ditions des Jeux Olympiques d&rsquo;hiver.<\/p>\n\n\n\n<p>Des luges en bois d&rsquo;origine aux mod\u00e8les actuels en fibre de verre et en acier, de nouvelles vitesses ont \u00e9t\u00e9 atteintes, des mesures de s\u00e9curit\u00e9 ont \u00e9t\u00e9 mises en place, des records ont \u00e9t\u00e9 battus, mais surtout, des moments olympiques incroyables ont \u00e9t\u00e9 vus et ressentis.<\/p>\n\n\n\n<p>Regardez notre compilation des moments olympiques du bobsleigh \u00e0 travers son histoire dans les Jeux d&rsquo;hiver et laissez-vous \u00e9merveiller par le courage et les comp\u00e9tences de ces grands athl\u00e8tes.<\/p>\n\n\n\n<figure class=\"wp-block-embed is-type-video is-provider-youtube wp-block-embed-youtube wp-embed-aspect-4-3 wp-has-aspect-ratio\"><div class=\"wp-block-embed__wrapper\">\n<iframe title=\"Bobsleigh Through The Ages - Olympic Highlights\" width=\"500\" height=\"375\" src=\"https:\/\/www.youtube.com\/embed\/QPc5YJkNoqo?feature=oembed\" frameborder=\"0\" allow=\"accelerometer; autoplay; clipboard-write; encrypted-media; gyroscope; picture-in-picture; web-share\" referrerpolicy=\"strict-origin-when-cross-origin\" allowfullscreen><\/iframe>\n<\/div><\/figure>\n\n\n\n<hr class=\"wp-block-separator has-alpha-channel-opacity\"\/>\n\n\n\n<p><strong>Fantastique film des ann\u00e9es 50 sur le mythique petit train de Val Gardena.<\/strong><br>La ligne de 31 km avec un \u00e9cartement de 760 mm a \u00e9t\u00e9 g\u00e9r\u00e9e par les chemins de fer italiens jusqu&rsquo;\u00e0 sa fermeture en 1960.<\/p>\n\n\n\n<figure class=\"wp-block-embed is-type-video is-provider-youtube wp-block-embed-youtube wp-embed-aspect-4-3 wp-has-aspect-ratio\"><div class=\"wp-block-embed__wrapper\">\n<iframe title=\"Il Trenino della Val Gardena (sc.760) - Filmato anni &quot;50\" width=\"500\" height=\"375\" src=\"https:\/\/www.youtube.com\/embed\/T9LFBBDeEs8?start=88&#038;feature=oembed\" frameborder=\"0\" allow=\"accelerometer; autoplay; clipboard-write; encrypted-media; gyroscope; picture-in-picture; web-share\" referrerpolicy=\"strict-origin-when-cross-origin\" allowfullscreen><\/iframe>\n<\/div><\/figure>\n\n\n\n<p><\/p>\n","protected":false},"excerpt":{"rendered":"<p>Milano-Cortina 2026, c&rsquo;est aussi une belle occasion de revivre les JO de 1956 avec notre s\u00e9lection de vid\u00e9os Youtube: des plaisirs d&rsquo;hiver d&rsquo;antan accessibles par chemin de fer, des paysages fantastiques en toile de fond. Voici donc une s\u00e9lection de vid\u00e9os Youtube pr\u00e9sentant:<\/p>\n","protected":false},"author":2,"featured_media":7129,"comment_status":"closed","ping_status":"open","sticky":false,"template":"","format":"standard","meta":{"footnotes":""},"categories":[33],"tags":[],"class_list":["post-7121","post","type-post","status-publish","format-standard","has-post-thumbnail","hentry","category-accueil"],"_links":{"self":[{"href":"https:\/\/www.lasagadesgares.be\/wordpress\/wp-json\/wp\/v2\/posts\/7121","targetHints":{"allow":["GET"]}}],"collection":[{"href":"https:\/\/www.lasagadesgares.be\/wordpress\/wp-json\/wp\/v2\/posts"}],"about":[{"href":"https:\/\/www.lasagadesgares.be\/wordpress\/wp-json\/wp\/v2\/types\/post"}],"author":[{"embeddable":true,"href":"https:\/\/www.lasagadesgares.be\/wordpress\/wp-json\/wp\/v2\/users\/2"}],"replies":[{"embeddable":true,"href":"https:\/\/www.lasagadesgares.be\/wordpress\/wp-json\/wp\/v2\/comments?post=7121"}],"version-history":[{"count":48,"href":"https:\/\/www.lasagadesgares.be\/wordpress\/wp-json\/wp\/v2\/posts\/7121\/revisions"}],"predecessor-version":[{"id":7389,"href":"https:\/\/www.lasagadesgares.be\/wordpress\/wp-json\/wp\/v2\/posts\/7121\/revisions\/7389"}],"wp:featuredmedia":[{"embeddable":true,"href":"https:\/\/www.lasagadesgares.be\/wordpress\/wp-json\/wp\/v2\/media\/7129"}],"wp:attachment":[{"href":"https:\/\/www.lasagadesgares.be\/wordpress\/wp-json\/wp\/v2\/media?parent=7121"}],"wp:term":[{"taxonomy":"category","embeddable":true,"href":"https:\/\/www.lasagadesgares.be\/wordpress\/wp-json\/wp\/v2\/categories?post=7121"},{"taxonomy":"post_tag","embeddable":true,"href":"https:\/\/www.lasagadesgares.be\/wordpress\/wp-json\/wp\/v2\/tags?post=7121"}],"curies":[{"name":"wp","href":"https:\/\/api.w.org\/{rel}","templated":true}]}}