{"id":711,"date":"2025-08-22T07:42:06","date_gmt":"2025-08-22T05:42:06","guid":{"rendered":"https:\/\/www.lasagadesgares.be\/wordpress\/?p=711"},"modified":"2025-12-20T23:34:51","modified_gmt":"2025-12-20T22:34:51","slug":"frameries","status":"publish","type":"post","link":"https:\/\/www.lasagadesgares.be\/wordpress\/frameries\/","title":{"rendered":"Frameries et ses origines du Nord-Belge"},"content":{"rendered":"\n<p>La premi\u00e8re gare de Frameries est ouverte le 12 d\u00e9cembre 1857 \u00e0 l\u2019occasion de la mise en service de la ligne Mons \u2013 Qu\u00e9vy \u2013 Hautmont. D\u2019un style caract\u00e9ristique du Nord Belge, le b\u00e2timent en briques rouges avec fen\u00eatres arrondies, \u00e9tait compos\u00e9 d\u2019une partie centrale \u00e0 \u00e9tage entour\u00e9e de deux ailes basses d\u2019\u00e9gale longueur. Une marquise couvrait une partie du quai 1.<\/p>\n\n\n\n<p>L\u2019infrastructure \u00e9tait importante et comprenait : un hangar, un vaste faisceau marchandise, une remise pour les locomotives avec une plaque tournante et un atelier de r\u00e9paration, ainsi que 4 raccordements priv\u00e9s et une gare de transbordement avec la ligne vicinale vers Harveng et Givry.<\/p>\n\n\n\n<p>Afin d\u2019augmenter la vitesse des trains sur l\u2019axe international Bruxelles \u2013 Paris, la construction d\u2019un nouveau trac\u00e9 de la ligne 96 entre Cuesmes et Frameries a \u00e9t\u00e9 n\u00e9cessaire. Il a \u00e9t\u00e9 \u00e9tabli en remblai \u00e0 l\u2019emplacement des voies de la formation. Durant les travaux, une gare provisoire, situ\u00e9e pr\u00e8s du pont du Berger a \u00e9t\u00e9 en service.<\/p>\n\n\n\n<p>Le nouveau tron\u00e7on de la ligne 96 a \u00e9t\u00e9 parcourable, en traction autonome, en avril 1963 avant la mise en service de la traction \u00e9lectrique le 28 mai suivant.<\/p>\n\n\n\n<p>Une nouvelle gare, moderne et fonctionnelle, a \u00e9t\u00e9 ouverte en 1973. Un vaste parking situ\u00e9 devant a \u00e9t\u00e9 am\u00e9nag\u00e9 sur le terrain laiss\u00e9 disponible suite au d\u00e9mant\u00e8lement des anciennes installations.<\/p>\n\n\n\n<p>Pour le trafic marchandise, aucune connexion n\u2019\u00e9tant pr\u00e9vue avec la ligne 96, il a \u00e9t\u00e9 assur\u00e9 depuis Saint-Ghislain par la ligne 98C jusqu\u2019en juin 1984. Un nouveau raccordement, passant sous les voies principales a \u00e9t\u00e9 \u00e9tabli pour desservir le zoning.<\/p>\n\n\n\n<p>Le personnel a \u00e9t\u00e9 supprim\u00e9 \u00e0 Frameries en 2005. Un automate pour la distribution des titres de transport est disponible \u00e0 l\u2019entr\u00e9e du quai vers Mons tandis qu\u2019un local a \u00e9t\u00e9 am\u00e9nag\u00e9 en salle d\u2019attente par la commune de Frameries qui a obtenu la jouissance du b\u00e2timent.<\/p>\n\n\n\n<figure class=\"wp-block-gallery has-nested-images columns-default is-cropped wp-block-gallery-1 is-layout-flex wp-block-gallery-is-layout-flex\">\n<figure class=\"wp-block-image size-large\"><a href=\"https:\/\/www.lasagadesgares.be\/wordpress\/wp-content\/uploads\/2025\/08\/tgv-a-frameries.jpg\"><img fetchpriority=\"high\" decoding=\"async\" width=\"400\" height=\"279\" data-id=\"721\" src=\"https:\/\/www.lasagadesgares.be\/wordpress\/wp-content\/uploads\/2025\/08\/tgv-a-frameries.jpg\" alt=\"\" class=\"wp-image-721\" srcset=\"https:\/\/www.lasagadesgares.be\/wordpress\/wp-content\/uploads\/2025\/08\/tgv-a-frameries.jpg 400w, https:\/\/www.lasagadesgares.be\/wordpress\/wp-content\/uploads\/2025\/08\/tgv-a-frameries-300x209.jpg 300w, https:\/\/www.lasagadesgares.be\/wordpress\/wp-content\/uploads\/2025\/08\/tgv-a-frameries-1x1.jpg 1w\" sizes=\"(max-width: 400px) 100vw, 400px\" \/><\/a><\/figure>\n\n\n\n<figure class=\"wp-block-image size-large\"><a href=\"https:\/\/www.lasagadesgares.be\/wordpress\/wp-content\/uploads\/2025\/08\/TEE-hollandais-frameries.jpg.jpg\"><img decoding=\"async\" width=\"400\" height=\"284\" data-id=\"720\" src=\"https:\/\/www.lasagadesgares.be\/wordpress\/wp-content\/uploads\/2025\/08\/TEE-hollandais-frameries.jpg.jpg\" alt=\"\" class=\"wp-image-720\" srcset=\"https:\/\/www.lasagadesgares.be\/wordpress\/wp-content\/uploads\/2025\/08\/TEE-hollandais-frameries.jpg.jpg 400w, https:\/\/www.lasagadesgares.be\/wordpress\/wp-content\/uploads\/2025\/08\/TEE-hollandais-frameries.jpg-300x213.jpg 300w, https:\/\/www.lasagadesgares.be\/wordpress\/wp-content\/uploads\/2025\/08\/TEE-hollandais-frameries.jpg-1x1.jpg 1w\" sizes=\"(max-width: 400px) 100vw, 400px\" \/><\/a><\/figure>\n\n\n\n<figure class=\"wp-block-image size-large\"><a href=\"https:\/\/www.lasagadesgares.be\/wordpress\/wp-content\/uploads\/2025\/08\/loco-francaise-electrique.jpg\"><img decoding=\"async\" width=\"400\" height=\"281\" data-id=\"719\" src=\"https:\/\/www.lasagadesgares.be\/wordpress\/wp-content\/uploads\/2025\/08\/loco-francaise-electrique.jpg\" alt=\"\" class=\"wp-image-719\" srcset=\"https:\/\/www.lasagadesgares.be\/wordpress\/wp-content\/uploads\/2025\/08\/loco-francaise-electrique.jpg 400w, https:\/\/www.lasagadesgares.be\/wordpress\/wp-content\/uploads\/2025\/08\/loco-francaise-electrique-300x211.jpg 300w, https:\/\/www.lasagadesgares.be\/wordpress\/wp-content\/uploads\/2025\/08\/loco-francaise-electrique-1x1.jpg 1w\" sizes=\"(max-width: 400px) 100vw, 400px\" \/><\/a><\/figure>\n\n\n\n<figure class=\"wp-block-image size-large\"><a href=\"https:\/\/www.lasagadesgares.be\/wordpress\/wp-content\/uploads\/2025\/08\/autorail-a-frameries.jpg\"><img loading=\"lazy\" decoding=\"async\" width=\"400\" height=\"267\" data-id=\"718\" src=\"https:\/\/www.lasagadesgares.be\/wordpress\/wp-content\/uploads\/2025\/08\/autorail-a-frameries.jpg\" alt=\"\" class=\"wp-image-718\" srcset=\"https:\/\/www.lasagadesgares.be\/wordpress\/wp-content\/uploads\/2025\/08\/autorail-a-frameries.jpg 400w, https:\/\/www.lasagadesgares.be\/wordpress\/wp-content\/uploads\/2025\/08\/autorail-a-frameries-300x200.jpg 300w, https:\/\/www.lasagadesgares.be\/wordpress\/wp-content\/uploads\/2025\/08\/autorail-a-frameries-1x1.jpg 1w\" sizes=\"(max-width: 400px) 100vw, 400px\" \/><\/a><\/figure>\n\n\n\n<figure class=\"wp-block-image size-large\"><a href=\"https:\/\/www.lasagadesgares.be\/wordpress\/wp-content\/uploads\/2025\/08\/2345-a-Frameries.jpg\"><img loading=\"lazy\" decoding=\"async\" width=\"400\" height=\"284\" data-id=\"717\" src=\"https:\/\/www.lasagadesgares.be\/wordpress\/wp-content\/uploads\/2025\/08\/2345-a-Frameries.jpg\" alt=\"\" class=\"wp-image-717\" srcset=\"https:\/\/www.lasagadesgares.be\/wordpress\/wp-content\/uploads\/2025\/08\/2345-a-Frameries.jpg 400w, https:\/\/www.lasagadesgares.be\/wordpress\/wp-content\/uploads\/2025\/08\/2345-a-Frameries-300x213.jpg 300w, https:\/\/www.lasagadesgares.be\/wordpress\/wp-content\/uploads\/2025\/08\/2345-a-Frameries-1x1.jpg 1w\" sizes=\"(max-width: 400px) 100vw, 400px\" \/><\/a><\/figure>\n\n\n\n<figure class=\"wp-block-image size-large\"><a href=\"https:\/\/www.lasagadesgares.be\/wordpress\/wp-content\/uploads\/2025\/08\/Image5.jpg\"><img loading=\"lazy\" decoding=\"async\" width=\"400\" height=\"258\" data-id=\"716\" src=\"https:\/\/www.lasagadesgares.be\/wordpress\/wp-content\/uploads\/2025\/08\/Image5.jpg\" alt=\"\" class=\"wp-image-716\" srcset=\"https:\/\/www.lasagadesgares.be\/wordpress\/wp-content\/uploads\/2025\/08\/Image5.jpg 400w, https:\/\/www.lasagadesgares.be\/wordpress\/wp-content\/uploads\/2025\/08\/Image5-300x194.jpg 300w, https:\/\/www.lasagadesgares.be\/wordpress\/wp-content\/uploads\/2025\/08\/Image5-1x1.jpg 1w\" sizes=\"(max-width: 400px) 100vw, 400px\" \/><\/a><\/figure>\n\n\n\n<figure class=\"wp-block-image size-large\"><a href=\"https:\/\/www.lasagadesgares.be\/wordpress\/wp-content\/uploads\/2025\/08\/Image4.jpg\"><img loading=\"lazy\" decoding=\"async\" width=\"400\" height=\"249\" data-id=\"715\" src=\"https:\/\/www.lasagadesgares.be\/wordpress\/wp-content\/uploads\/2025\/08\/Image4.jpg\" alt=\"\" class=\"wp-image-715\" srcset=\"https:\/\/www.lasagadesgares.be\/wordpress\/wp-content\/uploads\/2025\/08\/Image4.jpg 400w, https:\/\/www.lasagadesgares.be\/wordpress\/wp-content\/uploads\/2025\/08\/Image4-300x187.jpg 300w, https:\/\/www.lasagadesgares.be\/wordpress\/wp-content\/uploads\/2025\/08\/Image4-1x1.jpg 1w\" sizes=\"(max-width: 400px) 100vw, 400px\" \/><\/a><\/figure>\n\n\n\n<figure class=\"wp-block-image size-large\"><a href=\"https:\/\/www.lasagadesgares.be\/wordpress\/wp-content\/uploads\/2025\/08\/Image3.jpg\"><img loading=\"lazy\" decoding=\"async\" width=\"400\" height=\"253\" data-id=\"714\" src=\"https:\/\/www.lasagadesgares.be\/wordpress\/wp-content\/uploads\/2025\/08\/Image3.jpg\" alt=\"\" class=\"wp-image-714\" srcset=\"https:\/\/www.lasagadesgares.be\/wordpress\/wp-content\/uploads\/2025\/08\/Image3.jpg 400w, https:\/\/www.lasagadesgares.be\/wordpress\/wp-content\/uploads\/2025\/08\/Image3-300x190.jpg 300w, https:\/\/www.lasagadesgares.be\/wordpress\/wp-content\/uploads\/2025\/08\/Image3-1x1.jpg 1w\" sizes=\"(max-width: 400px) 100vw, 400px\" \/><\/a><\/figure>\n\n\n\n<figure class=\"wp-block-image size-large\"><a href=\"https:\/\/www.lasagadesgares.be\/wordpress\/wp-content\/uploads\/2025\/08\/Image2.jpg\"><img loading=\"lazy\" decoding=\"async\" width=\"400\" height=\"242\" data-id=\"713\" src=\"https:\/\/www.lasagadesgares.be\/wordpress\/wp-content\/uploads\/2025\/08\/Image2.jpg\" alt=\"\" class=\"wp-image-713\" srcset=\"https:\/\/www.lasagadesgares.be\/wordpress\/wp-content\/uploads\/2025\/08\/Image2.jpg 400w, https:\/\/www.lasagadesgares.be\/wordpress\/wp-content\/uploads\/2025\/08\/Image2-300x182.jpg 300w, https:\/\/www.lasagadesgares.be\/wordpress\/wp-content\/uploads\/2025\/08\/Image2-1x1.jpg 1w\" sizes=\"(max-width: 400px) 100vw, 400px\" \/><\/a><\/figure>\n\n\n\n<figure class=\"wp-block-image size-large\"><a href=\"https:\/\/www.lasagadesgares.be\/wordpress\/wp-content\/uploads\/2025\/08\/Image1.jpg\"><img loading=\"lazy\" decoding=\"async\" width=\"400\" height=\"300\" data-id=\"712\" src=\"https:\/\/www.lasagadesgares.be\/wordpress\/wp-content\/uploads\/2025\/08\/Image1.jpg\" alt=\"\" class=\"wp-image-712\" srcset=\"https:\/\/www.lasagadesgares.be\/wordpress\/wp-content\/uploads\/2025\/08\/Image1.jpg 400w, https:\/\/www.lasagadesgares.be\/wordpress\/wp-content\/uploads\/2025\/08\/Image1-300x225.jpg 300w, https:\/\/www.lasagadesgares.be\/wordpress\/wp-content\/uploads\/2025\/08\/Image1-1x1.jpg 1w\" sizes=\"(max-width: 400px) 100vw, 400px\" \/><\/a><\/figure>\n<\/figure>\n","protected":false},"excerpt":{"rendered":"<p>La premi\u00e8re gare de Frameries est ouverte le 12 d\u00e9cembre 1857 \u00e0 l\u2019occasion de la mise en service de la ligne Mons \u2013 Qu\u00e9vy \u2013 Hautmont. D\u2019un style caract\u00e9ristique du Nord Belge, le b\u00e2timent en briques rouges avec fen\u00eatres arrondies, \u00e9tait compos\u00e9 d\u2019une partie centrale \u00e0 \u00e9tage entour\u00e9e de deux ailes basses d\u2019\u00e9gale longueur. Une [&hellip;]<\/p>\n","protected":false},"author":1,"featured_media":715,"comment_status":"closed","ping_status":"open","sticky":false,"template":"","format":"standard","meta":{"footnotes":""},"categories":[9,17],"tags":[],"class_list":["post-711","post","type-post","status-publish","format-standard","has-post-thumbnail","hentry","category-ligne-096","category-ligne-098c-102"],"_links":{"self":[{"href":"https:\/\/www.lasagadesgares.be\/wordpress\/wp-json\/wp\/v2\/posts\/711","targetHints":{"allow":["GET"]}}],"collection":[{"href":"https:\/\/www.lasagadesgares.be\/wordpress\/wp-json\/wp\/v2\/posts"}],"about":[{"href":"https:\/\/www.lasagadesgares.be\/wordpress\/wp-json\/wp\/v2\/types\/post"}],"author":[{"embeddable":true,"href":"https:\/\/www.lasagadesgares.be\/wordpress\/wp-json\/wp\/v2\/users\/1"}],"replies":[{"embeddable":true,"href":"https:\/\/www.lasagadesgares.be\/wordpress\/wp-json\/wp\/v2\/comments?post=711"}],"version-history":[{"count":1,"href":"https:\/\/www.lasagadesgares.be\/wordpress\/wp-json\/wp\/v2\/posts\/711\/revisions"}],"predecessor-version":[{"id":722,"href":"https:\/\/www.lasagadesgares.be\/wordpress\/wp-json\/wp\/v2\/posts\/711\/revisions\/722"}],"wp:featuredmedia":[{"embeddable":true,"href":"https:\/\/www.lasagadesgares.be\/wordpress\/wp-json\/wp\/v2\/media\/715"}],"wp:attachment":[{"href":"https:\/\/www.lasagadesgares.be\/wordpress\/wp-json\/wp\/v2\/media?parent=711"}],"wp:term":[{"taxonomy":"category","embeddable":true,"href":"https:\/\/www.lasagadesgares.be\/wordpress\/wp-json\/wp\/v2\/categories?post=711"},{"taxonomy":"post_tag","embeddable":true,"href":"https:\/\/www.lasagadesgares.be\/wordpress\/wp-json\/wp\/v2\/tags?post=711"}],"curies":[{"name":"wp","href":"https:\/\/api.w.org\/{rel}","templated":true}]}}