{"id":659,"date":"2025-05-29T13:21:24","date_gmt":"2025-05-29T11:21:24","guid":{"rendered":"https:\/\/www.lasagadesgares.be\/wordpress\/?p=659"},"modified":"2025-11-11T22:48:52","modified_gmt":"2025-11-11T21:48:52","slug":"blaregnies","status":"publish","type":"post","link":"https:\/\/www.lasagadesgares.be\/wordpress\/blaregnies\/","title":{"rendered":"Blaregnies et son point d\u2019arr\u00eat"},"content":{"rendered":"\n<p>Entre Genly et Qu\u00e9vy, sur la ligne 96, le point d\u2019arr\u00eat de Blaregnies \u00e9tait situ\u00e9 au passage \u00e0 niveau n\u00b0 106 de la rue du Point d\u2019Arr\u00eat \u00e0 Qu\u00e9vy-le-Petit. Cette rue, qui ne compte que deux maisons, continue au-del\u00e0 par un chemin agricole. L\u2019\u00e9loignement d\u2019environ deux kilom\u00e8tres du centre du village avait pour cons\u00e9quence que le point d\u2019arr\u00eat connaissait un faible taux de fr\u00e9quentation.<\/p>\n\n\n\n<p>Son \u00e9quipement \u00e9tait sommaire: deux quais avec abri pour voyageurs en ma\u00e7onnerie. Il a \u00e9t\u00e9 ferm\u00e9 le 3 juin 1984.<\/p>\n\n\n\n<figure class=\"wp-block-gallery has-nested-images columns-default is-cropped wp-block-gallery-1 is-layout-flex wp-block-gallery-is-layout-flex\">\n<figure class=\"wp-block-image size-large\"><img fetchpriority=\"high\" decoding=\"async\" width=\"400\" height=\"245\" data-id=\"662\" src=\"https:\/\/www.lasagadesgares.be\/wordpress\/wp-content\/uploads\/2025\/05\/51078277_10216621232995908_7781291043000942592_n.jpg\" alt=\"\" class=\"wp-image-662\" srcset=\"https:\/\/www.lasagadesgares.be\/wordpress\/wp-content\/uploads\/2025\/05\/51078277_10216621232995908_7781291043000942592_n.jpg 400w, https:\/\/www.lasagadesgares.be\/wordpress\/wp-content\/uploads\/2025\/05\/51078277_10216621232995908_7781291043000942592_n-300x184.jpg 300w, https:\/\/www.lasagadesgares.be\/wordpress\/wp-content\/uploads\/2025\/05\/51078277_10216621232995908_7781291043000942592_n-1x1.jpg 1w\" sizes=\"(max-width: 400px) 100vw, 400px\" \/><figcaption class=\"wp-element-caption\">Passage d\u2019un train TUC Rail \u00e0 Blaregnies le 5 juin 1996 (photo B. Dieu)<\/figcaption><\/figure>\n\n\n\n<figure class=\"wp-block-image size-large\"><img decoding=\"async\" width=\"400\" height=\"300\" data-id=\"663\" src=\"https:\/\/www.lasagadesgares.be\/wordpress\/wp-content\/uploads\/2025\/05\/51295937_10216621237996033_1786647828961951744_n.jpg\" alt=\"\" class=\"wp-image-663\" srcset=\"https:\/\/www.lasagadesgares.be\/wordpress\/wp-content\/uploads\/2025\/05\/51295937_10216621237996033_1786647828961951744_n.jpg 400w, https:\/\/www.lasagadesgares.be\/wordpress\/wp-content\/uploads\/2025\/05\/51295937_10216621237996033_1786647828961951744_n-300x225.jpg 300w, https:\/\/www.lasagadesgares.be\/wordpress\/wp-content\/uploads\/2025\/05\/51295937_10216621237996033_1786647828961951744_n-1x1.jpg 1w\" sizes=\"(max-width: 400px) 100vw, 400px\" \/><\/figure>\n\n\n\n<figure class=\"wp-block-image size-large\"><img decoding=\"async\" width=\"400\" height=\"225\" data-id=\"660\" src=\"https:\/\/www.lasagadesgares.be\/wordpress\/wp-content\/uploads\/2025\/05\/50802584_10216621237196013_7823265779859587072_n.jpg\" alt=\"\" class=\"wp-image-660\" srcset=\"https:\/\/www.lasagadesgares.be\/wordpress\/wp-content\/uploads\/2025\/05\/50802584_10216621237196013_7823265779859587072_n.jpg 400w, https:\/\/www.lasagadesgares.be\/wordpress\/wp-content\/uploads\/2025\/05\/50802584_10216621237196013_7823265779859587072_n-300x169.jpg 300w, https:\/\/www.lasagadesgares.be\/wordpress\/wp-content\/uploads\/2025\/05\/50802584_10216621237196013_7823265779859587072_n-1x1.jpg 1w\" sizes=\"(max-width: 400px) 100vw, 400px\" \/><\/figure>\n<\/figure>\n","protected":false},"excerpt":{"rendered":"<p>Entre Genly et Qu\u00e9vy, sur la ligne 96, le point d\u2019arr\u00eat de Blaregnies \u00e9tait situ\u00e9 au passage \u00e0 niveau n\u00b0 106 de la rue du Point d\u2019Arr\u00eat \u00e0 Qu\u00e9vy-le-Petit. Cette rue, qui ne compte que deux maisons, continue au-del\u00e0 par un chemin agricole. L\u2019\u00e9loignement d\u2019environ deux kilom\u00e8tres du centre du village avait pour cons\u00e9quence que [&hellip;]<\/p>\n","protected":false},"author":1,"featured_media":661,"comment_status":"closed","ping_status":"open","sticky":false,"template":"","format":"standard","meta":{"footnotes":""},"categories":[33,9],"tags":[],"class_list":["post-659","post","type-post","status-publish","format-standard","has-post-thumbnail","hentry","category-accueil","category-ligne-096"],"_links":{"self":[{"href":"https:\/\/www.lasagadesgares.be\/wordpress\/wp-json\/wp\/v2\/posts\/659","targetHints":{"allow":["GET"]}}],"collection":[{"href":"https:\/\/www.lasagadesgares.be\/wordpress\/wp-json\/wp\/v2\/posts"}],"about":[{"href":"https:\/\/www.lasagadesgares.be\/wordpress\/wp-json\/wp\/v2\/types\/post"}],"author":[{"embeddable":true,"href":"https:\/\/www.lasagadesgares.be\/wordpress\/wp-json\/wp\/v2\/users\/1"}],"replies":[{"embeddable":true,"href":"https:\/\/www.lasagadesgares.be\/wordpress\/wp-json\/wp\/v2\/comments?post=659"}],"version-history":[{"count":1,"href":"https:\/\/www.lasagadesgares.be\/wordpress\/wp-json\/wp\/v2\/posts\/659\/revisions"}],"predecessor-version":[{"id":664,"href":"https:\/\/www.lasagadesgares.be\/wordpress\/wp-json\/wp\/v2\/posts\/659\/revisions\/664"}],"wp:featuredmedia":[{"embeddable":true,"href":"https:\/\/www.lasagadesgares.be\/wordpress\/wp-json\/wp\/v2\/media\/661"}],"wp:attachment":[{"href":"https:\/\/www.lasagadesgares.be\/wordpress\/wp-json\/wp\/v2\/media?parent=659"}],"wp:term":[{"taxonomy":"category","embeddable":true,"href":"https:\/\/www.lasagadesgares.be\/wordpress\/wp-json\/wp\/v2\/categories?post=659"},{"taxonomy":"post_tag","embeddable":true,"href":"https:\/\/www.lasagadesgares.be\/wordpress\/wp-json\/wp\/v2\/tags?post=659"}],"curies":[{"name":"wp","href":"https:\/\/api.w.org\/{rel}","templated":true}]}}