{"id":6376,"date":"2026-01-17T23:29:07","date_gmt":"2026-01-17T22:29:07","guid":{"rendered":"https:\/\/www.lasagadesgares.be\/wordpress\/?p=6376"},"modified":"2026-02-03T13:55:43","modified_gmt":"2026-02-03T12:55:43","slug":"stasegem","status":"publish","type":"post","link":"https:\/\/www.lasagadesgares.be\/wordpress\/stasegem\/","title":{"rendered":"La halte de Stasegem"},"content":{"rendered":"\n<p>La halte \u00ab Staceghem \u00bb n\u2019a ouvert ses portes que le 1er juillet 1995 \u00e0 titre exp\u00e9rimental, mais elle a apparemment \u00e9t\u00e9 un succ\u00e8s. La halte d\u00e9pendait de la gare de Deerlijk. Elle ne disposait que de deux voies principales avec des quais courts.<br>En 1988, une modeste cour aux marchandises a \u00e9t\u00e9 am\u00e9nag\u00e9e dans le prolongement de la gare en construction. La modeste gare a ouvert ses portes le 2 juillet 1889. La partie centrale \u00e0 \u00e9tage comptait quatre fen\u00eatres, il y avait une courte fa\u00e7ade lat\u00e9rale pour la salle d\u2019attente, toutes deux avec un toit en b\u00e2ti\u00e8re. De l\u2019autre c\u00f4t\u00e9 se trouvait l\u2019entrep\u00f4t avec un toit plat, qui comprenait \u00e9galement quelques locaux destin\u00e9s au service.<br>Rien ne changea autour de cet arr\u00eat pendant plusieurs d\u00e9cennies. Le nom changea deux fois: d\u2019abord Staseghem (avec un \u00ab s \u00bb), puis en 1938, le nom actuel Stasegem. Le b\u00e2timent principal de la gare a disparu avant 1970. Le trafic voyageurs a \u00e9t\u00e9 supprim\u00e9 le 3 juin 1984 dans le cadre du plan UIC\/IR. Aujourd\u2019hui, il ne reste plus aucune trace de cet ancien arr\u00eat.<\/p>\n\n\n\n<figure class=\"wp-block-table is-style-regular\"><table class=\"has-fixed-layout\"><tbody><tr><td>Sites \u00e0 consulter<\/td><td><a href=\"https:\/\/www.garesbelges.be\/stasegem.htm\">Gares belges d&rsquo;autrefois <\/a><\/td><\/tr><\/tbody><\/table><\/figure>\n\n\n\n<figure class=\"wp-block-gallery has-nested-images columns-default is-cropped wp-block-gallery-1 is-layout-flex wp-block-gallery-is-layout-flex\">\n<figure class=\"wp-block-image size-large\"><img fetchpriority=\"high\" decoding=\"async\" width=\"400\" height=\"253\" data-id=\"7220\" src=\"https:\/\/www.lasagadesgares.be\/wordpress\/wp-content\/uploads\/2026\/01\/Stasegem-02-Thierri-Heylens.jpg\" alt=\"\" class=\"wp-image-7220\" srcset=\"https:\/\/www.lasagadesgares.be\/wordpress\/wp-content\/uploads\/2026\/01\/Stasegem-02-Thierri-Heylens.jpg 400w, https:\/\/www.lasagadesgares.be\/wordpress\/wp-content\/uploads\/2026\/01\/Stasegem-02-Thierri-Heylens-300x190.jpg 300w, https:\/\/www.lasagadesgares.be\/wordpress\/wp-content\/uploads\/2026\/01\/Stasegem-02-Thierri-Heylens-1x1.jpg 1w\" sizes=\"(max-width: 400px) 100vw, 400px\" \/><\/figure>\n\n\n\n<figure class=\"wp-block-image size-large\"><img decoding=\"async\" width=\"400\" height=\"267\" data-id=\"7219\" src=\"https:\/\/www.lasagadesgares.be\/wordpress\/wp-content\/uploads\/2026\/01\/Stasegem-03-gares-belges.png\" alt=\"\" class=\"wp-image-7219\" srcset=\"https:\/\/www.lasagadesgares.be\/wordpress\/wp-content\/uploads\/2026\/01\/Stasegem-03-gares-belges.png 400w, https:\/\/www.lasagadesgares.be\/wordpress\/wp-content\/uploads\/2026\/01\/Stasegem-03-gares-belges-300x200.png 300w, https:\/\/www.lasagadesgares.be\/wordpress\/wp-content\/uploads\/2026\/01\/Stasegem-03-gares-belges-1x1.png 1w\" sizes=\"(max-width: 400px) 100vw, 400px\" \/><\/figure>\n\n\n\n<figure class=\"wp-block-image size-large\"><img decoding=\"async\" width=\"400\" height=\"247\" data-id=\"7218\" src=\"https:\/\/www.lasagadesgares.be\/wordpress\/wp-content\/uploads\/2026\/01\/Stasegem-04-gares-belges.jpg\" alt=\"\" class=\"wp-image-7218\" srcset=\"https:\/\/www.lasagadesgares.be\/wordpress\/wp-content\/uploads\/2026\/01\/Stasegem-04-gares-belges.jpg 400w, https:\/\/www.lasagadesgares.be\/wordpress\/wp-content\/uploads\/2026\/01\/Stasegem-04-gares-belges-300x185.jpg 300w, https:\/\/www.lasagadesgares.be\/wordpress\/wp-content\/uploads\/2026\/01\/Stasegem-04-gares-belges-1x1.jpg 1w\" sizes=\"(max-width: 400px) 100vw, 400px\" \/><\/figure>\n<\/figure>\n","protected":false},"excerpt":{"rendered":"<p>La halte \u00ab Staceghem \u00bb n\u2019a ouvert ses portes que le 1er juillet 1995 \u00e0 titre exp\u00e9rimental, mais elle a apparemment \u00e9t\u00e9 un succ\u00e8s. La halte d\u00e9pendait de la gare de Deerlijk. Elle ne disposait que de deux voies principales avec des quais courts.En 1988, une modeste cour aux marchandises a \u00e9t\u00e9 am\u00e9nag\u00e9e dans le [&hellip;]<\/p>\n","protected":false},"author":5,"featured_media":6377,"comment_status":"closed","ping_status":"open","sticky":false,"template":"","format":"standard","meta":{"footnotes":""},"categories":[72,75],"tags":[],"class_list":["post-6376","post","type-post","status-publish","format-standard","has-post-thumbnail","hentry","category-ligne-089","category-qrcode"],"_links":{"self":[{"href":"https:\/\/www.lasagadesgares.be\/wordpress\/wp-json\/wp\/v2\/posts\/6376","targetHints":{"allow":["GET"]}}],"collection":[{"href":"https:\/\/www.lasagadesgares.be\/wordpress\/wp-json\/wp\/v2\/posts"}],"about":[{"href":"https:\/\/www.lasagadesgares.be\/wordpress\/wp-json\/wp\/v2\/types\/post"}],"author":[{"embeddable":true,"href":"https:\/\/www.lasagadesgares.be\/wordpress\/wp-json\/wp\/v2\/users\/5"}],"replies":[{"embeddable":true,"href":"https:\/\/www.lasagadesgares.be\/wordpress\/wp-json\/wp\/v2\/comments?post=6376"}],"version-history":[{"count":5,"href":"https:\/\/www.lasagadesgares.be\/wordpress\/wp-json\/wp\/v2\/posts\/6376\/revisions"}],"predecessor-version":[{"id":7227,"href":"https:\/\/www.lasagadesgares.be\/wordpress\/wp-json\/wp\/v2\/posts\/6376\/revisions\/7227"}],"wp:featuredmedia":[{"embeddable":true,"href":"https:\/\/www.lasagadesgares.be\/wordpress\/wp-json\/wp\/v2\/media\/6377"}],"wp:attachment":[{"href":"https:\/\/www.lasagadesgares.be\/wordpress\/wp-json\/wp\/v2\/media?parent=6376"}],"wp:term":[{"taxonomy":"category","embeddable":true,"href":"https:\/\/www.lasagadesgares.be\/wordpress\/wp-json\/wp\/v2\/categories?post=6376"},{"taxonomy":"post_tag","embeddable":true,"href":"https:\/\/www.lasagadesgares.be\/wordpress\/wp-json\/wp\/v2\/tags?post=6376"}],"curies":[{"name":"wp","href":"https:\/\/api.w.org\/{rel}","templated":true}]}}