{"id":6370,"date":"2026-01-17T23:17:29","date_gmt":"2026-01-17T22:17:29","guid":{"rendered":"https:\/\/www.lasagadesgares.be\/wordpress\/?p=6370"},"modified":"2026-02-03T13:53:06","modified_gmt":"2026-02-03T12:53:06","slug":"vichte","status":"publish","type":"post","link":"https:\/\/www.lasagadesgares.be\/wordpress\/vichte\/","title":{"rendered":"La gare de Vichte"},"content":{"rendered":"\n<p>La gare de Vichte a \u00e9t\u00e9 inaugur\u00e9e le 12 avril 1868, en m\u00eame temps que la ligne. Ce n\u2019est que dans les ann\u00e9es 1980 que le b\u00e2timent a \u00e9t\u00e9 construit. Il s\u2019agissait d\u2019une gare de type standard de l\u2019\u00c9tat belge, compos\u00e9e d\u2019une partie centrale \u00e0 \u00e9tage pour le logement du chef de gare et, au rez-de-chauss\u00e9e, de la salle des guichets et d\u2019une petite aile lat\u00e9rale abritant la salle d\u2019attente.<\/p>\n\n\n\n<p>La deuxi\u00e8me aile lat\u00e9rale servait d\u2019entrep\u00f4t et comprenait \u00e9galement quelques locaux de service, notamment pour la remise des colis. L\u2019ensemble \u00e9tait coiff\u00e9 d\u2019un toit en b\u00e2ti\u00e8re. \u00c0 c\u00f4t\u00e9 se trouvaient l\u2019entrep\u00f4t et les toilettes publiques, omnipr\u00e9sentes \u00e0 l\u2019\u00e9poque. C\u2019est \u00e9galement \u00e0 cette p\u00e9riode que le hangar aux marchandises a \u00e9t\u00e9 construit dans le prolongement de la gare c\u00f4t\u00e9 Zottegem. Il y avait une voie de garage et une autre en cul-de-sac. Le hangar a \u00e9t\u00e9 agrandi en 1896 avec un quai de chargement sur\u00e9lev\u00e9.<br>Pendant des ann\u00e9es, ensuite, rien ne changea: en 1912, une voie de transbordement vers les chemins de fer vicinaux fut construite, une liaison qui disparut en 1942. Ce n\u2019est qu\u2019avec l\u2019\u00e9lectrification en 1986 que la situation a chang\u00e9: le quai de marchandises a disparu et le b\u00e2timent principal de la gare, qui \u00e9tait toujours pr\u00e9sent, a \u00e9t\u00e9 partiellement d\u00e9moli, seule la salle d\u2019attente restant accessible.<br>Apr\u00e8s le tournant du si\u00e8cle, le b\u00e2timent restant a \u00e9galement disparu, les quais ont \u00e9t\u00e9 modernis\u00e9s et une nouvelle salle d\u2019attente a \u00e9t\u00e9 am\u00e9nag\u00e9e. Un parking \u00e0 v\u00e9los couvert a \u00e9galement \u00e9t\u00e9 r\u00e9alis\u00e9. Le quai de d\u00e9chargement abritait depuis longtemps d\u00e9j\u00e0 un parking de gare.<\/p>\n\n\n\n<figure class=\"wp-block-table is-style-regular\"><table class=\"has-fixed-layout\"><tbody><tr><td>Sites \u00e0 consulter<\/td><td><a href=\"https:\/\/www.garesbelges.be\/vichte.htm\">Gares belges d&rsquo;autrefois <\/a><\/td><\/tr><tr><td><\/td><td><a href=\"https:\/\/fr.wikipedia.org\/wiki\/Gare_de_Vichte\">Wikipedia FR<\/a><\/td><\/tr><tr><td><\/td><td><a href=\"https:\/\/nl.wikipedia.org\/wiki\/Station_Vichte\">Wikipedia NL<\/a><\/td><\/tr><\/tbody><\/table><\/figure>\n\n\n\n<figure class=\"wp-block-gallery has-nested-images columns-default is-cropped wp-block-gallery-1 is-layout-flex wp-block-gallery-is-layout-flex\">\n<figure class=\"wp-block-image size-large\"><img fetchpriority=\"high\" decoding=\"async\" width=\"400\" height=\"267\" data-id=\"7201\" src=\"https:\/\/www.lasagadesgares.be\/wordpress\/wp-content\/uploads\/2026\/01\/Vichte-01-gares-belges.png\" alt=\"\" class=\"wp-image-7201\" srcset=\"https:\/\/www.lasagadesgares.be\/wordpress\/wp-content\/uploads\/2026\/01\/Vichte-01-gares-belges.png 400w, https:\/\/www.lasagadesgares.be\/wordpress\/wp-content\/uploads\/2026\/01\/Vichte-01-gares-belges-300x200.png 300w, https:\/\/www.lasagadesgares.be\/wordpress\/wp-content\/uploads\/2026\/01\/Vichte-01-gares-belges-1x1.png 1w\" sizes=\"(max-width: 400px) 100vw, 400px\" \/><\/figure>\n\n\n\n<figure class=\"wp-block-image size-large\"><img decoding=\"async\" width=\"400\" height=\"250\" data-id=\"7197\" src=\"https:\/\/www.lasagadesgares.be\/wordpress\/wp-content\/uploads\/2026\/01\/Vichte-02-gares-belges.jpg\" alt=\"\" class=\"wp-image-7197\" srcset=\"https:\/\/www.lasagadesgares.be\/wordpress\/wp-content\/uploads\/2026\/01\/Vichte-02-gares-belges.jpg 400w, https:\/\/www.lasagadesgares.be\/wordpress\/wp-content\/uploads\/2026\/01\/Vichte-02-gares-belges-300x188.jpg 300w, https:\/\/www.lasagadesgares.be\/wordpress\/wp-content\/uploads\/2026\/01\/Vichte-02-gares-belges-1x1.jpg 1w\" sizes=\"(max-width: 400px) 100vw, 400px\" \/><\/figure>\n\n\n\n<figure class=\"wp-block-image size-large\"><img decoding=\"async\" width=\"400\" height=\"251\" data-id=\"7196\" src=\"https:\/\/www.lasagadesgares.be\/wordpress\/wp-content\/uploads\/2026\/01\/Vichte-03-gares-belges.jpg\" alt=\"\" class=\"wp-image-7196\" srcset=\"https:\/\/www.lasagadesgares.be\/wordpress\/wp-content\/uploads\/2026\/01\/Vichte-03-gares-belges.jpg 400w, https:\/\/www.lasagadesgares.be\/wordpress\/wp-content\/uploads\/2026\/01\/Vichte-03-gares-belges-300x188.jpg 300w, https:\/\/www.lasagadesgares.be\/wordpress\/wp-content\/uploads\/2026\/01\/Vichte-03-gares-belges-1x1.jpg 1w\" sizes=\"(max-width: 400px) 100vw, 400px\" \/><\/figure>\n\n\n\n<figure class=\"wp-block-image size-large\"><img loading=\"lazy\" decoding=\"async\" width=\"400\" height=\"300\" data-id=\"7194\" src=\"https:\/\/www.lasagadesgares.be\/wordpress\/wp-content\/uploads\/2026\/01\/Vichte-04-C-Quistwater.jpg\" alt=\"\" class=\"wp-image-7194\" srcset=\"https:\/\/www.lasagadesgares.be\/wordpress\/wp-content\/uploads\/2026\/01\/Vichte-04-C-Quistwater.jpg 400w, https:\/\/www.lasagadesgares.be\/wordpress\/wp-content\/uploads\/2026\/01\/Vichte-04-C-Quistwater-300x225.jpg 300w, https:\/\/www.lasagadesgares.be\/wordpress\/wp-content\/uploads\/2026\/01\/Vichte-04-C-Quistwater-1x1.jpg 1w\" sizes=\"(max-width: 400px) 100vw, 400px\" \/><\/figure>\n\n\n\n<figure class=\"wp-block-image size-large\"><img loading=\"lazy\" decoding=\"async\" width=\"400\" height=\"300\" data-id=\"7195\" src=\"https:\/\/www.lasagadesgares.be\/wordpress\/wp-content\/uploads\/2026\/01\/Vichte-05-Quistwater.jpg\" alt=\"\" class=\"wp-image-7195\" srcset=\"https:\/\/www.lasagadesgares.be\/wordpress\/wp-content\/uploads\/2026\/01\/Vichte-05-Quistwater.jpg 400w, https:\/\/www.lasagadesgares.be\/wordpress\/wp-content\/uploads\/2026\/01\/Vichte-05-Quistwater-300x225.jpg 300w, https:\/\/www.lasagadesgares.be\/wordpress\/wp-content\/uploads\/2026\/01\/Vichte-05-Quistwater-1x1.jpg 1w\" sizes=\"(max-width: 400px) 100vw, 400px\" \/><\/figure>\n\n\n\n<figure class=\"wp-block-image size-large\"><img loading=\"lazy\" decoding=\"async\" width=\"400\" height=\"259\" data-id=\"7200\" src=\"https:\/\/www.lasagadesgares.be\/wordpress\/wp-content\/uploads\/2026\/01\/Vichte-06-Thierri-Heylens.jpg\" alt=\"\" class=\"wp-image-7200\" srcset=\"https:\/\/www.lasagadesgares.be\/wordpress\/wp-content\/uploads\/2026\/01\/Vichte-06-Thierri-Heylens.jpg 400w, https:\/\/www.lasagadesgares.be\/wordpress\/wp-content\/uploads\/2026\/01\/Vichte-06-Thierri-Heylens-300x194.jpg 300w, https:\/\/www.lasagadesgares.be\/wordpress\/wp-content\/uploads\/2026\/01\/Vichte-06-Thierri-Heylens-1x1.jpg 1w\" sizes=\"(max-width: 400px) 100vw, 400px\" \/><figcaption class=\"wp-element-caption\">Vichte<\/figcaption><\/figure>\n\n\n\n<figure class=\"wp-block-image size-large\"><img loading=\"lazy\" decoding=\"async\" width=\"400\" height=\"249\" data-id=\"7198\" src=\"https:\/\/www.lasagadesgares.be\/wordpress\/wp-content\/uploads\/2026\/01\/Vichte-07-Thierri-heylens.jpg\" alt=\"\" class=\"wp-image-7198\" srcset=\"https:\/\/www.lasagadesgares.be\/wordpress\/wp-content\/uploads\/2026\/01\/Vichte-07-Thierri-heylens.jpg 400w, https:\/\/www.lasagadesgares.be\/wordpress\/wp-content\/uploads\/2026\/01\/Vichte-07-Thierri-heylens-300x187.jpg 300w, https:\/\/www.lasagadesgares.be\/wordpress\/wp-content\/uploads\/2026\/01\/Vichte-07-Thierri-heylens-1x1.jpg 1w\" sizes=\"(max-width: 400px) 100vw, 400px\" \/><figcaption class=\"wp-element-caption\">Vichte<\/figcaption><\/figure>\n\n\n\n<figure class=\"wp-block-image size-large\"><img loading=\"lazy\" decoding=\"async\" width=\"400\" height=\"263\" data-id=\"7199\" src=\"https:\/\/www.lasagadesgares.be\/wordpress\/wp-content\/uploads\/2026\/01\/Vichte-08-SNCB.jpg\" alt=\"\" class=\"wp-image-7199\" srcset=\"https:\/\/www.lasagadesgares.be\/wordpress\/wp-content\/uploads\/2026\/01\/Vichte-08-SNCB.jpg 400w, https:\/\/www.lasagadesgares.be\/wordpress\/wp-content\/uploads\/2026\/01\/Vichte-08-SNCB-300x197.jpg 300w, https:\/\/www.lasagadesgares.be\/wordpress\/wp-content\/uploads\/2026\/01\/Vichte-08-SNCB-1x1.jpg 1w\" sizes=\"(max-width: 400px) 100vw, 400px\" \/><\/figure>\n\n\n\n<figure class=\"wp-block-image size-large\"><img loading=\"lazy\" decoding=\"async\" width=\"400\" height=\"232\" data-id=\"7202\" src=\"https:\/\/www.lasagadesgares.be\/wordpress\/wp-content\/uploads\/2026\/01\/Vichte-09-disque-Julien.jpg\" alt=\"\" class=\"wp-image-7202\" srcset=\"https:\/\/www.lasagadesgares.be\/wordpress\/wp-content\/uploads\/2026\/01\/Vichte-09-disque-Julien.jpg 400w, https:\/\/www.lasagadesgares.be\/wordpress\/wp-content\/uploads\/2026\/01\/Vichte-09-disque-Julien-300x174.jpg 300w, https:\/\/www.lasagadesgares.be\/wordpress\/wp-content\/uploads\/2026\/01\/Vichte-09-disque-Julien-1x1.jpg 1w\" sizes=\"(max-width: 400px) 100vw, 400px\" \/><\/figure>\n<\/figure>\n","protected":false},"excerpt":{"rendered":"<p>La gare de Vichte a \u00e9t\u00e9 inaugur\u00e9e le 12 avril 1868, en m\u00eame temps que la ligne. Ce n\u2019est que dans les ann\u00e9es 1980 que le b\u00e2timent a \u00e9t\u00e9 construit. Il s\u2019agissait d\u2019une gare de type standard de l\u2019\u00c9tat belge, compos\u00e9e d\u2019une partie centrale \u00e0 \u00e9tage pour le logement du chef de gare et, au [&hellip;]<\/p>\n","protected":false},"author":5,"featured_media":6371,"comment_status":"closed","ping_status":"open","sticky":false,"template":"","format":"standard","meta":{"footnotes":""},"categories":[72,75],"tags":[],"class_list":["post-6370","post","type-post","status-publish","format-standard","has-post-thumbnail","hentry","category-ligne-089","category-qrcode"],"_links":{"self":[{"href":"https:\/\/www.lasagadesgares.be\/wordpress\/wp-json\/wp\/v2\/posts\/6370","targetHints":{"allow":["GET"]}}],"collection":[{"href":"https:\/\/www.lasagadesgares.be\/wordpress\/wp-json\/wp\/v2\/posts"}],"about":[{"href":"https:\/\/www.lasagadesgares.be\/wordpress\/wp-json\/wp\/v2\/types\/post"}],"author":[{"embeddable":true,"href":"https:\/\/www.lasagadesgares.be\/wordpress\/wp-json\/wp\/v2\/users\/5"}],"replies":[{"embeddable":true,"href":"https:\/\/www.lasagadesgares.be\/wordpress\/wp-json\/wp\/v2\/comments?post=6370"}],"version-history":[{"count":3,"href":"https:\/\/www.lasagadesgares.be\/wordpress\/wp-json\/wp\/v2\/posts\/6370\/revisions"}],"predecessor-version":[{"id":7206,"href":"https:\/\/www.lasagadesgares.be\/wordpress\/wp-json\/wp\/v2\/posts\/6370\/revisions\/7206"}],"wp:featuredmedia":[{"embeddable":true,"href":"https:\/\/www.lasagadesgares.be\/wordpress\/wp-json\/wp\/v2\/media\/6371"}],"wp:attachment":[{"href":"https:\/\/www.lasagadesgares.be\/wordpress\/wp-json\/wp\/v2\/media?parent=6370"}],"wp:term":[{"taxonomy":"category","embeddable":true,"href":"https:\/\/www.lasagadesgares.be\/wordpress\/wp-json\/wp\/v2\/categories?post=6370"},{"taxonomy":"post_tag","embeddable":true,"href":"https:\/\/www.lasagadesgares.be\/wordpress\/wp-json\/wp\/v2\/tags?post=6370"}],"curies":[{"name":"wp","href":"https:\/\/api.w.org\/{rel}","templated":true}]}}