{"id":6366,"date":"2026-01-17T23:07:05","date_gmt":"2026-01-17T22:07:05","guid":{"rendered":"https:\/\/www.lasagadesgares.be\/wordpress\/?p=6366"},"modified":"2026-02-03T13:57:46","modified_gmt":"2026-02-03T12:57:46","slug":"elsegem","status":"publish","type":"post","link":"https:\/\/www.lasagadesgares.be\/wordpress\/elsegem\/","title":{"rendered":"Le point d&rsquo;arr\u00eat d&rsquo;Elsegem"},"content":{"rendered":"\n<p>Le point d\u2019arr\u00eat d\u2019Elseghem a \u00e9t\u00e9 ouvert \u00e0 titre exp\u00e9rimental le 1er juin 1890 et d\u00e9pendait de la gare d\u2019Anzegem. Elle se composait de deux quais courts, chacun dot\u00e9 d\u2019un abri en b\u00e9ton.<br>Le responsable du point d&rsquo;arr\u00eat, qui habitait pr\u00e8s du passage \u00e0 niveau, se chargeait de la vente des rares billets.<br>Pendant toute cette p\u00e9riode, rien n\u2019a chang\u00e9, sauf le nom, qui est devenu Elsegem en 1938. A l\u2019entr\u00e9e en vigueur du plan IC\/IR, le 3 juin 1984, le point d\u2019arr\u00eat, o\u00f9 seuls quelques trains s\u2019arr\u00eataient encore, a \u00e9t\u00e9 supprim\u00e9. Aujourd\u2019hui, tout a disparu, y compris la maisonnette de la garde-barri\u00e8re.<\/p>\n","protected":false},"excerpt":{"rendered":"<p>Le point d\u2019arr\u00eat d\u2019Elseghem a \u00e9t\u00e9 ouvert \u00e0 titre exp\u00e9rimental le 1er juin 1890 et d\u00e9pendait de la gare d\u2019Anzegem. Elle se composait de deux quais courts, chacun dot\u00e9 d\u2019un abri en b\u00e9ton.Le responsable du point d&rsquo;arr\u00eat, qui habitait pr\u00e8s du passage \u00e0 niveau, se chargeait de la vente des rares billets.Pendant toute cette p\u00e9riode, [&hellip;]<\/p>\n","protected":false},"author":5,"featured_media":7175,"comment_status":"closed","ping_status":"open","sticky":false,"template":"","format":"standard","meta":{"footnotes":""},"categories":[124,72,75],"tags":[],"class_list":["post-6366","post","type-post","status-publish","format-standard","has-post-thumbnail","hentry","category-emplacement-a-verifier","category-ligne-089","category-qrcode"],"_links":{"self":[{"href":"https:\/\/www.lasagadesgares.be\/wordpress\/wp-json\/wp\/v2\/posts\/6366","targetHints":{"allow":["GET"]}}],"collection":[{"href":"https:\/\/www.lasagadesgares.be\/wordpress\/wp-json\/wp\/v2\/posts"}],"about":[{"href":"https:\/\/www.lasagadesgares.be\/wordpress\/wp-json\/wp\/v2\/types\/post"}],"author":[{"embeddable":true,"href":"https:\/\/www.lasagadesgares.be\/wordpress\/wp-json\/wp\/v2\/users\/5"}],"replies":[{"embeddable":true,"href":"https:\/\/www.lasagadesgares.be\/wordpress\/wp-json\/wp\/v2\/comments?post=6366"}],"version-history":[{"count":2,"href":"https:\/\/www.lasagadesgares.be\/wordpress\/wp-json\/wp\/v2\/posts\/6366\/revisions"}],"predecessor-version":[{"id":7176,"href":"https:\/\/www.lasagadesgares.be\/wordpress\/wp-json\/wp\/v2\/posts\/6366\/revisions\/7176"}],"wp:featuredmedia":[{"embeddable":true,"href":"https:\/\/www.lasagadesgares.be\/wordpress\/wp-json\/wp\/v2\/media\/7175"}],"wp:attachment":[{"href":"https:\/\/www.lasagadesgares.be\/wordpress\/wp-json\/wp\/v2\/media?parent=6366"}],"wp:term":[{"taxonomy":"category","embeddable":true,"href":"https:\/\/www.lasagadesgares.be\/wordpress\/wp-json\/wp\/v2\/categories?post=6366"},{"taxonomy":"post_tag","embeddable":true,"href":"https:\/\/www.lasagadesgares.be\/wordpress\/wp-json\/wp\/v2\/tags?post=6366"}],"curies":[{"name":"wp","href":"https:\/\/api.w.org\/{rel}","templated":true}]}}