{"id":6364,"date":"2026-01-17T23:03:46","date_gmt":"2026-01-17T22:03:46","guid":{"rendered":"https:\/\/www.lasagadesgares.be\/wordpress\/?p=6364"},"modified":"2026-02-03T12:24:03","modified_gmt":"2026-02-03T11:24:03","slug":"petegem","status":"publish","type":"post","link":"https:\/\/www.lasagadesgares.be\/wordpress\/petegem\/","title":{"rendered":"Le point d&rsquo;arr\u00eat de Petegem"},"content":{"rendered":"\n<p>Le point d\u2019arr\u00eat de Petegem (ou \u00ab Peteghem-lez-Audenaerde \u00bb, comme elle s\u2019appelait \u00e0 l\u2019origine) a \u00e9t\u00e9 ouverte \u00e0 titre exp\u00e9rimental le 25 mai 1782 en tant que d\u00e9pendance de la gare d\u2019Audenarde.<br>Ce n\u2019est que bien plus tard qu\u2019un petit b\u00e2timent de gare fut construit selon les plans standard de l\u2019\u00c9tat belge. Il se composait de trois parties: une partie centrale avec un \u00e9tage, une aile lat\u00e9rale (courte) pour les guichets et la salle d\u2019attente, toutes deux avec un toit en b\u00e2ti\u00e8re, et une aile lat\u00e9rale pour l\u2019entrep\u00f4t et un local de service avec un toit plat. Il n\u2019y avait que deux quais et une courte voie de marchandises et une cour en face de la gare.<br>En 1916, le nom a \u00e9t\u00e9 chang\u00e9 en Peteghem (Audenarde) et en 1938, il a pris son nom actuel, Petegem.<br>La gare a \u00e9t\u00e9 ferm\u00e9e le 3 juin 1984 dans le cadre du plan IC\/IR, le b\u00e2timent de la gare a disparu peu apr\u00e8s le tournant du si\u00e8cle et il ne reste au jourd\u2019hui plus rien de cette gare, \u00e0 l\u2019exception de deux quais envahis par les mauvaises herbes.<\/p>\n\n\n\n<figure class=\"wp-block-gallery has-nested-images columns-default is-cropped wp-block-gallery-1 is-layout-flex wp-block-gallery-is-layout-flex\">\n<figure class=\"wp-block-image size-large\"><img fetchpriority=\"high\" decoding=\"async\" width=\"400\" height=\"267\" data-id=\"7170\" src=\"https:\/\/www.lasagadesgares.be\/wordpress\/wp-content\/uploads\/2026\/01\/Petegem-02-gares-belges.png\" alt=\"\" class=\"wp-image-7170\" srcset=\"https:\/\/www.lasagadesgares.be\/wordpress\/wp-content\/uploads\/2026\/01\/Petegem-02-gares-belges.png 400w, https:\/\/www.lasagadesgares.be\/wordpress\/wp-content\/uploads\/2026\/01\/Petegem-02-gares-belges-300x200.png 300w, https:\/\/www.lasagadesgares.be\/wordpress\/wp-content\/uploads\/2026\/01\/Petegem-02-gares-belges-1x1.png 1w\" sizes=\"(max-width: 400px) 100vw, 400px\" \/><\/figure>\n\n\n\n<figure class=\"wp-block-image size-large\"><img decoding=\"async\" width=\"400\" height=\"267\" data-id=\"7169\" src=\"https:\/\/www.lasagadesgares.be\/wordpress\/wp-content\/uploads\/2026\/01\/Petegem-01-gares-belges.png\" alt=\"\" class=\"wp-image-7169\" srcset=\"https:\/\/www.lasagadesgares.be\/wordpress\/wp-content\/uploads\/2026\/01\/Petegem-01-gares-belges.png 400w, https:\/\/www.lasagadesgares.be\/wordpress\/wp-content\/uploads\/2026\/01\/Petegem-01-gares-belges-300x200.png 300w, https:\/\/www.lasagadesgares.be\/wordpress\/wp-content\/uploads\/2026\/01\/Petegem-01-gares-belges-1x1.png 1w\" sizes=\"(max-width: 400px) 100vw, 400px\" \/><\/figure>\n<\/figure>\n","protected":false},"excerpt":{"rendered":"<p>Le point d\u2019arr\u00eat de Petegem (ou \u00ab Peteghem-lez-Audenaerde \u00bb, comme elle s\u2019appelait \u00e0 l\u2019origine) a \u00e9t\u00e9 ouverte \u00e0 titre exp\u00e9rimental le 25 mai 1782 en tant que d\u00e9pendance de la gare d\u2019Audenarde.Ce n\u2019est que bien plus tard qu\u2019un petit b\u00e2timent de gare fut construit selon les plans standard de l\u2019\u00c9tat belge. Il se composait de [&hellip;]<\/p>\n","protected":false},"author":5,"featured_media":7169,"comment_status":"closed","ping_status":"open","sticky":false,"template":"","format":"standard","meta":{"footnotes":""},"categories":[72,75],"tags":[],"class_list":["post-6364","post","type-post","status-publish","format-standard","has-post-thumbnail","hentry","category-ligne-089","category-qrcode"],"_links":{"self":[{"href":"https:\/\/www.lasagadesgares.be\/wordpress\/wp-json\/wp\/v2\/posts\/6364","targetHints":{"allow":["GET"]}}],"collection":[{"href":"https:\/\/www.lasagadesgares.be\/wordpress\/wp-json\/wp\/v2\/posts"}],"about":[{"href":"https:\/\/www.lasagadesgares.be\/wordpress\/wp-json\/wp\/v2\/types\/post"}],"author":[{"embeddable":true,"href":"https:\/\/www.lasagadesgares.be\/wordpress\/wp-json\/wp\/v2\/users\/5"}],"replies":[{"embeddable":true,"href":"https:\/\/www.lasagadesgares.be\/wordpress\/wp-json\/wp\/v2\/comments?post=6364"}],"version-history":[{"count":2,"href":"https:\/\/www.lasagadesgares.be\/wordpress\/wp-json\/wp\/v2\/posts\/6364\/revisions"}],"predecessor-version":[{"id":7171,"href":"https:\/\/www.lasagadesgares.be\/wordpress\/wp-json\/wp\/v2\/posts\/6364\/revisions\/7171"}],"wp:featuredmedia":[{"embeddable":true,"href":"https:\/\/www.lasagadesgares.be\/wordpress\/wp-json\/wp\/v2\/media\/7169"}],"wp:attachment":[{"href":"https:\/\/www.lasagadesgares.be\/wordpress\/wp-json\/wp\/v2\/media?parent=6364"}],"wp:term":[{"taxonomy":"category","embeddable":true,"href":"https:\/\/www.lasagadesgares.be\/wordpress\/wp-json\/wp\/v2\/categories?post=6364"},{"taxonomy":"post_tag","embeddable":true,"href":"https:\/\/www.lasagadesgares.be\/wordpress\/wp-json\/wp\/v2\/tags?post=6364"}],"curies":[{"name":"wp","href":"https:\/\/api.w.org\/{rel}","templated":true}]}}