{"id":6361,"date":"2026-01-17T22:59:59","date_gmt":"2026-01-17T21:59:59","guid":{"rendered":"https:\/\/www.lasagadesgares.be\/wordpress\/?p=6361"},"modified":"2026-02-14T15:56:57","modified_gmt":"2026-02-14T14:56:57","slug":"ename","status":"publish","type":"post","link":"https:\/\/www.lasagadesgares.be\/wordpress\/ename\/","title":{"rendered":"La gare d&rsquo;Ename"},"content":{"rendered":"\n<p>Ename \u2013 \u00ab&nbsp;Eename&nbsp;\u00bb \u00e0 l\u2019origine \u2013 a connu au d\u00e9part la m\u00eame histoire que les autres arr\u00eats de la ligne 89: elle s\u2019est ensuite d\u00e9velopp\u00e9e avant de conna\u00eetre une fin triste.<\/p>\n\n\n\n<p>La gare de\u2019Ename fut inaugur\u00e9e en m\u00eame temps que la ligne, le 14 d\u00e9cembre 1968. Pendant vingt ans, elle resta une gare ordinaire \u00e0 la p\u00e9riph\u00e9rie d\u2019Audenarde. En 1888, elle se voit pourvue d\u2019une voie de garage et un quai de d\u00e9chargement, qui fut imm\u00e9diatement \u00e9quip\u00e9 d\u2019un quai de chargement sur\u00e9lev\u00e9 et d\u2019un pont-bascule. C\u2019est \u00e9galement de cette p\u00e9riode que date le b\u00e2timent principal de la gare, un b\u00e2timent classique de l\u2019\u00c9tat belge compos\u00e9 de trois parties: une partie centrale avec un \u00e9tage pour le chef de gare et deux ailes lat\u00e9rales asym\u00e9triques.<\/p>\n\n\n\n<p>L\u2019aile la plus longue \u00e9tait \u00e9quip\u00e9e pour accueillir les voyageurs avec, notamment, un auvent sur toute sa longueur. Les locaux de service \u00e9taient situ\u00e9s dans l\u2019aile lat\u00e9rale plus courte. On trouvait \u00e9galement dans l\u2019espace de la gare un petit entrep\u00f4t.<\/p>\n\n\n\n<p>En 1982, le d\u00e9p\u00f4t de marchandises a \u00e9t\u00e9 ferm\u00e9, signe avant-coureur de la suite. Ename figurait en effet sur la liste des gares \u00e0 fermer dans le cadre du plan IC \/ IR, ce qui s\u2019est effectivement produit le 3 juin 1984. Peu de temps apr\u00e8s, le b\u00e2timent de la gare a \u00e9t\u00e9 d\u00e9moli, les quais ont \u00e9galement disparu. Il ne reste d\u00e8s lors plus rien de cette gare.<\/p>\n\n\n\n<figure class=\"wp-block-table is-style-regular\"><table class=\"has-fixed-layout\"><tbody><tr><td>Sites \u00e0 consulter<\/td><td><a href=\"https:\/\/www.garesbelges.be\/ename.htm\">Gares belges d&rsquo;autrefois <\/a><\/td><\/tr><tr><td><\/td><td><a href=\"https:\/\/nl.wikipedia.org\/wiki\/Station_Ename\">Wikipedia NL<\/a><\/td><\/tr><\/tbody><\/table><\/figure>\n\n\n\n<figure class=\"wp-block-gallery has-nested-images columns-default is-cropped wp-block-gallery-1 is-layout-flex wp-block-gallery-is-layout-flex\">\n<figure class=\"wp-block-image size-large\"><img fetchpriority=\"high\" decoding=\"async\" width=\"400\" height=\"258\" data-id=\"7642\" src=\"https:\/\/www.lasagadesgares.be\/wordpress\/wp-content\/uploads\/2026\/01\/ename_001.jpg\" alt=\"\" class=\"wp-image-7642\" srcset=\"https:\/\/www.lasagadesgares.be\/wordpress\/wp-content\/uploads\/2026\/01\/ename_001.jpg 400w, https:\/\/www.lasagadesgares.be\/wordpress\/wp-content\/uploads\/2026\/01\/ename_001-300x194.jpg 300w, https:\/\/www.lasagadesgares.be\/wordpress\/wp-content\/uploads\/2026\/01\/ename_001-1x1.jpg 1w\" sizes=\"(max-width: 400px) 100vw, 400px\" \/><\/figure>\n\n\n\n<figure class=\"wp-block-image size-large\"><img decoding=\"async\" width=\"400\" height=\"252\" data-id=\"7641\" src=\"https:\/\/www.lasagadesgares.be\/wordpress\/wp-content\/uploads\/2026\/01\/ename_002.jpg\" alt=\"\" class=\"wp-image-7641\" srcset=\"https:\/\/www.lasagadesgares.be\/wordpress\/wp-content\/uploads\/2026\/01\/ename_002.jpg 400w, https:\/\/www.lasagadesgares.be\/wordpress\/wp-content\/uploads\/2026\/01\/ename_002-300x189.jpg 300w, https:\/\/www.lasagadesgares.be\/wordpress\/wp-content\/uploads\/2026\/01\/ename_002-1x1.jpg 1w\" sizes=\"(max-width: 400px) 100vw, 400px\" \/><\/figure>\n<\/figure>\n","protected":false},"excerpt":{"rendered":"<p>Ename \u2013 \u00ab&nbsp;Eename&nbsp;\u00bb \u00e0 l\u2019origine \u2013 a connu au d\u00e9part la m\u00eame histoire que les autres arr\u00eats de la ligne 89: elle s\u2019est ensuite d\u00e9velopp\u00e9e avant de conna\u00eetre une fin triste. La gare de\u2019Ename fut inaugur\u00e9e en m\u00eame temps que la ligne, le 14 d\u00e9cembre 1968. Pendant vingt ans, elle resta une gare ordinaire \u00e0 [&hellip;]<\/p>\n","protected":false},"author":5,"featured_media":6362,"comment_status":"closed","ping_status":"open","sticky":false,"template":"","format":"standard","meta":{"footnotes":""},"categories":[72],"tags":[],"class_list":["post-6361","post","type-post","status-publish","format-standard","has-post-thumbnail","hentry","category-ligne-089"],"_links":{"self":[{"href":"https:\/\/www.lasagadesgares.be\/wordpress\/wp-json\/wp\/v2\/posts\/6361","targetHints":{"allow":["GET"]}}],"collection":[{"href":"https:\/\/www.lasagadesgares.be\/wordpress\/wp-json\/wp\/v2\/posts"}],"about":[{"href":"https:\/\/www.lasagadesgares.be\/wordpress\/wp-json\/wp\/v2\/types\/post"}],"author":[{"embeddable":true,"href":"https:\/\/www.lasagadesgares.be\/wordpress\/wp-json\/wp\/v2\/users\/5"}],"replies":[{"embeddable":true,"href":"https:\/\/www.lasagadesgares.be\/wordpress\/wp-json\/wp\/v2\/comments?post=6361"}],"version-history":[{"count":2,"href":"https:\/\/www.lasagadesgares.be\/wordpress\/wp-json\/wp\/v2\/posts\/6361\/revisions"}],"predecessor-version":[{"id":7643,"href":"https:\/\/www.lasagadesgares.be\/wordpress\/wp-json\/wp\/v2\/posts\/6361\/revisions\/7643"}],"wp:featuredmedia":[{"embeddable":true,"href":"https:\/\/www.lasagadesgares.be\/wordpress\/wp-json\/wp\/v2\/media\/6362"}],"wp:attachment":[{"href":"https:\/\/www.lasagadesgares.be\/wordpress\/wp-json\/wp\/v2\/media?parent=6361"}],"wp:term":[{"taxonomy":"category","embeddable":true,"href":"https:\/\/www.lasagadesgares.be\/wordpress\/wp-json\/wp\/v2\/categories?post=6361"},{"taxonomy":"post_tag","embeddable":true,"href":"https:\/\/www.lasagadesgares.be\/wordpress\/wp-json\/wp\/v2\/tags?post=6361"}],"curies":[{"name":"wp","href":"https:\/\/api.w.org\/{rel}","templated":true}]}}