{"id":6359,"date":"2026-01-17T22:54:53","date_gmt":"2026-01-17T21:54:53","guid":{"rendered":"https:\/\/www.lasagadesgares.be\/wordpress\/?p=6359"},"modified":"2026-02-14T16:04:43","modified_gmt":"2026-02-14T15:04:43","slug":"welden","status":"publish","type":"post","link":"https:\/\/www.lasagadesgares.be\/wordpress\/welden\/","title":{"rendered":"Le point d&rsquo;arr\u00eat de Welden"},"content":{"rendered":"\n<p>Welden fut l\u2019un des points arr\u00eats ouverts \u00e0 titre exp\u00e9rimental sur la ligne 89, le 3 janvier 1893. \u00c0 part deux courts quais et quelques abris, il n\u2019y avait rien d\u2019autre en ce lieu, et cela resta ainsi pendant toute l\u2019histoire de cet arr\u00eat. L\u2019arr\u00eat fut d\u00e9finitivement ferm\u00e9 dans le cadre du plan IC \/ IR du 3 juin 1984.<\/p>\n\n\n\n<figure class=\"wp-block-table is-style-regular\"><table class=\"has-fixed-layout\"><tbody><tr><td>Sites \u00e0 consulter<\/td><td><a href=\"https:\/\/nl.wikipedia.org\/wiki\/Station_Welden\">Wikipedia NL<\/a><\/td><\/tr><\/tbody><\/table><\/figure>\n\n\n\n<p><\/p>\n","protected":false},"excerpt":{"rendered":"<p>Welden fut l\u2019un des points arr\u00eats ouverts \u00e0 titre exp\u00e9rimental sur la ligne 89, le 3 janvier 1893. \u00c0 part deux courts quais et quelques abris, il n\u2019y avait rien d\u2019autre en ce lieu, et cela resta ainsi pendant toute l\u2019histoire de cet arr\u00eat. L\u2019arr\u00eat fut d\u00e9finitivement ferm\u00e9 dans le cadre du plan IC \/ [&hellip;]<\/p>\n","protected":false},"author":5,"featured_media":0,"comment_status":"closed","ping_status":"open","sticky":false,"template":"","format":"standard","meta":{"footnotes":""},"categories":[72],"tags":[],"class_list":["post-6359","post","type-post","status-publish","format-standard","hentry","category-ligne-089"],"_links":{"self":[{"href":"https:\/\/www.lasagadesgares.be\/wordpress\/wp-json\/wp\/v2\/posts\/6359","targetHints":{"allow":["GET"]}}],"collection":[{"href":"https:\/\/www.lasagadesgares.be\/wordpress\/wp-json\/wp\/v2\/posts"}],"about":[{"href":"https:\/\/www.lasagadesgares.be\/wordpress\/wp-json\/wp\/v2\/types\/post"}],"author":[{"embeddable":true,"href":"https:\/\/www.lasagadesgares.be\/wordpress\/wp-json\/wp\/v2\/users\/5"}],"replies":[{"embeddable":true,"href":"https:\/\/www.lasagadesgares.be\/wordpress\/wp-json\/wp\/v2\/comments?post=6359"}],"version-history":[{"count":2,"href":"https:\/\/www.lasagadesgares.be\/wordpress\/wp-json\/wp\/v2\/posts\/6359\/revisions"}],"predecessor-version":[{"id":7645,"href":"https:\/\/www.lasagadesgares.be\/wordpress\/wp-json\/wp\/v2\/posts\/6359\/revisions\/7645"}],"wp:attachment":[{"href":"https:\/\/www.lasagadesgares.be\/wordpress\/wp-json\/wp\/v2\/media?parent=6359"}],"wp:term":[{"taxonomy":"category","embeddable":true,"href":"https:\/\/www.lasagadesgares.be\/wordpress\/wp-json\/wp\/v2\/categories?post=6359"},{"taxonomy":"post_tag","embeddable":true,"href":"https:\/\/www.lasagadesgares.be\/wordpress\/wp-json\/wp\/v2\/tags?post=6359"}],"curies":[{"name":"wp","href":"https:\/\/api.w.org\/{rel}","templated":true}]}}