{"id":6356,"date":"2026-01-17T22:49:54","date_gmt":"2026-01-17T21:49:54","guid":{"rendered":"https:\/\/www.lasagadesgares.be\/wordpress\/?p=6356"},"modified":"2026-02-14T17:06:22","modified_gmt":"2026-02-14T16:06:22","slug":"sint-denijs-boekel-nederzwalm","status":"publish","type":"post","link":"https:\/\/www.lasagadesgares.be\/wordpress\/sint-denijs-boekel-nederzwalm\/","title":{"rendered":"La gare de Sint-Denijs-Boekel (Nederzwalm)"},"content":{"rendered":"\n<p>La gare \u00ab&nbsp;Boucle-Saint-Denis (Sint Denijs Boekel)&nbsp;\u00bb a \u00e9t\u00e9 inaugur\u00e9e en m\u00eame temps que la ligne 89, le 14 d\u00e9cembre 1968, avec un b\u00e2timent provisoire en bois. Le b\u00e2timent en briques date de 1896 et pr\u00e9sentait les m\u00eames caract\u00e9ristiques que celui de Herzele. Il comportait \u00e9galement une partie centrale avec un \u00e9tage, mais la nouveaut\u00e9 r\u00e9sidait dans le fait que le kiosque \u00e0 journaux se trouvait en partie sur le quai. Il y avait \u00e9galement deux ailes lat\u00e9rales asym\u00e9triques, l\u2019une pour les voyageurs avec des guichets et une salle d\u2019attente, l\u2019autre pour le personnel. Le grenier \u00e9tait \u00e9galement utilis\u00e9 et de petites fen\u00eatres avaient \u00e9t\u00e9 pr\u00e9vues \u00e0 cet effet dans une partie situ\u00e9e au-dessus du rez de-chauss\u00e9e des ailes lat\u00e9rales. Des arcs circulaires surmontaient les portes et les fen\u00eatres du rez-de-chauss\u00e9e et divers ornements d\u00e9coratifs \u00e9taient utilis\u00e9s dans les fa\u00e7ades.<\/p>\n\n\n\n<p>En 1896, la gare re\u00e7ut un nom bilingue, \u00ab&nbsp;Sint-Denijs-Boekel &#8211; Nederzwalm \/ Boucle -Saint-Denis \u2013 Nederzwalm&nbsp;\u00bb, probablement le plus long du r\u00e9seau. Le nom Nederzwalm, provenant de la commune voisine, fut ajout\u00e9 apr\u00e8s protestation de cette derni\u00e8re. Un petit d\u00e9p\u00f4t de marchandises fut \u00e9galement am\u00e9nag\u00e9 en face de la gare.<\/p>\n\n\n\n<p>Dans les ann\u00e9es 70, il \u00e9tait pr\u00e9vu de construire plusieurs nouveaux b\u00e2timents de gare, mais ce projet resta limit\u00e9. Devenue entre-temps \u00ab&nbsp;Sint-Denijs-Boekel&nbsp;\u00bb, une nouvelle gare moderne a \u00e9t\u00e9 construite en 1984 \u00e0 l\u2019emplacement de l\u2019ancienne. Cela s\u2019est fait en plusieurs phases afin que les voyageurs disposent toujours d\u2019un endroit abrit\u00e9 avec les guichets. La nouvelle gare est un b\u00e2timent rectangulaire simple avec des toits de diff\u00e9rentes hauteurs. Au cours de cette p\u00e9riode, les quais ont \u00e9galement \u00e9t\u00e9 modernis\u00e9s et de nouveaux abris ont \u00e9t\u00e9 install\u00e9s. \u00c0 partir de 1994, les trains ne s\u2019arr\u00eat\u00e8rent plus le week-end en raison du manque de voyageurs. En semaine, environ 170 personnes prenaient le train ici\u2026 L\u2019ancien hangar de d\u00e9chargement a \u00e9t\u00e9 transform\u00e9 en parking de gare.<\/p>\n\n\n\n<figure class=\"wp-block-table is-style-regular\"><table class=\"has-fixed-layout\"><tbody><tr><td>Sites \u00e0 consulter<\/td><td><a href=\"https:\/\/www.garesbelges.be\/sint_denijs_boekel.htm\">Gares belges d&rsquo;autrefois <\/a><\/td><\/tr><tr><td><\/td><td><a href=\"https:\/\/www.railstation.be\/gare-de-sint-denijs-boekel\/\">RailStation<\/a><\/td><\/tr><tr><td><\/td><td><a href=\"https:\/\/fr.wikipedia.org\/wiki\/Gare_de_Boucle-Saint-Denis\">Wikipedia FR<\/a><\/td><\/tr><tr><td><\/td><td><a href=\"https:\/\/nl.wikipedia.org\/wiki\/Station_Sint-Denijs-Boekel\">Wikipedia NL<\/a><\/td><\/tr><\/tbody><\/table><\/figure>\n\n\n\n<figure class=\"wp-block-gallery has-nested-images columns-default is-cropped wp-block-gallery-1 is-layout-flex wp-block-gallery-is-layout-flex\">\n<figure class=\"wp-block-image size-large\"><img fetchpriority=\"high\" decoding=\"async\" width=\"400\" height=\"251\" data-id=\"7648\" src=\"https:\/\/www.lasagadesgares.be\/wordpress\/wp-content\/uploads\/2026\/01\/sint_denijs_boekel_nederzwalm_002.jpg\" alt=\"\" class=\"wp-image-7648\" srcset=\"https:\/\/www.lasagadesgares.be\/wordpress\/wp-content\/uploads\/2026\/01\/sint_denijs_boekel_nederzwalm_002.jpg 400w, https:\/\/www.lasagadesgares.be\/wordpress\/wp-content\/uploads\/2026\/01\/sint_denijs_boekel_nederzwalm_002-300x188.jpg 300w, https:\/\/www.lasagadesgares.be\/wordpress\/wp-content\/uploads\/2026\/01\/sint_denijs_boekel_nederzwalm_002-1x1.jpg 1w\" sizes=\"(max-width: 400px) 100vw, 400px\" \/><\/figure>\n\n\n\n<figure class=\"wp-block-image size-large\"><img decoding=\"async\" width=\"400\" height=\"300\" data-id=\"7649\" src=\"https:\/\/www.lasagadesgares.be\/wordpress\/wp-content\/uploads\/2026\/01\/sint_denijs_boekel_nederzwalm_005.jpg\" alt=\"\" class=\"wp-image-7649\" srcset=\"https:\/\/www.lasagadesgares.be\/wordpress\/wp-content\/uploads\/2026\/01\/sint_denijs_boekel_nederzwalm_005.jpg 400w, https:\/\/www.lasagadesgares.be\/wordpress\/wp-content\/uploads\/2026\/01\/sint_denijs_boekel_nederzwalm_005-300x225.jpg 300w, https:\/\/www.lasagadesgares.be\/wordpress\/wp-content\/uploads\/2026\/01\/sint_denijs_boekel_nederzwalm_005-1x1.jpg 1w\" sizes=\"(max-width: 400px) 100vw, 400px\" \/><\/figure>\n\n\n\n<figure class=\"wp-block-image size-large\"><img decoding=\"async\" width=\"400\" height=\"269\" data-id=\"7647\" src=\"https:\/\/www.lasagadesgares.be\/wordpress\/wp-content\/uploads\/2026\/01\/sint_denijs_boekel_nederzwalm_014.jpg\" alt=\"\" class=\"wp-image-7647\" srcset=\"https:\/\/www.lasagadesgares.be\/wordpress\/wp-content\/uploads\/2026\/01\/sint_denijs_boekel_nederzwalm_014.jpg 400w, https:\/\/www.lasagadesgares.be\/wordpress\/wp-content\/uploads\/2026\/01\/sint_denijs_boekel_nederzwalm_014-300x202.jpg 300w, https:\/\/www.lasagadesgares.be\/wordpress\/wp-content\/uploads\/2026\/01\/sint_denijs_boekel_nederzwalm_014-1x1.jpg 1w\" sizes=\"(max-width: 400px) 100vw, 400px\" \/><\/figure>\n<\/figure>\n","protected":false},"excerpt":{"rendered":"<p>La gare \u00ab&nbsp;Boucle-Saint-Denis (Sint Denijs Boekel)&nbsp;\u00bb a \u00e9t\u00e9 inaugur\u00e9e en m\u00eame temps que la ligne 89, le 14 d\u00e9cembre 1968, avec un b\u00e2timent provisoire en bois. Le b\u00e2timent en briques date de 1896 et pr\u00e9sentait les m\u00eames caract\u00e9ristiques que celui de Herzele. Il comportait \u00e9galement une partie centrale avec un \u00e9tage, mais la nouveaut\u00e9 r\u00e9sidait [&hellip;]<\/p>\n","protected":false},"author":5,"featured_media":7647,"comment_status":"closed","ping_status":"open","sticky":false,"template":"","format":"standard","meta":{"footnotes":""},"categories":[72],"tags":[],"class_list":["post-6356","post","type-post","status-publish","format-standard","has-post-thumbnail","hentry","category-ligne-089"],"_links":{"self":[{"href":"https:\/\/www.lasagadesgares.be\/wordpress\/wp-json\/wp\/v2\/posts\/6356","targetHints":{"allow":["GET"]}}],"collection":[{"href":"https:\/\/www.lasagadesgares.be\/wordpress\/wp-json\/wp\/v2\/posts"}],"about":[{"href":"https:\/\/www.lasagadesgares.be\/wordpress\/wp-json\/wp\/v2\/types\/post"}],"author":[{"embeddable":true,"href":"https:\/\/www.lasagadesgares.be\/wordpress\/wp-json\/wp\/v2\/users\/5"}],"replies":[{"embeddable":true,"href":"https:\/\/www.lasagadesgares.be\/wordpress\/wp-json\/wp\/v2\/comments?post=6356"}],"version-history":[{"count":2,"href":"https:\/\/www.lasagadesgares.be\/wordpress\/wp-json\/wp\/v2\/posts\/6356\/revisions"}],"predecessor-version":[{"id":7650,"href":"https:\/\/www.lasagadesgares.be\/wordpress\/wp-json\/wp\/v2\/posts\/6356\/revisions\/7650"}],"wp:featuredmedia":[{"embeddable":true,"href":"https:\/\/www.lasagadesgares.be\/wordpress\/wp-json\/wp\/v2\/media\/7647"}],"wp:attachment":[{"href":"https:\/\/www.lasagadesgares.be\/wordpress\/wp-json\/wp\/v2\/media?parent=6356"}],"wp:term":[{"taxonomy":"category","embeddable":true,"href":"https:\/\/www.lasagadesgares.be\/wordpress\/wp-json\/wp\/v2\/categories?post=6356"},{"taxonomy":"post_tag","embeddable":true,"href":"https:\/\/www.lasagadesgares.be\/wordpress\/wp-json\/wp\/v2\/tags?post=6356"}],"curies":[{"name":"wp","href":"https:\/\/api.w.org\/{rel}","templated":true}]}}