{"id":6353,"date":"2026-01-17T22:37:53","date_gmt":"2026-01-17T21:37:53","guid":{"rendered":"https:\/\/www.lasagadesgares.be\/wordpress\/?p=6353"},"modified":"2026-02-14T17:49:35","modified_gmt":"2026-02-14T16:49:35","slug":"roborst","status":"publish","type":"post","link":"https:\/\/www.lasagadesgares.be\/wordpress\/roborst\/","title":{"rendered":"La gare de Roborst"},"content":{"rendered":"\n<p>Ce n\u2019est que le 1er juillet 1873 que la gare de \u00ab&nbsp;Rooborst&nbsp;\u00bb fut inaugur\u00e9e. Deux ans plus tard, une voie de garage et une cour de marchandises furent am\u00e9nag\u00e9es. Celle-ci fut modernis\u00e9e en 1888 et agrandie avec un quai de d\u00e9chargement sur\u00e9lev\u00e9 et un pont-bascule. C\u2019est \u00e9galement \u00e0 cette p\u00e9riode que fut construit le b\u00e2timent principal de la gare, en briques. Il comportait trois parties. La partie centrale \u00e0 \u00e9tage \u00e9tait beaucoup plus longue que celle des gares voisines et les deux ailes lat\u00e9rales \u00e9taient asym\u00e9triques: la plus longue abritait les guichets et la salle d\u2019attente, ainsi qu\u2019un auvent, l\u2019autre aile \u00e9tait plus courte et abritait un local de service pour la livraison et le retrait des colis.<\/p>\n\n\n\n<p>\u00c0 c\u00f4t\u00e9 se trouvait l\u2019entrep\u00f4t pour les outils et, en dessous, le p\u00e9trole pour les signaux m\u00e9caniques. Le b\u00e2timent principal avait un toit en b\u00e2ti\u00e8re. La salle d\u2019attente sur le deuxi\u00e8me quai \u00e9tait \u00e9galement remarquable : il s\u2019agissait d\u2019un long b\u00e2timent en briques avec un toit en b\u00e2ti\u00e8re. Il \u00e9tait en partie cr\u00e9pis et enti\u00e8rement peint en blanc. De l\u2019autre c\u00f4t\u00e9 du passage \u00e0 niveau se trouvait la maison du garde-barri\u00e8re. Le nom de la gare est, plus tard, devenu \u00ab&nbsp;Roborst&nbsp;\u00bb.<\/p>\n\n\n\n<p>Dans les ann\u00e9es 60, le hangar de d\u00e9chargement a \u00e9t\u00e9 enti\u00e8rement d\u00e9moli. \u00c0 cette \u00e9poque, la gare n\u2019\u00e9tait plus utilis\u00e9e et allait rapidement se d\u00e9t\u00e9riorer. L\u2019auvent avait d\u00e9j\u00e0 \u00e9t\u00e9 d\u00e9mont\u00e9. Cet arr\u00eat a d\u00e9finitivement disparu en juin 1984 avec le plan IC\/IR. Peu de temps apr\u00e8s, le b\u00e2timent de la gare et la salle d\u2019attente situ\u00e9e en face ont \u00e9t\u00e9 d\u00e9molis et les quais ont \u00e9t\u00e9 supprim\u00e9s. Aujourd\u2019hui, plus rien ne rappelle l\u2019existence de cet arr\u00eat.<\/p>\n\n\n\n<figure class=\"wp-block-table is-style-regular\"><table class=\"has-fixed-layout\"><tbody><tr><td>Sites \u00e0 consulter<\/td><td><a href=\"https:\/\/www.garesbelges.be\/roborst.htm\">Gares belges d&rsquo;autrefois <\/a><\/td><\/tr><tr><td><\/td><td><a href=\"https:\/\/nl.wikipedia.org\/wiki\/Station_Roborst\">Wikipedia NL<\/a><\/td><\/tr><\/tbody><\/table><\/figure>\n\n\n\n<figure class=\"wp-block-gallery has-nested-images columns-default is-cropped wp-block-gallery-1 is-layout-flex wp-block-gallery-is-layout-flex\">\n<figure class=\"wp-block-image size-large\"><img fetchpriority=\"high\" decoding=\"async\" width=\"400\" height=\"213\" data-id=\"7659\" src=\"https:\/\/www.lasagadesgares.be\/wordpress\/wp-content\/uploads\/2026\/01\/roborst_001.jpg\" alt=\"\" class=\"wp-image-7659\" srcset=\"https:\/\/www.lasagadesgares.be\/wordpress\/wp-content\/uploads\/2026\/01\/roborst_001.jpg 400w, https:\/\/www.lasagadesgares.be\/wordpress\/wp-content\/uploads\/2026\/01\/roborst_001-300x160.jpg 300w, https:\/\/www.lasagadesgares.be\/wordpress\/wp-content\/uploads\/2026\/01\/roborst_001-1x1.jpg 1w\" sizes=\"(max-width: 400px) 100vw, 400px\" \/><\/figure>\n\n\n\n<figure class=\"wp-block-image size-large\"><img decoding=\"async\" width=\"400\" height=\"263\" data-id=\"7660\" src=\"https:\/\/www.lasagadesgares.be\/wordpress\/wp-content\/uploads\/2026\/01\/roborst_003.jpg\" alt=\"\" class=\"wp-image-7660\" srcset=\"https:\/\/www.lasagadesgares.be\/wordpress\/wp-content\/uploads\/2026\/01\/roborst_003.jpg 400w, https:\/\/www.lasagadesgares.be\/wordpress\/wp-content\/uploads\/2026\/01\/roborst_003-300x197.jpg 300w, https:\/\/www.lasagadesgares.be\/wordpress\/wp-content\/uploads\/2026\/01\/roborst_003-1x1.jpg 1w\" sizes=\"(max-width: 400px) 100vw, 400px\" \/><\/figure>\n\n\n\n<figure class=\"wp-block-image size-large\"><img decoding=\"async\" width=\"400\" height=\"256\" data-id=\"7661\" src=\"https:\/\/www.lasagadesgares.be\/wordpress\/wp-content\/uploads\/2026\/01\/roborst_002.jpg\" alt=\"\" class=\"wp-image-7661\" srcset=\"https:\/\/www.lasagadesgares.be\/wordpress\/wp-content\/uploads\/2026\/01\/roborst_002.jpg 400w, https:\/\/www.lasagadesgares.be\/wordpress\/wp-content\/uploads\/2026\/01\/roborst_002-300x192.jpg 300w, https:\/\/www.lasagadesgares.be\/wordpress\/wp-content\/uploads\/2026\/01\/roborst_002-1x1.jpg 1w\" sizes=\"(max-width: 400px) 100vw, 400px\" \/><\/figure>\n<\/figure>\n","protected":false},"excerpt":{"rendered":"<p>Ce n\u2019est que le 1er juillet 1873 que la gare de \u00ab&nbsp;Rooborst&nbsp;\u00bb fut inaugur\u00e9e. Deux ans plus tard, une voie de garage et une cour de marchandises furent am\u00e9nag\u00e9es. Celle-ci fut modernis\u00e9e en 1888 et agrandie avec un quai de d\u00e9chargement sur\u00e9lev\u00e9 et un pont-bascule. C\u2019est \u00e9galement \u00e0 cette p\u00e9riode que fut construit le b\u00e2timent [&hellip;]<\/p>\n","protected":false},"author":5,"featured_media":6354,"comment_status":"closed","ping_status":"open","sticky":false,"template":"","format":"standard","meta":{"footnotes":""},"categories":[72],"tags":[],"class_list":["post-6353","post","type-post","status-publish","format-standard","has-post-thumbnail","hentry","category-ligne-089"],"_links":{"self":[{"href":"https:\/\/www.lasagadesgares.be\/wordpress\/wp-json\/wp\/v2\/posts\/6353","targetHints":{"allow":["GET"]}}],"collection":[{"href":"https:\/\/www.lasagadesgares.be\/wordpress\/wp-json\/wp\/v2\/posts"}],"about":[{"href":"https:\/\/www.lasagadesgares.be\/wordpress\/wp-json\/wp\/v2\/types\/post"}],"author":[{"embeddable":true,"href":"https:\/\/www.lasagadesgares.be\/wordpress\/wp-json\/wp\/v2\/users\/5"}],"replies":[{"embeddable":true,"href":"https:\/\/www.lasagadesgares.be\/wordpress\/wp-json\/wp\/v2\/comments?post=6353"}],"version-history":[{"count":2,"href":"https:\/\/www.lasagadesgares.be\/wordpress\/wp-json\/wp\/v2\/posts\/6353\/revisions"}],"predecessor-version":[{"id":7662,"href":"https:\/\/www.lasagadesgares.be\/wordpress\/wp-json\/wp\/v2\/posts\/6353\/revisions\/7662"}],"wp:featuredmedia":[{"embeddable":true,"href":"https:\/\/www.lasagadesgares.be\/wordpress\/wp-json\/wp\/v2\/media\/6354"}],"wp:attachment":[{"href":"https:\/\/www.lasagadesgares.be\/wordpress\/wp-json\/wp\/v2\/media?parent=6353"}],"wp:term":[{"taxonomy":"category","embeddable":true,"href":"https:\/\/www.lasagadesgares.be\/wordpress\/wp-json\/wp\/v2\/categories?post=6353"},{"taxonomy":"post_tag","embeddable":true,"href":"https:\/\/www.lasagadesgares.be\/wordpress\/wp-json\/wp\/v2\/tags?post=6353"}],"curies":[{"name":"wp","href":"https:\/\/api.w.org\/{rel}","templated":true}]}}