{"id":6337,"date":"2026-01-17T21:45:56","date_gmt":"2026-01-17T20:45:56","guid":{"rendered":"https:\/\/www.lasagadesgares.be\/wordpress\/?p=6337"},"modified":"2026-02-16T14:01:30","modified_gmt":"2026-02-16T13:01:30","slug":"terhagen","status":"publish","type":"post","link":"https:\/\/www.lasagadesgares.be\/wordpress\/terhagen\/","title":{"rendered":"Le point d&rsquo;arr\u00eat de Terhagen"},"content":{"rendered":"\n<p>Le point d&rsquo;arr\u00eat \u00ab\u00a0Terhaegen\u00a0\u00bb a \u00e9t\u00e9 mise en service sur la ligne 89 \u00e0 titre exp\u00e9rimental le 3 mai 1889 et \u00e9tait g\u00e9r\u00e9e depuis Burst. Les titres de transport \u00e9taient vendus par le service Exploitation depuis la gu\u00e9rite situ\u00e9e de l\u2019autre c\u00f4t\u00e9 du passage \u00e0 niveau.<\/p>\n\n\n\n<p>Ce point d&rsquo;arr\u00eat se composait de deux quais courts et de quelques abris en b\u00e9ton. Pendant la Premi\u00e8re Guerre mondiale, il ne fut plus desservi. Il fut remis en service dans les ann\u00e9es 20. Son nom fut chang\u00e9 en \u00ab\u00a0Terhagen\u00a0\u00bb (sans \u00ab\u00a0e\u00a0\u00bb) en 1938.<\/p>\n\n\n\n<p>Depuis le 29 mai 1994, le point d\u2019arr\u00eat n\u2019est plus desservi le week-end. Les quais ont \u00e9t\u00e9 modernis\u00e9s, mais pas sur\u00e9lev\u00e9s, et de nouveaux abris plus modernes ont \u00e9t\u00e9 install\u00e9s par la suite. La maison du garde-barri\u00e8re est devenue un caf\u00e9, puis une habitation. Elle existe toujours aujourd&rsquo;hui.<\/p>\n\n\n\n<figure class=\"wp-block-table is-style-regular\"><table class=\"has-fixed-layout\"><tbody><tr><td>Sites \u00e0 consulter<\/td><td><a href=\"https:\/\/www.garesbelges.be\/terhagen.htm\">Gares belges d&rsquo;autrefois <\/a><\/td><\/tr><tr><td><\/td><td><a href=\"https:\/\/fr.wikipedia.org\/wiki\/Gare_de_Terhagen\">Wikipedia FR<\/a><\/td><\/tr><tr><td><\/td><td><a href=\"https:\/\/nl.wikipedia.org\/wiki\/Station_Terhagen\">Wikipedia NL<\/a><\/td><\/tr><\/tbody><\/table><\/figure>\n\n\n\n<p><\/p>\n","protected":false},"excerpt":{"rendered":"<p>Le point d&rsquo;arr\u00eat \u00ab\u00a0Terhaegen\u00a0\u00bb a \u00e9t\u00e9 mise en service sur la ligne 89 \u00e0 titre exp\u00e9rimental le 3 mai 1889 et \u00e9tait g\u00e9r\u00e9e depuis Burst. Les titres de transport \u00e9taient vendus par le service Exploitation depuis la gu\u00e9rite situ\u00e9e de l\u2019autre c\u00f4t\u00e9 du passage \u00e0 niveau. Ce point d&rsquo;arr\u00eat se composait de deux quais courts [&hellip;]<\/p>\n","protected":false},"author":5,"featured_media":7743,"comment_status":"closed","ping_status":"open","sticky":false,"template":"","format":"standard","meta":{"footnotes":""},"categories":[72],"tags":[],"class_list":["post-6337","post","type-post","status-publish","format-standard","has-post-thumbnail","hentry","category-ligne-089"],"_links":{"self":[{"href":"https:\/\/www.lasagadesgares.be\/wordpress\/wp-json\/wp\/v2\/posts\/6337","targetHints":{"allow":["GET"]}}],"collection":[{"href":"https:\/\/www.lasagadesgares.be\/wordpress\/wp-json\/wp\/v2\/posts"}],"about":[{"href":"https:\/\/www.lasagadesgares.be\/wordpress\/wp-json\/wp\/v2\/types\/post"}],"author":[{"embeddable":true,"href":"https:\/\/www.lasagadesgares.be\/wordpress\/wp-json\/wp\/v2\/users\/5"}],"replies":[{"embeddable":true,"href":"https:\/\/www.lasagadesgares.be\/wordpress\/wp-json\/wp\/v2\/comments?post=6337"}],"version-history":[{"count":2,"href":"https:\/\/www.lasagadesgares.be\/wordpress\/wp-json\/wp\/v2\/posts\/6337\/revisions"}],"predecessor-version":[{"id":7745,"href":"https:\/\/www.lasagadesgares.be\/wordpress\/wp-json\/wp\/v2\/posts\/6337\/revisions\/7745"}],"wp:featuredmedia":[{"embeddable":true,"href":"https:\/\/www.lasagadesgares.be\/wordpress\/wp-json\/wp\/v2\/media\/7743"}],"wp:attachment":[{"href":"https:\/\/www.lasagadesgares.be\/wordpress\/wp-json\/wp\/v2\/media?parent=6337"}],"wp:term":[{"taxonomy":"category","embeddable":true,"href":"https:\/\/www.lasagadesgares.be\/wordpress\/wp-json\/wp\/v2\/categories?post=6337"},{"taxonomy":"post_tag","embeddable":true,"href":"https:\/\/www.lasagadesgares.be\/wordpress\/wp-json\/wp\/v2\/tags?post=6337"}],"curies":[{"name":"wp","href":"https:\/\/api.w.org\/{rel}","templated":true}]}}