{"id":6334,"date":"2026-01-17T21:39:10","date_gmt":"2026-01-17T20:39:10","guid":{"rendered":"https:\/\/www.lasagadesgares.be\/wordpress\/?p=6334"},"modified":"2026-02-17T07:01:08","modified_gmt":"2026-02-17T06:01:08","slug":"ede","status":"publish","type":"post","link":"https:\/\/www.lasagadesgares.be\/wordpress\/ede\/","title":{"rendered":"La gare d&rsquo;Ede"},"content":{"rendered":"\n<p>La gare de \u00ab Eede \u00bb a \u00e9t\u00e9 ouverte en tant que point arr\u00eat de la ligne 89 le 1er octobre 1894 avant se devenir une gare au tournant du si\u00e8cle.\u00a0Le b\u00e2timent principal de l&rsquo;\u00e9poque comprenait un \u00e9tage pour le logement du chef de gare et de sa famille. L\u2019aile lat\u00e9rale, tr\u00e8s longue, comprenait les guichets et une salle d\u2019attente spacieuse ainsi qu&rsquo;un espace pour la r\u00e9ception et la remise des colis et un local de service. A l&rsquo;opposait se trouvait un hangar aux marchandises \u00e0 toit plat, avec un local attenant pour les toilettes. Un grand abri en b\u00e9ton \u00e9quipait le quai n\u00b02. En 1907, une voie de garage avec un petit hangar de d\u00e9chargement fut \u00e9galement construit dans le prolongement de la gare.<\/p>\n\n\n\n<p>Ce n\u2019est qu\u2019en 1951 que le nom de la gare est devenu a \u00e9t\u00e9 chang\u00e9 en \u00ab Ede \u00bb. L\u2019\u00e9lectrification du 23 mai 1982 n\u2019apporta aucun changement suppl\u00e9mentaire. Le hangar de d\u00e9chargement et la voie de garage furent supprim\u00e9s au d\u00e9but des ann\u00e9es 1980. En 1991, la vente de titres de transport fut arr\u00eat\u00e9e et la gare fut mise en vente avant d&rsquo;\u00eatre d\u00e9molie peu de temps apr\u00e8s et remplac\u00e9e par le parking de la gare. Entre-temps, les quais ont \u00e9t\u00e9 modernis\u00e9s.<\/p>\n\n\n\n<figure class=\"wp-block-table is-style-regular\"><table class=\"has-fixed-layout\"><tbody><tr><td>Sites \u00e0 consulter<\/td><td><a href=\"https:\/\/www.garesbelges.be\/ede.htm\">Gares belges d&rsquo;autrefois <\/a><\/td><\/tr><tr><td><\/td><td><a href=\"https:\/\/fr.wikipedia.org\/wiki\/Gare_d%27Ede\">Wikipedia FR<\/a><\/td><\/tr><tr><td><\/td><td><a href=\"https:\/\/nl.wikipedia.org\/wiki\/Station_Ede_(Belgi%C3%AB)\">Wikipedia NL<\/a><\/td><\/tr><\/tbody><\/table><\/figure>\n\n\n\n<figure class=\"wp-block-gallery has-nested-images columns-default is-cropped wp-block-gallery-1 is-layout-flex wp-block-gallery-is-layout-flex\">\n<figure class=\"wp-block-image size-large\"><img fetchpriority=\"high\" decoding=\"async\" width=\"400\" height=\"247\" data-id=\"7801\" src=\"https:\/\/www.lasagadesgares.be\/wordpress\/wp-content\/uploads\/2026\/01\/ede_003.jpg\" alt=\"\" class=\"wp-image-7801\" srcset=\"https:\/\/www.lasagadesgares.be\/wordpress\/wp-content\/uploads\/2026\/01\/ede_003.jpg 400w, https:\/\/www.lasagadesgares.be\/wordpress\/wp-content\/uploads\/2026\/01\/ede_003-300x185.jpg 300w, https:\/\/www.lasagadesgares.be\/wordpress\/wp-content\/uploads\/2026\/01\/ede_003-1x1.jpg 1w\" sizes=\"(max-width: 400px) 100vw, 400px\" \/><\/figure>\n\n\n\n<figure class=\"wp-block-image size-large\"><img decoding=\"async\" width=\"400\" height=\"300\" data-id=\"7802\" src=\"https:\/\/www.lasagadesgares.be\/wordpress\/wp-content\/uploads\/2026\/01\/ede_004.jpg\" alt=\"\" class=\"wp-image-7802\" srcset=\"https:\/\/www.lasagadesgares.be\/wordpress\/wp-content\/uploads\/2026\/01\/ede_004.jpg 400w, https:\/\/www.lasagadesgares.be\/wordpress\/wp-content\/uploads\/2026\/01\/ede_004-300x225.jpg 300w, https:\/\/www.lasagadesgares.be\/wordpress\/wp-content\/uploads\/2026\/01\/ede_004-1x1.jpg 1w\" sizes=\"(max-width: 400px) 100vw, 400px\" \/><\/figure>\n\n\n\n<figure class=\"wp-block-image size-large\"><img decoding=\"async\" width=\"400\" height=\"300\" data-id=\"7803\" src=\"https:\/\/www.lasagadesgares.be\/wordpress\/wp-content\/uploads\/2026\/01\/ede_007.jpg\" alt=\"\" class=\"wp-image-7803\" srcset=\"https:\/\/www.lasagadesgares.be\/wordpress\/wp-content\/uploads\/2026\/01\/ede_007.jpg 400w, https:\/\/www.lasagadesgares.be\/wordpress\/wp-content\/uploads\/2026\/01\/ede_007-300x225.jpg 300w, https:\/\/www.lasagadesgares.be\/wordpress\/wp-content\/uploads\/2026\/01\/ede_007-1x1.jpg 1w\" sizes=\"(max-width: 400px) 100vw, 400px\" \/><\/figure>\n<\/figure>\n","protected":false},"excerpt":{"rendered":"<p>La gare de \u00ab Eede \u00bb a \u00e9t\u00e9 ouverte en tant que point arr\u00eat de la ligne 89 le 1er octobre 1894 avant se devenir une gare au tournant du si\u00e8cle.\u00a0Le b\u00e2timent principal de l&rsquo;\u00e9poque comprenait un \u00e9tage pour le logement du chef de gare et de sa famille. L\u2019aile lat\u00e9rale, tr\u00e8s longue, comprenait les [&hellip;]<\/p>\n","protected":false},"author":5,"featured_media":6335,"comment_status":"closed","ping_status":"open","sticky":false,"template":"","format":"standard","meta":{"footnotes":""},"categories":[72],"tags":[],"class_list":["post-6334","post","type-post","status-publish","format-standard","has-post-thumbnail","hentry","category-ligne-089"],"_links":{"self":[{"href":"https:\/\/www.lasagadesgares.be\/wordpress\/wp-json\/wp\/v2\/posts\/6334","targetHints":{"allow":["GET"]}}],"collection":[{"href":"https:\/\/www.lasagadesgares.be\/wordpress\/wp-json\/wp\/v2\/posts"}],"about":[{"href":"https:\/\/www.lasagadesgares.be\/wordpress\/wp-json\/wp\/v2\/types\/post"}],"author":[{"embeddable":true,"href":"https:\/\/www.lasagadesgares.be\/wordpress\/wp-json\/wp\/v2\/users\/5"}],"replies":[{"embeddable":true,"href":"https:\/\/www.lasagadesgares.be\/wordpress\/wp-json\/wp\/v2\/comments?post=6334"}],"version-history":[{"count":2,"href":"https:\/\/www.lasagadesgares.be\/wordpress\/wp-json\/wp\/v2\/posts\/6334\/revisions"}],"predecessor-version":[{"id":7804,"href":"https:\/\/www.lasagadesgares.be\/wordpress\/wp-json\/wp\/v2\/posts\/6334\/revisions\/7804"}],"wp:featuredmedia":[{"embeddable":true,"href":"https:\/\/www.lasagadesgares.be\/wordpress\/wp-json\/wp\/v2\/media\/6335"}],"wp:attachment":[{"href":"https:\/\/www.lasagadesgares.be\/wordpress\/wp-json\/wp\/v2\/media?parent=6334"}],"wp:term":[{"taxonomy":"category","embeddable":true,"href":"https:\/\/www.lasagadesgares.be\/wordpress\/wp-json\/wp\/v2\/categories?post=6334"},{"taxonomy":"post_tag","embeddable":true,"href":"https:\/\/www.lasagadesgares.be\/wordpress\/wp-json\/wp\/v2\/tags?post=6334"}],"curies":[{"name":"wp","href":"https:\/\/api.w.org\/{rel}","templated":true}]}}