{"id":6331,"date":"2026-01-17T21:32:31","date_gmt":"2026-01-17T20:32:31","guid":{"rendered":"https:\/\/www.lasagadesgares.be\/wordpress\/?p=6331"},"modified":"2026-02-17T07:10:49","modified_gmt":"2026-02-17T06:10:49","slug":"haaltert","status":"publish","type":"post","link":"https:\/\/www.lasagadesgares.be\/wordpress\/haaltert\/","title":{"rendered":"La gare de Haaltert"},"content":{"rendered":"\n<p>La gare de \u00ab Haeltert \u00bb fut inaugur\u00e9e en m\u00eame temps que la ligne 89, le 14 d\u00e9cembre 1868. \u00a0Apr\u00e8s avoir \u00e9t\u00e9 provisoire, la gare d\u00e9finitive fut probablement construite peu avant le tournant du si\u00e8cle. Il s\u2019agissait d\u2019un b\u00e2timent classique de l\u2019\u00c9tat belge compos\u00e9 de trois parties: une partie centrale \u00e0 \u00e9tage et deux parties lat\u00e9rales sym\u00e9triques sans \u00e9tage. La b\u00e2timent se distinguait toutefois par les arcs au-dessus des portes et des fen\u00eatres et les ornements d\u00e9coratifs suppl\u00e9mentaires sur les fa\u00e7ades. <\/p>\n\n\n\n<p>Le hangar aux marchandises \u00e9tait situ\u00e9 en face de la gare, avec une voie de garage situ\u00e9e pr\u00e8s du quai et deux voies de d\u00e9chargement. Ce hangar a \u00e9t\u00e9 agrandi vers 1900 et compl\u00e9t\u00e9 par un quai de chargement sur\u00e9lev\u00e9. Apr\u00e8s plusieurs fermetures pendant la premi\u00e8re guerre mondiale, la gare a rouvert en 1920. En 1938, l\u2019orthographe actuelle \u00ab Haaltert \u00bb a \u00e9t\u00e9 adopt\u00e9e.<\/p>\n\n\n\n<p>Le hangar \u00e0 marchandises a \u00e9t\u00e9 d\u00e9moli avant 1975 et une partie du quai de d\u00e9chargement a \u00e9t\u00e9 transform\u00e9e en parking pour la gare. Quelques ann\u00e9es plus tard, en 1981, le reste de ce quai a \u00e9t\u00e9 compl\u00e8tement ferm\u00e9 et \u00e9galement transform\u00e9 en parking. \u00c0 cette \u00e9poque, les guichets ont \u00e9galement \u00e9t\u00e9 ferm\u00e9s et la gare a ensuite \u00e9t\u00e9 vendue. Aujourd\u2019hui, l&rsquo;ancien b\u00e2timent principal est une habitation priv\u00e9e qui a gard\u00e9 pratiquement  son style d\u2019origine. Les quais ont \u00e9t\u00e9 sur\u00e9lev\u00e9s et modernis\u00e9s au d\u00e9but des ann\u00e9es 2000.<\/p>\n\n\n\n<figure class=\"wp-block-table is-style-regular\"><table class=\"has-fixed-layout\"><tbody><tr><td>Sites \u00e0 consulter<\/td><td><a href=\"https:\/\/www.garesbelges.be\/haaltert.htm\">Gares belges d&rsquo;autrefois <\/a><\/td><\/tr><tr><td><\/td><td><a href=\"https:\/\/fr.wikipedia.org\/wiki\/Gare_d%27Haaltert\">Wikipedia FR<\/a><\/td><\/tr><tr><td><\/td><td><a href=\"https:\/\/nl.wikipedia.org\/wiki\/Station_Haaltert\">Wikipedia NL<\/a><\/td><\/tr><\/tbody><\/table><\/figure>\n\n\n\n<figure class=\"wp-block-gallery has-nested-images columns-default is-cropped wp-block-gallery-1 is-layout-flex wp-block-gallery-is-layout-flex\">\n<figure class=\"wp-block-image size-large\"><img fetchpriority=\"high\" decoding=\"async\" width=\"400\" height=\"250\" data-id=\"7808\" src=\"https:\/\/www.lasagadesgares.be\/wordpress\/wp-content\/uploads\/2026\/01\/haaltert_002.jpg\" alt=\"\" class=\"wp-image-7808\" srcset=\"https:\/\/www.lasagadesgares.be\/wordpress\/wp-content\/uploads\/2026\/01\/haaltert_002.jpg 400w, https:\/\/www.lasagadesgares.be\/wordpress\/wp-content\/uploads\/2026\/01\/haaltert_002-300x188.jpg 300w, https:\/\/www.lasagadesgares.be\/wordpress\/wp-content\/uploads\/2026\/01\/haaltert_002-1x1.jpg 1w\" sizes=\"(max-width: 400px) 100vw, 400px\" \/><\/figure>\n\n\n\n<figure class=\"wp-block-image size-large\"><img decoding=\"async\" width=\"400\" height=\"244\" data-id=\"7807\" src=\"https:\/\/www.lasagadesgares.be\/wordpress\/wp-content\/uploads\/2026\/01\/haaltert_001.jpg\" alt=\"\" class=\"wp-image-7807\" srcset=\"https:\/\/www.lasagadesgares.be\/wordpress\/wp-content\/uploads\/2026\/01\/haaltert_001.jpg 400w, https:\/\/www.lasagadesgares.be\/wordpress\/wp-content\/uploads\/2026\/01\/haaltert_001-300x183.jpg 300w, https:\/\/www.lasagadesgares.be\/wordpress\/wp-content\/uploads\/2026\/01\/haaltert_001-1x1.jpg 1w\" sizes=\"(max-width: 400px) 100vw, 400px\" \/><\/figure>\n\n\n\n<figure class=\"wp-block-image size-large\"><img decoding=\"async\" width=\"400\" height=\"300\" data-id=\"7809\" src=\"https:\/\/www.lasagadesgares.be\/wordpress\/wp-content\/uploads\/2026\/01\/haaltert_005.jpg\" alt=\"\" class=\"wp-image-7809\" srcset=\"https:\/\/www.lasagadesgares.be\/wordpress\/wp-content\/uploads\/2026\/01\/haaltert_005.jpg 400w, https:\/\/www.lasagadesgares.be\/wordpress\/wp-content\/uploads\/2026\/01\/haaltert_005-300x225.jpg 300w, https:\/\/www.lasagadesgares.be\/wordpress\/wp-content\/uploads\/2026\/01\/haaltert_005-1x1.jpg 1w\" sizes=\"(max-width: 400px) 100vw, 400px\" \/><\/figure>\n<\/figure>\n","protected":false},"excerpt":{"rendered":"<p>La gare de \u00ab Haeltert \u00bb fut inaugur\u00e9e en m\u00eame temps que la ligne 89, le 14 d\u00e9cembre 1868. \u00a0Apr\u00e8s avoir \u00e9t\u00e9 provisoire, la gare d\u00e9finitive fut probablement construite peu avant le tournant du si\u00e8cle. Il s\u2019agissait d\u2019un b\u00e2timent classique de l\u2019\u00c9tat belge compos\u00e9 de trois parties: une partie centrale \u00e0 \u00e9tage et deux parties [&hellip;]<\/p>\n","protected":false},"author":5,"featured_media":6332,"comment_status":"closed","ping_status":"open","sticky":false,"template":"","format":"standard","meta":{"footnotes":""},"categories":[72],"tags":[],"class_list":["post-6331","post","type-post","status-publish","format-standard","has-post-thumbnail","hentry","category-ligne-089"],"_links":{"self":[{"href":"https:\/\/www.lasagadesgares.be\/wordpress\/wp-json\/wp\/v2\/posts\/6331","targetHints":{"allow":["GET"]}}],"collection":[{"href":"https:\/\/www.lasagadesgares.be\/wordpress\/wp-json\/wp\/v2\/posts"}],"about":[{"href":"https:\/\/www.lasagadesgares.be\/wordpress\/wp-json\/wp\/v2\/types\/post"}],"author":[{"embeddable":true,"href":"https:\/\/www.lasagadesgares.be\/wordpress\/wp-json\/wp\/v2\/users\/5"}],"replies":[{"embeddable":true,"href":"https:\/\/www.lasagadesgares.be\/wordpress\/wp-json\/wp\/v2\/comments?post=6331"}],"version-history":[{"count":2,"href":"https:\/\/www.lasagadesgares.be\/wordpress\/wp-json\/wp\/v2\/posts\/6331\/revisions"}],"predecessor-version":[{"id":7810,"href":"https:\/\/www.lasagadesgares.be\/wordpress\/wp-json\/wp\/v2\/posts\/6331\/revisions\/7810"}],"wp:featuredmedia":[{"embeddable":true,"href":"https:\/\/www.lasagadesgares.be\/wordpress\/wp-json\/wp\/v2\/media\/6332"}],"wp:attachment":[{"href":"https:\/\/www.lasagadesgares.be\/wordpress\/wp-json\/wp\/v2\/media?parent=6331"}],"wp:term":[{"taxonomy":"category","embeddable":true,"href":"https:\/\/www.lasagadesgares.be\/wordpress\/wp-json\/wp\/v2\/categories?post=6331"},{"taxonomy":"post_tag","embeddable":true,"href":"https:\/\/www.lasagadesgares.be\/wordpress\/wp-json\/wp\/v2\/tags?post=6331"}],"curies":[{"name":"wp","href":"https:\/\/api.w.org\/{rel}","templated":true}]}}