{"id":6315,"date":"2026-01-17T10:18:41","date_gmt":"2026-01-17T09:18:41","guid":{"rendered":"https:\/\/www.lasagadesgares.be\/wordpress\/?p=6315"},"modified":"2026-02-17T13:01:47","modified_gmt":"2026-02-17T12:01:47","slug":"renovation-du-point-darret-derbisoeul","status":"publish","type":"post","link":"https:\/\/www.lasagadesgares.be\/wordpress\/renovation-du-point-darret-derbisoeul\/","title":{"rendered":"R\u00e9novation du point d\u2019arr\u00eat d\u2019Erbisoeul"},"content":{"rendered":"\n<p>Situ\u00e9 sur la ligne 96 entre Mons et\u00a0Jurbise, le point d\u2019arr\u00eat d\u2019Erbisoeul a r\u00e9cemment b\u00e9n\u00e9fici\u00e9 d\u2019une r\u00e9novation<br>compl\u00e8te\u00a0: nouveaux abris, nouvel \u00e9clairage, nouvelle signal\u00e9tique et nouveaux acc\u00e8s<br>Il est desservi, en semaine par les trains L de la relation Mons \u2013 Braine-le-Comte, le week-end et les jours f\u00e9ri\u00e9s par les trains L de la relation Qu\u00e9vy \u2013 Grammont.<\/p>\n\n\n\n<figure class=\"wp-block-gallery has-nested-images columns-default is-cropped wp-block-gallery-1 is-layout-flex wp-block-gallery-is-layout-flex\">\n<figure class=\"wp-block-image size-large\"><img fetchpriority=\"high\" decoding=\"async\" width=\"400\" height=\"300\" data-id=\"6318\" src=\"https:\/\/www.lasagadesgares.be\/wordpress\/wp-content\/uploads\/2026\/01\/P1100801.jpg\" alt=\"\" class=\"wp-image-6318\" srcset=\"https:\/\/www.lasagadesgares.be\/wordpress\/wp-content\/uploads\/2026\/01\/P1100801.jpg 400w, https:\/\/www.lasagadesgares.be\/wordpress\/wp-content\/uploads\/2026\/01\/P1100801-300x225.jpg 300w, https:\/\/www.lasagadesgares.be\/wordpress\/wp-content\/uploads\/2026\/01\/P1100801-1x1.jpg 1w\" sizes=\"(max-width: 400px) 100vw, 400px\" \/><\/figure>\n\n\n\n<figure class=\"wp-block-image size-large\"><img decoding=\"async\" width=\"400\" height=\"300\" data-id=\"6317\" src=\"https:\/\/www.lasagadesgares.be\/wordpress\/wp-content\/uploads\/2026\/01\/P1100812.jpg\" alt=\"\" class=\"wp-image-6317\" srcset=\"https:\/\/www.lasagadesgares.be\/wordpress\/wp-content\/uploads\/2026\/01\/P1100812.jpg 400w, https:\/\/www.lasagadesgares.be\/wordpress\/wp-content\/uploads\/2026\/01\/P1100812-300x225.jpg 300w, https:\/\/www.lasagadesgares.be\/wordpress\/wp-content\/uploads\/2026\/01\/P1100812-1x1.jpg 1w\" sizes=\"(max-width: 400px) 100vw, 400px\" \/><\/figure>\n\n\n\n<figure class=\"wp-block-image size-large\"><img decoding=\"async\" width=\"400\" height=\"300\" data-id=\"6316\" src=\"https:\/\/www.lasagadesgares.be\/wordpress\/wp-content\/uploads\/2026\/01\/P1100810.jpg\" alt=\"\" class=\"wp-image-6316\" srcset=\"https:\/\/www.lasagadesgares.be\/wordpress\/wp-content\/uploads\/2026\/01\/P1100810.jpg 400w, https:\/\/www.lasagadesgares.be\/wordpress\/wp-content\/uploads\/2026\/01\/P1100810-300x225.jpg 300w, https:\/\/www.lasagadesgares.be\/wordpress\/wp-content\/uploads\/2026\/01\/P1100810-1x1.jpg 1w\" sizes=\"(max-width: 400px) 100vw, 400px\" \/><\/figure>\n<\/figure>\n\n\n\n<p><\/p>\n\n\n\n<h2 class=\"wp-block-heading\">L&rsquo;histoire&#8230;<\/h2>\n\n\n\n<blockquote class=\"wp-block-quote is-layout-flow wp-block-quote-is-layout-flow\">\n<p>A l\u2019ouverture de la ligne 96 Bruxelles \u2013 Mons le 19 d\u00e9cembre 1841, un premier point d\u2019arr\u00eat \u00e9quip\u00e9 d\u2019un abri en bois est ouvert \u00e0 Erbisoeul-Br\u00fblotte. En 1883, l\u2019installation sommaire du d\u00e9but fera place \u00e0 une gare dot\u00e9e d\u2019un b\u00e2timent de style classique \u00ab&nbsp;Etat belge&nbsp;\u00bb avec une partie centrale \u00e0 \u00e9tage pour le logement du chef de gare et deux ailes basses pour les services du chemin de fer. Au fil du temps ce b\u00e2timent sera simplifi\u00e9. Seule l\u2019aile avec la salle d\u2019attente et le guichet sera maintenue. Jusqu&rsquo;au milieu des ann\u00e9es 1980, un agent d\u00e9tach\u00e9 de la gare de Jurbise assurait la desserte du guichet quelques heures le matin. Aujourd\u2019hui, 4 abris en b\u00e9ton \u00e9quipent les quais du point d\u2019arr\u00eat non gard\u00e9 d\u2019Erbisoeul (d\u00e9nomination actuelle). L\u2019exigu\u00eft\u00e9 des lieux ne permettait pas l\u2019\u00e9tablissement d\u2019installation pour les marchandises. Avant la construction du pont routier du chemin du Prince un passage \u00e0 niveau permettait la travers\u00e9e des voies (maintenant impasse de la Bris\u00e9e). La maisonnette de garde barri\u00e8re qui \u00e9tait situ\u00e9e au d\u00e9but du quai vers Jurbise a \u00e9t\u00e9 ras\u00e9e fin des ann\u00e9es 1980 en m\u00eame temps que la gare.<\/p>\n<\/blockquote>\n\n\n\n<figure class=\"wp-block-gallery has-nested-images columns-default is-cropped wp-block-gallery-2 is-layout-flex wp-block-gallery-is-layout-flex\">\n<figure class=\"wp-block-image size-large\"><img loading=\"lazy\" decoding=\"async\" width=\"400\" height=\"261\" data-id=\"6321\" src=\"https:\/\/www.lasagadesgares.be\/wordpress\/wp-content\/uploads\/2026\/01\/erbi1.jpg\" alt=\"\" class=\"wp-image-6321\" srcset=\"https:\/\/www.lasagadesgares.be\/wordpress\/wp-content\/uploads\/2026\/01\/erbi1.jpg 400w, https:\/\/www.lasagadesgares.be\/wordpress\/wp-content\/uploads\/2026\/01\/erbi1-300x196.jpg 300w, https:\/\/www.lasagadesgares.be\/wordpress\/wp-content\/uploads\/2026\/01\/erbi1-1x1.jpg 1w\" sizes=\"(max-width: 400px) 100vw, 400px\" \/><\/figure>\n\n\n\n<figure class=\"wp-block-image size-large\"><img loading=\"lazy\" decoding=\"async\" width=\"400\" height=\"300\" data-id=\"6322\" src=\"https:\/\/www.lasagadesgares.be\/wordpress\/wp-content\/uploads\/2026\/01\/erbi2.jpg\" alt=\"\" class=\"wp-image-6322\" srcset=\"https:\/\/www.lasagadesgares.be\/wordpress\/wp-content\/uploads\/2026\/01\/erbi2.jpg 400w, https:\/\/www.lasagadesgares.be\/wordpress\/wp-content\/uploads\/2026\/01\/erbi2-300x225.jpg 300w, https:\/\/www.lasagadesgares.be\/wordpress\/wp-content\/uploads\/2026\/01\/erbi2-1x1.jpg 1w\" sizes=\"(max-width: 400px) 100vw, 400px\" \/><\/figure>\n<\/figure>\n\n\n\n<p><\/p>\n","protected":false},"excerpt":{"rendered":"<p>Situ\u00e9 sur la ligne 96 entre Mons et\u00a0Jurbise, le point d\u2019arr\u00eat d\u2019Erbisoeul a r\u00e9cemment b\u00e9n\u00e9fici\u00e9 d\u2019une r\u00e9novationcompl\u00e8te\u00a0: nouveaux abris, nouvel \u00e9clairage, nouvelle signal\u00e9tique et nouveaux acc\u00e8sIl est desservi, en semaine par les trains L de la relation Mons \u2013 Braine-le-Comte, le week-end et les jours f\u00e9ri\u00e9s par les trains L de la relation Qu\u00e9vy \u2013 [&hellip;]<\/p>\n","protected":false},"author":6,"featured_media":6318,"comment_status":"closed","ping_status":"open","sticky":false,"template":"","format":"standard","meta":{"footnotes":""},"categories":[33,9],"tags":[],"class_list":["post-6315","post","type-post","status-publish","format-standard","has-post-thumbnail","hentry","category-accueil","category-ligne-096"],"_links":{"self":[{"href":"https:\/\/www.lasagadesgares.be\/wordpress\/wp-json\/wp\/v2\/posts\/6315","targetHints":{"allow":["GET"]}}],"collection":[{"href":"https:\/\/www.lasagadesgares.be\/wordpress\/wp-json\/wp\/v2\/posts"}],"about":[{"href":"https:\/\/www.lasagadesgares.be\/wordpress\/wp-json\/wp\/v2\/types\/post"}],"author":[{"embeddable":true,"href":"https:\/\/www.lasagadesgares.be\/wordpress\/wp-json\/wp\/v2\/users\/6"}],"replies":[{"embeddable":true,"href":"https:\/\/www.lasagadesgares.be\/wordpress\/wp-json\/wp\/v2\/comments?post=6315"}],"version-history":[{"count":3,"href":"https:\/\/www.lasagadesgares.be\/wordpress\/wp-json\/wp\/v2\/posts\/6315\/revisions"}],"predecessor-version":[{"id":6324,"href":"https:\/\/www.lasagadesgares.be\/wordpress\/wp-json\/wp\/v2\/posts\/6315\/revisions\/6324"}],"wp:featuredmedia":[{"embeddable":true,"href":"https:\/\/www.lasagadesgares.be\/wordpress\/wp-json\/wp\/v2\/media\/6318"}],"wp:attachment":[{"href":"https:\/\/www.lasagadesgares.be\/wordpress\/wp-json\/wp\/v2\/media?parent=6315"}],"wp:term":[{"taxonomy":"category","embeddable":true,"href":"https:\/\/www.lasagadesgares.be\/wordpress\/wp-json\/wp\/v2\/categories?post=6315"},{"taxonomy":"post_tag","embeddable":true,"href":"https:\/\/www.lasagadesgares.be\/wordpress\/wp-json\/wp\/v2\/tags?post=6315"}],"curies":[{"name":"wp","href":"https:\/\/api.w.org\/{rel}","templated":true}]}}