{"id":5886,"date":"2026-01-02T17:22:52","date_gmt":"2026-01-02T16:22:52","guid":{"rendered":"https:\/\/www.lasagadesgares.be\/wordpress\/?p=5886"},"modified":"2026-01-24T11:08:48","modified_gmt":"2026-01-24T10:08:48","slug":"entre-sambre-175-ans","status":"publish","type":"post","link":"https:\/\/www.lasagadesgares.be\/wordpress\/entre-sambre-175-ans\/","title":{"rendered":"175 ans d&rsquo;histoire en Entre-Sambre-et-Meuse"},"content":{"rendered":"\n<p>Retour sur les 175 ans <em>(\u00e9mission de  d\u00e9cembre 2023) <\/em>de la premi\u00e8re partie de la ligne de chemin de fer 132, reliant Charleroi \u00e0 Walcourt. A cette occasion, <strong>Louis Gillieaux<\/strong>, passionn\u00e9 du monde ferroviaire, a \u00e9crit un livre \u00ab\u00a0<strong><a href=\"https:\/\/nmbs.adlibhosting.com\/Content\/GetContent?command=getcontent&amp;server=pdf&amp;value=Bibliotheek\/PDF\/2023\/202310\/C702867.pdf\">Le train dans l&rsquo;Entre-Sambre-et-Meuse<\/a><\/strong>\u00ab\u00a0. Avec lui, nous retra\u00e7ons l&rsquo;histoire de la ligne depuis ses d\u00e9buts jusqu&rsquo;\u00e0 aujourd&rsquo;hui.<\/p>\n\n\n\n<blockquote class=\"wp-block-quote is-layout-flow wp-block-quote-is-layout-flow\">\n<p><a href=\"https:\/\/www.bouke.media\/emission\/plein-cadre\/plein-cadre-175-ans-dhistoire-en-entre-sambre-et-meuse-avec-la-ligne-de-chemin-de-fer-132\/10785\">Lien vers l&rsquo;\u00e9mission de la cha\u00eene BOUKE &gt; Plein cadre &#8211; <strong>175 ans d&rsquo;histoire en Entre-Sambre-et-Meuse avec la ligne de chemin de fer 132 <\/strong>| Bouk\u00e8 &#8211; Le m\u00e9dia made in chez nous<\/a><\/p>\n<\/blockquote>\n\n\n\n<p><\/p>\n\n\n\n<p><strong><a href=\"https:\/\/www.lasagadesgares.be\/wordpress\/?s=treigne\">La gare de Treignes<\/a><\/strong><\/p>\n\n\n\n<p><a href=\"https:\/\/www.lasagadesgares.be\/wordpress\/walcourt\/\"><strong>La gare de Walcourt<\/strong><\/a><\/p>\n\n\n\n<p><strong><a href=\"https:\/\/youtu.be\/UTY2GNhcAaU?si=BhGo1V94LsLl64SX\">Double Steam at Walcourt<\/a><\/strong> (vid\u00e9o)<\/p>\n\n\n\n<p><strong><a href=\"https:\/\/www.lasagadesgares.be\/wordpress\/couvin\/\">La gare de Couvin<\/a><\/strong><\/p>\n\n\n\n<p><\/p>\n\n\n\n<figure class=\"wp-block-gallery has-nested-images columns-default is-cropped wp-block-gallery-1 is-layout-flex wp-block-gallery-is-layout-flex\">\n<figure class=\"wp-block-image size-large\"><img fetchpriority=\"high\" decoding=\"async\" width=\"400\" height=\"248\" data-id=\"2319\" src=\"https:\/\/www.lasagadesgares.be\/wordpress\/wp-content\/uploads\/2025\/11\/mariembourg_011.jpg\" alt=\"\" class=\"wp-image-2319\" srcset=\"https:\/\/www.lasagadesgares.be\/wordpress\/wp-content\/uploads\/2025\/11\/mariembourg_011.jpg 400w, https:\/\/www.lasagadesgares.be\/wordpress\/wp-content\/uploads\/2025\/11\/mariembourg_011-300x186.jpg 300w, https:\/\/www.lasagadesgares.be\/wordpress\/wp-content\/uploads\/2025\/11\/mariembourg_011-1x1.jpg 1w\" sizes=\"(max-width: 400px) 100vw, 400px\" \/><figcaption class=\"wp-element-caption\">Gare de Mariembourg<\/figcaption><\/figure>\n\n\n\n<figure class=\"wp-block-image size-large\"><img decoding=\"async\" width=\"400\" height=\"305\" data-id=\"2095\" src=\"https:\/\/www.lasagadesgares.be\/wordpress\/wp-content\/uploads\/2025\/10\/Mariembourg-00.jpg\" alt=\"\" class=\"wp-image-2095\" srcset=\"https:\/\/www.lasagadesgares.be\/wordpress\/wp-content\/uploads\/2025\/10\/Mariembourg-00.jpg 400w, https:\/\/www.lasagadesgares.be\/wordpress\/wp-content\/uploads\/2025\/10\/Mariembourg-00-300x229.jpg 300w, https:\/\/www.lasagadesgares.be\/wordpress\/wp-content\/uploads\/2025\/10\/Mariembourg-00-1x1.jpg 1w\" sizes=\"(max-width: 400px) 100vw, 400px\" \/><\/figure>\n\n\n\n<figure class=\"wp-block-image size-large\"><img decoding=\"async\" width=\"400\" height=\"271\" data-id=\"2446\" src=\"https:\/\/www.lasagadesgares.be\/wordpress\/wp-content\/uploads\/2025\/11\/Treignes-pierre-03.jpg\" alt=\"\" class=\"wp-image-2446\" srcset=\"https:\/\/www.lasagadesgares.be\/wordpress\/wp-content\/uploads\/2025\/11\/Treignes-pierre-03.jpg 400w, https:\/\/www.lasagadesgares.be\/wordpress\/wp-content\/uploads\/2025\/11\/Treignes-pierre-03-300x203.jpg 300w, https:\/\/www.lasagadesgares.be\/wordpress\/wp-content\/uploads\/2025\/11\/Treignes-pierre-03-1x1.jpg 1w\" sizes=\"(max-width: 400px) 100vw, 400px\" \/><\/figure>\n\n\n\n<figure class=\"wp-block-image size-large\"><img loading=\"lazy\" decoding=\"async\" width=\"400\" height=\"261\" data-id=\"2561\" src=\"https:\/\/www.lasagadesgares.be\/wordpress\/wp-content\/uploads\/2025\/11\/Treignes-.jpg\" alt=\"\" class=\"wp-image-2561\" srcset=\"https:\/\/www.lasagadesgares.be\/wordpress\/wp-content\/uploads\/2025\/11\/Treignes-.jpg 400w, https:\/\/www.lasagadesgares.be\/wordpress\/wp-content\/uploads\/2025\/11\/Treignes--300x196.jpg 300w, https:\/\/www.lasagadesgares.be\/wordpress\/wp-content\/uploads\/2025\/11\/Treignes--1x1.jpg 1w\" sizes=\"(max-width: 400px) 100vw, 400px\" \/><\/figure>\n\n\n\n<figure class=\"wp-block-image size-large\"><img loading=\"lazy\" decoding=\"async\" width=\"400\" height=\"92\" data-id=\"2441\" src=\"https:\/\/www.lasagadesgares.be\/wordpress\/wp-content\/uploads\/2025\/11\/Treignes-Archit-1902.jpg\" alt=\"\" class=\"wp-image-2441\" srcset=\"https:\/\/www.lasagadesgares.be\/wordpress\/wp-content\/uploads\/2025\/11\/Treignes-Archit-1902.jpg 400w, https:\/\/www.lasagadesgares.be\/wordpress\/wp-content\/uploads\/2025\/11\/Treignes-Archit-1902-300x69.jpg 300w, https:\/\/www.lasagadesgares.be\/wordpress\/wp-content\/uploads\/2025\/11\/Treignes-Archit-1902-1x1.jpg 1w\" sizes=\"(max-width: 400px) 100vw, 400px\" \/><\/figure>\n\n\n\n<figure class=\"wp-block-image size-large\"><img loading=\"lazy\" decoding=\"async\" width=\"400\" height=\"294\" data-id=\"3127\" src=\"https:\/\/www.lasagadesgares.be\/wordpress\/wp-content\/uploads\/2025\/11\/Z03711a-Couvin-1939-2.jpg\" alt=\"\" class=\"wp-image-3127\" srcset=\"https:\/\/www.lasagadesgares.be\/wordpress\/wp-content\/uploads\/2025\/11\/Z03711a-Couvin-1939-2.jpg 400w, https:\/\/www.lasagadesgares.be\/wordpress\/wp-content\/uploads\/2025\/11\/Z03711a-Couvin-1939-2-300x221.jpg 300w, https:\/\/www.lasagadesgares.be\/wordpress\/wp-content\/uploads\/2025\/11\/Z03711a-Couvin-1939-2-1x1.jpg 1w\" sizes=\"(max-width: 400px) 100vw, 400px\" \/><\/figure>\n\n\n\n<figure class=\"wp-block-image size-large\"><img loading=\"lazy\" decoding=\"async\" width=\"400\" height=\"277\" data-id=\"2931\" src=\"https:\/\/www.lasagadesgares.be\/wordpress\/wp-content\/uploads\/2025\/11\/couvin_003.jpg\" alt=\"\" class=\"wp-image-2931\" srcset=\"https:\/\/www.lasagadesgares.be\/wordpress\/wp-content\/uploads\/2025\/11\/couvin_003.jpg 400w, https:\/\/www.lasagadesgares.be\/wordpress\/wp-content\/uploads\/2025\/11\/couvin_003-300x208.jpg 300w, https:\/\/www.lasagadesgares.be\/wordpress\/wp-content\/uploads\/2025\/11\/couvin_003-1x1.jpg 1w\" sizes=\"(max-width: 400px) 100vw, 400px\" \/><\/figure>\n<\/figure>\n\n\n\n<p>.<\/p>\n\n\n\n<p><\/p>\n\n\n\n<p><em><strong>Une particularit\u00e9 de cette ligne est situ\u00e9e \u00e0 Romedenne, sur l&rsquo;ancienne ligne 138, et Romer\u00e9e, sur la ligne 156<\/strong>.\u00a0 Pourtant, ces deux lignes se croisaient en gare de Doische, l\u2019une allant vers Givet et l\u2019autre vers Agimont. Cette d\u00e9viation a \u00e9t\u00e9 construite par l&rsquo;arm\u00e9e allemande pendant la 2e guerre et ne f\u00fbt jamais utilis\u00e9e par apr\u00e8s. Il faut savoir qu\u2019\u00e0 \u00ab\u00a0Br\u00fbly de Pesche\u00a0\u00bb, le F\u00fchrer vint passer quelques jours et sa pr\u00e9sence fut attest\u00e9e en 43. Il fallut trouver plusieurs itin\u00e9raires pour quitter Mariembourg, gare proche de Pesche. Ce m\u00eame proc\u00e9d\u00e9 a \u00e9t\u00e9 utilis\u00e9 au nord de la gare de Mariembourg, ce qui permit de relier Florennes \u00e0 Philippeville et Chimay sans passer par la gare Mariembourg. La base a\u00e9rienne actuelle a aussi \u00e9t\u00e9 cr\u00e9\u00e9e par l\u2019arm\u00e9e Allemande et fut tr\u00e8s active \u00e0 cette \u00e9poque. A Mariembourg existe toujours la triangulation sud qui relie Couvin \u00e0 Nismes sans passer par Mariembourg et la ligne 156 lors de son premier trac\u00e9 car l\u2019entr\u00e9e en gare de cette ligne a \u00e9t\u00e9 modifi\u00e9 suites aux d\u00e9raillements de trains de marchandises car la courbe d\u2019entr\u00e9e de gare \u00e9tait trop serr\u00e9e dans sa version originelle. On peut supposer que les constructions faites par les allemands n\u2019ont pas \u00e9t\u00e9 accept\u00e9es par la population une fois la guerre finie (Commentaires M. Vilain-J. Hermant). <\/em><\/p>\n\n\n<div class=\"wp-block-image\">\n<figure data-wp-context=\"{&quot;imageId&quot;:&quot;69ec4ed5dae0a&quot;}\" data-wp-interactive=\"core\/image\" data-wp-key=\"69ec4ed5dae0a\" class=\"aligncenter size-full wp-lightbox-container\"><img loading=\"lazy\" decoding=\"async\" width=\"400\" height=\"182\" data-wp-class--hide=\"state.isContentHidden\" data-wp-class--show=\"state.isContentVisible\" data-wp-init=\"callbacks.setButtonStyles\" data-wp-on--click=\"actions.showLightbox\" data-wp-on--load=\"callbacks.setButtonStyles\" data-wp-on-window--resize=\"callbacks.setButtonStyles\" src=\"https:\/\/www.lasagadesgares.be\/wordpress\/wp-content\/uploads\/2026\/01\/carte-google-map-1.jpg\" alt=\"\" class=\"wp-image-5929\" srcset=\"https:\/\/www.lasagadesgares.be\/wordpress\/wp-content\/uploads\/2026\/01\/carte-google-map-1.jpg 400w, https:\/\/www.lasagadesgares.be\/wordpress\/wp-content\/uploads\/2026\/01\/carte-google-map-1-300x137.jpg 300w, https:\/\/www.lasagadesgares.be\/wordpress\/wp-content\/uploads\/2026\/01\/carte-google-map-1-1x1.jpg 1w\" sizes=\"(max-width: 400px) 100vw, 400px\" \/><button\n\t\t\tclass=\"lightbox-trigger\"\n\t\t\ttype=\"button\"\n\t\t\taria-haspopup=\"dialog\"\n\t\t\taria-label=\"Agrandir\"\n\t\t\tdata-wp-init=\"callbacks.initTriggerButton\"\n\t\t\tdata-wp-on--click=\"actions.showLightbox\"\n\t\t\tdata-wp-style--right=\"state.imageButtonRight\"\n\t\t\tdata-wp-style--top=\"state.imageButtonTop\"\n\t\t>\n\t\t\t<svg xmlns=\"http:\/\/www.w3.org\/2000\/svg\" width=\"12\" height=\"12\" fill=\"none\" viewBox=\"0 0 12 12\">\n\t\t\t\t<path fill=\"#fff\" d=\"M2 0a2 2 0 0 0-2 2v2h1.5V2a.5.5 0 0 1 .5-.5h2V0H2Zm2 10.5H2a.5.5 0 0 1-.5-.5V8H0v2a2 2 0 0 0 2 2h2v-1.5ZM8 12v-1.5h2a.5.5 0 0 0 .5-.5V8H12v2a2 2 0 0 1-2 2H8Zm2-12a2 2 0 0 1 2 2v2h-1.5V2a.5.5 0 0 0-.5-.5H8V0h2Z\" \/>\n\t\t\t<\/svg>\n\t\t<\/button><\/figure>\n<\/div>\n\n\n<p><\/p>\n\n\n\n<p><\/p>\n","protected":false},"excerpt":{"rendered":"<p>Retour sur les 175 ans (\u00e9mission de d\u00e9cembre 2023) de la premi\u00e8re partie de la ligne de chemin de fer 132, reliant Charleroi \u00e0 Walcourt. A cette occasion, Louis Gillieaux, passionn\u00e9 du monde ferroviaire, a \u00e9crit un livre \u00ab\u00a0Le train dans l&rsquo;Entre-Sambre-et-Meuse\u00ab\u00a0. Avec lui, nous retra\u00e7ons l&rsquo;histoire de la ligne depuis ses d\u00e9buts jusqu&rsquo;\u00e0 aujourd&rsquo;hui. [&hellip;]<\/p>\n","protected":false},"author":6,"featured_media":2279,"comment_status":"closed","ping_status":"open","sticky":false,"template":"","format":"standard","meta":{"footnotes":""},"categories":[35,34,165,75,166,161],"tags":[],"class_list":["post-5886","post","type-post","status-publish","format-standard","has-post-thumbnail","hentry","category-annonces","category-ligne-132","category-film-ligne","category-qrcode","category-reseaux-touristiques","category-youtube"],"_links":{"self":[{"href":"https:\/\/www.lasagadesgares.be\/wordpress\/wp-json\/wp\/v2\/posts\/5886","targetHints":{"allow":["GET"]}}],"collection":[{"href":"https:\/\/www.lasagadesgares.be\/wordpress\/wp-json\/wp\/v2\/posts"}],"about":[{"href":"https:\/\/www.lasagadesgares.be\/wordpress\/wp-json\/wp\/v2\/types\/post"}],"author":[{"embeddable":true,"href":"https:\/\/www.lasagadesgares.be\/wordpress\/wp-json\/wp\/v2\/users\/6"}],"replies":[{"embeddable":true,"href":"https:\/\/www.lasagadesgares.be\/wordpress\/wp-json\/wp\/v2\/comments?post=5886"}],"version-history":[{"count":8,"href":"https:\/\/www.lasagadesgares.be\/wordpress\/wp-json\/wp\/v2\/posts\/5886\/revisions"}],"predecessor-version":[{"id":6117,"href":"https:\/\/www.lasagadesgares.be\/wordpress\/wp-json\/wp\/v2\/posts\/5886\/revisions\/6117"}],"wp:featuredmedia":[{"embeddable":true,"href":"https:\/\/www.lasagadesgares.be\/wordpress\/wp-json\/wp\/v2\/media\/2279"}],"wp:attachment":[{"href":"https:\/\/www.lasagadesgares.be\/wordpress\/wp-json\/wp\/v2\/media?parent=5886"}],"wp:term":[{"taxonomy":"category","embeddable":true,"href":"https:\/\/www.lasagadesgares.be\/wordpress\/wp-json\/wp\/v2\/categories?post=5886"},{"taxonomy":"post_tag","embeddable":true,"href":"https:\/\/www.lasagadesgares.be\/wordpress\/wp-json\/wp\/v2\/tags?post=5886"}],"curies":[{"name":"wp","href":"https:\/\/api.w.org\/{rel}","templated":true}]}}