{"id":548,"date":"2025-05-17T17:29:16","date_gmt":"2025-05-17T15:29:16","guid":{"rendered":"https:\/\/www.lasagadesgares.be\/wordpress\/?p=548"},"modified":"2025-11-11T23:09:53","modified_gmt":"2025-11-11T22:09:53","slug":"angreau","status":"publish","type":"post","link":"https:\/\/www.lasagadesgares.be\/wordpress\/angreau\/","title":{"rendered":"Un illustre usager du point d\u2019arr\u00eat d\u2019Angreau"},"content":{"rendered":"\n<p>N\u00e9 \u00e0 Sint-Amand (province d\u2019Anvers) Emile Verhaeren, po\u00e8te flamand d\u2019expression fran\u00e7aise, a s\u00e9journ\u00e9, avec son \u00e9pouse Marthe Massin, \u00e0 Roisin les printemps et les automnes de 1899 \u00e0 1914.<br>Le couple a d\u2019abord log\u00e9 \u00e0 \u00ab La Cr\u00e8merie \u00bb avant que L\u00e9on Laurent am\u00e9nage une annexe de son auberge pour son illustre locataire.<br>Emile Verhaeren se rendait au point d\u2019arr\u00eat d\u2019Angreau, am\u00e9nag\u00e9 au c\u0153ur du bois. Situ\u00e9 sur la ligne 98 A Dour \u2013 Roisin-Autreppe \u2013 Bavay, on y acc\u00e9dait, par un sentier en pente depuis la rive droite de la Grande Honnelle \u00e0 proximit\u00e9 du Caillou-qui-bique.<br>C\u2019est l\u00e0 qu\u2019il accueillait ses amis, venus en train, lui rendre visite.<br>Emile Verhaeren a connu une fin tragique sous les roues d\u2019un train en gare de Rouen.<\/p>\n\n\n\n<figure class=\"wp-block-gallery has-nested-images columns-default is-cropped wp-block-gallery-1 is-layout-flex wp-block-gallery-is-layout-flex\">\n<figure class=\"wp-block-image size-large\"><a href=\"https:\/\/www.lasagadesgares.be\/wordpress\/wp-content\/uploads\/2025\/05\/angreau.webp\"><img fetchpriority=\"high\" decoding=\"async\" width=\"300\" height=\"400\" data-id=\"552\" src=\"https:\/\/www.lasagadesgares.be\/wordpress\/wp-content\/uploads\/2025\/05\/angreau.webp\" alt=\"\" class=\"wp-image-552\" srcset=\"https:\/\/www.lasagadesgares.be\/wordpress\/wp-content\/uploads\/2025\/05\/angreau.webp 300w, https:\/\/www.lasagadesgares.be\/wordpress\/wp-content\/uploads\/2025\/05\/angreau-225x300.webp 225w, https:\/\/www.lasagadesgares.be\/wordpress\/wp-content\/uploads\/2025\/05\/angreau-1x1.webp 1w\" sizes=\"(max-width: 300px) 100vw, 300px\" \/><\/a><\/figure>\n\n\n\n<figure class=\"wp-block-image size-large\"><a href=\"https:\/\/www.lasagadesgares.be\/wordpress\/wp-content\/uploads\/2025\/05\/angreau-2.webp\"><img decoding=\"async\" width=\"400\" height=\"300\" data-id=\"551\" src=\"https:\/\/www.lasagadesgares.be\/wordpress\/wp-content\/uploads\/2025\/05\/angreau-2.webp\" alt=\"\" class=\"wp-image-551\" srcset=\"https:\/\/www.lasagadesgares.be\/wordpress\/wp-content\/uploads\/2025\/05\/angreau-2.webp 400w, https:\/\/www.lasagadesgares.be\/wordpress\/wp-content\/uploads\/2025\/05\/angreau-2-300x225.webp 300w, https:\/\/www.lasagadesgares.be\/wordpress\/wp-content\/uploads\/2025\/05\/angreau-2-1x1.webp 1w\" sizes=\"(max-width: 400px) 100vw, 400px\" \/><\/a><\/figure>\n\n\n\n<figure class=\"wp-block-image size-large\"><a href=\"https:\/\/www.lasagadesgares.be\/wordpress\/wp-content\/uploads\/2025\/05\/61376972_10217441323537659_7402714505064480768_n.jpg\"><img decoding=\"async\" width=\"400\" height=\"245\" data-id=\"550\" src=\"https:\/\/www.lasagadesgares.be\/wordpress\/wp-content\/uploads\/2025\/05\/61376972_10217441323537659_7402714505064480768_n.jpg\" alt=\"\" class=\"wp-image-550\" srcset=\"https:\/\/www.lasagadesgares.be\/wordpress\/wp-content\/uploads\/2025\/05\/61376972_10217441323537659_7402714505064480768_n.jpg 400w, https:\/\/www.lasagadesgares.be\/wordpress\/wp-content\/uploads\/2025\/05\/61376972_10217441323537659_7402714505064480768_n-300x184.jpg 300w, https:\/\/www.lasagadesgares.be\/wordpress\/wp-content\/uploads\/2025\/05\/61376972_10217441323537659_7402714505064480768_n-1x1.jpg 1w\" sizes=\"(max-width: 400px) 100vw, 400px\" \/><\/a><\/figure>\n<\/figure>\n","protected":false},"excerpt":{"rendered":"<p>N\u00e9 \u00e0 Sint-Amand (province d\u2019Anvers) Emile Verhaeren, po\u00e8te flamand d\u2019expression fran\u00e7aise, a s\u00e9journ\u00e9, avec son \u00e9pouse Marthe Massin, \u00e0 Roisin les printemps et les automnes de 1899 \u00e0 1914.Le couple a d\u2019abord log\u00e9 \u00e0 \u00ab La Cr\u00e8merie \u00bb avant que L\u00e9on Laurent am\u00e9nage une annexe de son auberge pour son illustre locataire.Emile Verhaeren se rendait [&hellip;]<\/p>\n","protected":false},"author":1,"featured_media":549,"comment_status":"closed","ping_status":"open","sticky":false,"template":"","format":"standard","meta":{"footnotes":""},"categories":[5,75],"tags":[],"class_list":["post-548","post","type-post","status-publish","format-standard","has-post-thumbnail","hentry","category-ligne-098a","category-qrcode"],"_links":{"self":[{"href":"https:\/\/www.lasagadesgares.be\/wordpress\/wp-json\/wp\/v2\/posts\/548","targetHints":{"allow":["GET"]}}],"collection":[{"href":"https:\/\/www.lasagadesgares.be\/wordpress\/wp-json\/wp\/v2\/posts"}],"about":[{"href":"https:\/\/www.lasagadesgares.be\/wordpress\/wp-json\/wp\/v2\/types\/post"}],"author":[{"embeddable":true,"href":"https:\/\/www.lasagadesgares.be\/wordpress\/wp-json\/wp\/v2\/users\/1"}],"replies":[{"embeddable":true,"href":"https:\/\/www.lasagadesgares.be\/wordpress\/wp-json\/wp\/v2\/comments?post=548"}],"version-history":[{"count":1,"href":"https:\/\/www.lasagadesgares.be\/wordpress\/wp-json\/wp\/v2\/posts\/548\/revisions"}],"predecessor-version":[{"id":553,"href":"https:\/\/www.lasagadesgares.be\/wordpress\/wp-json\/wp\/v2\/posts\/548\/revisions\/553"}],"wp:featuredmedia":[{"embeddable":true,"href":"https:\/\/www.lasagadesgares.be\/wordpress\/wp-json\/wp\/v2\/media\/549"}],"wp:attachment":[{"href":"https:\/\/www.lasagadesgares.be\/wordpress\/wp-json\/wp\/v2\/media?parent=548"}],"wp:term":[{"taxonomy":"category","embeddable":true,"href":"https:\/\/www.lasagadesgares.be\/wordpress\/wp-json\/wp\/v2\/categories?post=548"},{"taxonomy":"post_tag","embeddable":true,"href":"https:\/\/www.lasagadesgares.be\/wordpress\/wp-json\/wp\/v2\/tags?post=548"}],"curies":[{"name":"wp","href":"https:\/\/api.w.org\/{rel}","templated":true}]}}