{"id":5344,"date":"2025-12-06T08:54:07","date_gmt":"2025-12-06T07:54:07","guid":{"rendered":"https:\/\/www.lasagadesgares.be\/wordpress\/?p=5344"},"modified":"2026-02-20T23:52:20","modified_gmt":"2026-02-20T22:52:20","slug":"bruxelles-nord-patrimoine-regional","status":"publish","type":"post","link":"https:\/\/www.lasagadesgares.be\/wordpress\/bruxelles-nord-patrimoine-regional\/","title":{"rendered":"La gare de Bruxelles-Nord, patrimoine r\u00e9gional"},"content":{"rendered":"\n<p>La gare de Bruxelles-Nord est une des gares les plus importantes de Belgique. Ses origines remontent aux tout premiers trains dans la capitale. La station a connu plusieurs visages et emplacements. La gare actuelle fut construite entre 1938 et 1956. En novembre 2025, la R\u00e9gion de Bruxelles-Capitale a officiellement inscrit la gare sur la \u00ab\u00a0Liste de sauvegarde du patrimoine r\u00e9gional\u00a0\u00bb.<\/p>\n\n\n\n<p>Le tout premier point de d\u00e9part des trains de voyageurs \u00e0 Bruxelles fut la gare de l&rsquo;All\u00e9e Verte, d\u2019o\u00f9 partirent en 1835 les trois premiers trains de passagers sur une ligne publique du continent europ\u00e9en.<br>Cette petite gare devint rapidement insuffisante face au succ\u00e8s croissant du chemin de fer. Une seconde gare \u00ab\u00a0nord\u00a0\u00bb fut ainsi inaugur\u00e9e en 1846 pr\u00e8s de la place actuelle Place Rogier, dans la commune de Saint-Josse-ten-Noode. Son b\u00e2timent principal avait \u00e9t\u00e9 construit dans le style n\u00e9oclassique par l\u2019architecte Fran\u00e7ois Coppens.<\/p>\n\n\n\n<p>L&rsquo;augmentation incessante du trafic ferroviaire rendit cette deuxi\u00e8me \u00ab\u00a0gare du Nord\u00a0\u00bb insuffisante, alors que, dans le m\u00eame temps, un projet d&rsquo;envergure voyait le jour: une liaison ferroviaire entre le nord et le sud de Bruxelles, le future jonction \u00ab\u00a0Nord-Midi\u00a0\u00bb. Ce projet allait rendre n\u00e9cessaire le d\u00e9placement de la gare vers un emplacement plus adapt\u00e9. Une nouvelle gare, la gare actuelle, fut construite entre 1938 et 1956, sur un site plus au nord, par les architectes Paul Saintenoy et Jacques Saintenoy, assist\u00e9s de Jean Hendrickx\u2011Van den Bosch. Leur style m\u00ealait modernisme tout en pr\u00e9sentant des r\u00e9f\u00e9rences classiques.<br>Le b\u00e2timent principal, long de 210 m\u00e8tres, comportait un corps central \u00e9lev\u00e9, des ailes lat\u00e9rales, ainsi qu\u2019une tour-horloge de dix niveaux. Cette nouvelle gare du nord fut mise en service dans le m\u00eame temps que la r\u00e9alisation de la jonction Nord-Midi, achev\u00e9e en 1952. L\u2019ancienne gare de la Place Rogier allait, quant \u00e0 elle, \u00eatre d\u00e9molie en 1955. Son site accueillit ensuite, entre autres, des constructions comme la \u00ab\u00a0Tour Rogier\u00a0\u00bb.<\/p>\n\n\n\n<p>Dans les ann\u00e9es 1970, un vaste complexe de transport, le \u00ab\u00a0Centre de Communication Nord (CCN)\u00a0\u00bb, fut construit \u00e0 l\u2019ouest de la gare. Il int\u00e9grait bus, trams, pr\u00e9-m\u00e9tro et la gare ferroviaire, marquant la transformation de Bruxelles-Nord en v\u00e9ritable noeud multimodal. Ce b\u00e2timent CCN masqua toutefois pendant des d\u00e9cennies la fa\u00e7ade et la silhouette originale de la gare, notamment la tour-horloge.<br>La SNCB lan\u00e7a d\u00e8s 2014 une s\u00e9rie de r\u00e9novations pour moderniser l\u2019int\u00e9rieur de la gare et am\u00e9liorer la mobilit\u00e9 et la signal\u00e9tique. La r\u00e9novation du couloir sous-voies fut achev\u00e9e en d\u00e9cembre 2019. Toutes ces transformations n&rsquo;ont en rien affect\u00e9 les \u00e9l\u00e9ments d&rsquo;origine, la structure, les mati\u00e8res et d\u00e9corations, la tour-horloge. En novembre 2025, la R\u00e9gion -de Bruxelles-Capitale a officiellement inscrit la gare sur la \u00ab\u00a0Liste de sauvegarde du patrimoine r\u00e9gional\u00a0\u00bb, reconnaissant ainsi la valeur patrimoniale, notamment, des fa\u00e7ades, toitures, hall, quais, et tour-horloge.<br>Aujourd\u2019hui, Bruxelles-Nord est l\u2019une des principales gares de Belgique. Elle dessert de nombreuses lignes ferroviaires nationales et est un n\u0153ud essentiel pour les trains de voyageurs au d\u00e9part ou \u00e0 l\u2019arriv\u00e9e \u00e0 Bruxelles. Bruxelles-Nord accueille quotidiennement des dizaines de milliers de voyageurs, des centaines de trains.<\/p>\n\n\n\n<p><strong><a href=\"https:\/\/www.routard.com\/fr\/guide\/europe\/belgique\/bruxelles\/gare-de-bruxelles-nord-station-brussel-noord\">Visitez la gare de Bruxelles-Nord<\/a><\/strong><br><\/p>\n\n\n\n<figure class=\"wp-block-gallery has-nested-images columns-default is-cropped wp-block-gallery-1 is-layout-flex wp-block-gallery-is-layout-flex\">\n<figure class=\"wp-block-image size-large\"><img fetchpriority=\"high\" decoding=\"async\" width=\"400\" height=\"268\" data-id=\"5363\" src=\"https:\/\/www.lasagadesgares.be\/wordpress\/wp-content\/uploads\/2025\/12\/K00230d.jpg\" alt=\"\" class=\"wp-image-5363\" srcset=\"https:\/\/www.lasagadesgares.be\/wordpress\/wp-content\/uploads\/2025\/12\/K00230d.jpg 400w, https:\/\/www.lasagadesgares.be\/wordpress\/wp-content\/uploads\/2025\/12\/K00230d-300x201.jpg 300w, https:\/\/www.lasagadesgares.be\/wordpress\/wp-content\/uploads\/2025\/12\/K00230d-1x1.jpg 1w\" sizes=\"(max-width: 400px) 100vw, 400px\" \/><\/figure>\n\n\n\n<figure class=\"wp-block-image size-large\"><img decoding=\"async\" width=\"400\" height=\"383\" data-id=\"5361\" src=\"https:\/\/www.lasagadesgares.be\/wordpress\/wp-content\/uploads\/2025\/12\/K00189A.jpg\" alt=\"\" class=\"wp-image-5361\" srcset=\"https:\/\/www.lasagadesgares.be\/wordpress\/wp-content\/uploads\/2025\/12\/K00189A.jpg 400w, https:\/\/www.lasagadesgares.be\/wordpress\/wp-content\/uploads\/2025\/12\/K00189A-300x287.jpg 300w, https:\/\/www.lasagadesgares.be\/wordpress\/wp-content\/uploads\/2025\/12\/K00189A-1x1.jpg 1w\" sizes=\"(max-width: 400px) 100vw, 400px\" \/><\/figure>\n\n\n\n<figure class=\"wp-block-image size-large\"><img decoding=\"async\" width=\"400\" height=\"396\" data-id=\"5360\" src=\"https:\/\/www.lasagadesgares.be\/wordpress\/wp-content\/uploads\/2025\/12\/Bruxelles-Nord-SNCB-Z08761A-3.jpg\" alt=\"\" class=\"wp-image-5360\" srcset=\"https:\/\/www.lasagadesgares.be\/wordpress\/wp-content\/uploads\/2025\/12\/Bruxelles-Nord-SNCB-Z08761A-3.jpg 400w, https:\/\/www.lasagadesgares.be\/wordpress\/wp-content\/uploads\/2025\/12\/Bruxelles-Nord-SNCB-Z08761A-3-300x297.jpg 300w, https:\/\/www.lasagadesgares.be\/wordpress\/wp-content\/uploads\/2025\/12\/Bruxelles-Nord-SNCB-Z08761A-3-150x150.jpg 150w, https:\/\/www.lasagadesgares.be\/wordpress\/wp-content\/uploads\/2025\/12\/Bruxelles-Nord-SNCB-Z08761A-3-1x1.jpg 1w\" sizes=\"(max-width: 400px) 100vw, 400px\" \/><\/figure>\n\n\n\n<figure class=\"wp-block-image size-large\"><img loading=\"lazy\" decoding=\"async\" width=\"386\" height=\"400\" data-id=\"5359\" src=\"https:\/\/www.lasagadesgares.be\/wordpress\/wp-content\/uploads\/2025\/12\/Bruxelles-Nord-SNCB-Z07261G-33-1.jpg\" alt=\"\" class=\"wp-image-5359\" srcset=\"https:\/\/www.lasagadesgares.be\/wordpress\/wp-content\/uploads\/2025\/12\/Bruxelles-Nord-SNCB-Z07261G-33-1.jpg 386w, https:\/\/www.lasagadesgares.be\/wordpress\/wp-content\/uploads\/2025\/12\/Bruxelles-Nord-SNCB-Z07261G-33-1-290x300.jpg 290w, https:\/\/www.lasagadesgares.be\/wordpress\/wp-content\/uploads\/2025\/12\/Bruxelles-Nord-SNCB-Z07261G-33-1-1x1.jpg 1w\" sizes=\"(max-width: 386px) 100vw, 386px\" \/><\/figure>\n\n\n\n<figure class=\"wp-block-image size-large\"><img loading=\"lazy\" decoding=\"async\" width=\"398\" height=\"400\" data-id=\"5357\" src=\"https:\/\/www.lasagadesgares.be\/wordpress\/wp-content\/uploads\/2025\/12\/Bruxelles-Nord-SNCB-Z06698D-5.jpg\" alt=\"\" class=\"wp-image-5357\" srcset=\"https:\/\/www.lasagadesgares.be\/wordpress\/wp-content\/uploads\/2025\/12\/Bruxelles-Nord-SNCB-Z06698D-5.jpg 398w, https:\/\/www.lasagadesgares.be\/wordpress\/wp-content\/uploads\/2025\/12\/Bruxelles-Nord-SNCB-Z06698D-5-150x150.jpg 150w, https:\/\/www.lasagadesgares.be\/wordpress\/wp-content\/uploads\/2025\/12\/Bruxelles-Nord-SNCB-Z06698D-5-1x1.jpg 1w\" sizes=\"(max-width: 398px) 100vw, 398px\" \/><\/figure>\n\n\n\n<figure class=\"wp-block-image size-large\"><img loading=\"lazy\" decoding=\"async\" width=\"400\" height=\"250\" data-id=\"5356\" src=\"https:\/\/www.lasagadesgares.be\/wordpress\/wp-content\/uploads\/2025\/12\/Bruxelles-Nord-SNCB-K03247-11-3.jpg\" alt=\"\" class=\"wp-image-5356\" srcset=\"https:\/\/www.lasagadesgares.be\/wordpress\/wp-content\/uploads\/2025\/12\/Bruxelles-Nord-SNCB-K03247-11-3.jpg 400w, https:\/\/www.lasagadesgares.be\/wordpress\/wp-content\/uploads\/2025\/12\/Bruxelles-Nord-SNCB-K03247-11-3-300x188.jpg 300w, https:\/\/www.lasagadesgares.be\/wordpress\/wp-content\/uploads\/2025\/12\/Bruxelles-Nord-SNCB-K03247-11-3-1x1.jpg 1w\" sizes=\"(max-width: 400px) 100vw, 400px\" \/><\/figure>\n\n\n\n<figure class=\"wp-block-image size-large\"><img loading=\"lazy\" decoding=\"async\" width=\"400\" height=\"400\" data-id=\"5355\" src=\"https:\/\/www.lasagadesgares.be\/wordpress\/wp-content\/uploads\/2025\/12\/Bruxelles-Nord-SNCB-K03113-09-1.jpg\" alt=\"\" class=\"wp-image-5355\" srcset=\"https:\/\/www.lasagadesgares.be\/wordpress\/wp-content\/uploads\/2025\/12\/Bruxelles-Nord-SNCB-K03113-09-1.jpg 400w, https:\/\/www.lasagadesgares.be\/wordpress\/wp-content\/uploads\/2025\/12\/Bruxelles-Nord-SNCB-K03113-09-1-300x300.jpg 300w, https:\/\/www.lasagadesgares.be\/wordpress\/wp-content\/uploads\/2025\/12\/Bruxelles-Nord-SNCB-K03113-09-1-150x150.jpg 150w, https:\/\/www.lasagadesgares.be\/wordpress\/wp-content\/uploads\/2025\/12\/Bruxelles-Nord-SNCB-K03113-09-1-1x1.jpg 1w\" sizes=\"(max-width: 400px) 100vw, 400px\" \/><\/figure>\n\n\n\n<figure class=\"wp-block-image size-large\"><img loading=\"lazy\" decoding=\"async\" width=\"400\" height=\"269\" data-id=\"5354\" src=\"https:\/\/www.lasagadesgares.be\/wordpress\/wp-content\/uploads\/2025\/12\/Bruxelles-Nord-SNCB-K00190.jpg\" alt=\"\" class=\"wp-image-5354\" srcset=\"https:\/\/www.lasagadesgares.be\/wordpress\/wp-content\/uploads\/2025\/12\/Bruxelles-Nord-SNCB-K00190.jpg 400w, https:\/\/www.lasagadesgares.be\/wordpress\/wp-content\/uploads\/2025\/12\/Bruxelles-Nord-SNCB-K00190-300x202.jpg 300w, https:\/\/www.lasagadesgares.be\/wordpress\/wp-content\/uploads\/2025\/12\/Bruxelles-Nord-SNCB-K00190-1x1.jpg 1w\" sizes=\"(max-width: 400px) 100vw, 400px\" \/><\/figure>\n\n\n\n<figure class=\"wp-block-image size-large\"><img loading=\"lazy\" decoding=\"async\" width=\"400\" height=\"390\" data-id=\"5353\" src=\"https:\/\/www.lasagadesgares.be\/wordpress\/wp-content\/uploads\/2025\/12\/Bruxelles-Nord-SNCB-K00179a.jpg\" alt=\"\" class=\"wp-image-5353\" srcset=\"https:\/\/www.lasagadesgares.be\/wordpress\/wp-content\/uploads\/2025\/12\/Bruxelles-Nord-SNCB-K00179a.jpg 400w, https:\/\/www.lasagadesgares.be\/wordpress\/wp-content\/uploads\/2025\/12\/Bruxelles-Nord-SNCB-K00179a-300x293.jpg 300w, https:\/\/www.lasagadesgares.be\/wordpress\/wp-content\/uploads\/2025\/12\/Bruxelles-Nord-SNCB-K00179a-1x1.jpg 1w\" sizes=\"(max-width: 400px) 100vw, 400px\" \/><\/figure>\n\n\n\n<figure class=\"wp-block-image size-large\"><img loading=\"lazy\" decoding=\"async\" width=\"387\" height=\"400\" data-id=\"5352\" src=\"https:\/\/www.lasagadesgares.be\/wordpress\/wp-content\/uploads\/2025\/12\/Bruxelles-Nord-SNCB-Z07272C-52.jpg\" alt=\"\" class=\"wp-image-5352\" srcset=\"https:\/\/www.lasagadesgares.be\/wordpress\/wp-content\/uploads\/2025\/12\/Bruxelles-Nord-SNCB-Z07272C-52.jpg 387w, https:\/\/www.lasagadesgares.be\/wordpress\/wp-content\/uploads\/2025\/12\/Bruxelles-Nord-SNCB-Z07272C-52-290x300.jpg 290w, https:\/\/www.lasagadesgares.be\/wordpress\/wp-content\/uploads\/2025\/12\/Bruxelles-Nord-SNCB-Z07272C-52-1x1.jpg 1w\" sizes=\"(max-width: 387px) 100vw, 387px\" \/><\/figure>\n\n\n\n<figure class=\"wp-block-image size-large\"><img loading=\"lazy\" decoding=\"async\" width=\"391\" height=\"400\" data-id=\"5351\" src=\"https:\/\/www.lasagadesgares.be\/wordpress\/wp-content\/uploads\/2025\/12\/Bruxelles-Nord-SNCB-Z07272C-10.jpg\" alt=\"\" class=\"wp-image-5351\" srcset=\"https:\/\/www.lasagadesgares.be\/wordpress\/wp-content\/uploads\/2025\/12\/Bruxelles-Nord-SNCB-Z07272C-10.jpg 391w, https:\/\/www.lasagadesgares.be\/wordpress\/wp-content\/uploads\/2025\/12\/Bruxelles-Nord-SNCB-Z07272C-10-293x300.jpg 293w, https:\/\/www.lasagadesgares.be\/wordpress\/wp-content\/uploads\/2025\/12\/Bruxelles-Nord-SNCB-Z07272C-10-1x1.jpg 1w\" sizes=\"(max-width: 391px) 100vw, 391px\" \/><\/figure>\n\n\n\n<figure class=\"wp-block-image size-large\"><img loading=\"lazy\" decoding=\"async\" width=\"400\" height=\"288\" data-id=\"5350\" src=\"https:\/\/www.lasagadesgares.be\/wordpress\/wp-content\/uploads\/2025\/12\/Bruxelles-Nord-SNB-Z07240D-4.jpg\" alt=\"\" class=\"wp-image-5350\" srcset=\"https:\/\/www.lasagadesgares.be\/wordpress\/wp-content\/uploads\/2025\/12\/Bruxelles-Nord-SNB-Z07240D-4.jpg 400w, https:\/\/www.lasagadesgares.be\/wordpress\/wp-content\/uploads\/2025\/12\/Bruxelles-Nord-SNB-Z07240D-4-300x216.jpg 300w, https:\/\/www.lasagadesgares.be\/wordpress\/wp-content\/uploads\/2025\/12\/Bruxelles-Nord-SNB-Z07240D-4-1x1.jpg 1w\" sizes=\"(max-width: 400px) 100vw, 400px\" \/><\/figure>\n\n\n\n<figure class=\"wp-block-image size-large\"><img loading=\"lazy\" decoding=\"async\" width=\"364\" height=\"400\" data-id=\"5348\" src=\"https:\/\/www.lasagadesgares.be\/wordpress\/wp-content\/uploads\/2025\/12\/Bruxelles-Nord-SNCB-Z03868c-4.jpg\" alt=\"\" class=\"wp-image-5348\" srcset=\"https:\/\/www.lasagadesgares.be\/wordpress\/wp-content\/uploads\/2025\/12\/Bruxelles-Nord-SNCB-Z03868c-4.jpg 364w, https:\/\/www.lasagadesgares.be\/wordpress\/wp-content\/uploads\/2025\/12\/Bruxelles-Nord-SNCB-Z03868c-4-273x300.jpg 273w, https:\/\/www.lasagadesgares.be\/wordpress\/wp-content\/uploads\/2025\/12\/Bruxelles-Nord-SNCB-Z03868c-4-1x1.jpg 1w\" sizes=\"(max-width: 364px) 100vw, 364px\" \/><\/figure>\n\n\n\n<figure class=\"wp-block-image size-large\"><img loading=\"lazy\" decoding=\"async\" width=\"391\" height=\"400\" data-id=\"5347\" src=\"https:\/\/www.lasagadesgares.be\/wordpress\/wp-content\/uploads\/2025\/12\/Bruxelles-Midi-SNCB-Z07289E-4.jpg\" alt=\"\" class=\"wp-image-5347\" srcset=\"https:\/\/www.lasagadesgares.be\/wordpress\/wp-content\/uploads\/2025\/12\/Bruxelles-Midi-SNCB-Z07289E-4.jpg 391w, https:\/\/www.lasagadesgares.be\/wordpress\/wp-content\/uploads\/2025\/12\/Bruxelles-Midi-SNCB-Z07289E-4-293x300.jpg 293w, https:\/\/www.lasagadesgares.be\/wordpress\/wp-content\/uploads\/2025\/12\/Bruxelles-Midi-SNCB-Z07289E-4-1x1.jpg 1w\" sizes=\"(max-width: 391px) 100vw, 391px\" \/><\/figure>\n\n\n\n<figure class=\"wp-block-image size-large\"><img loading=\"lazy\" decoding=\"async\" width=\"400\" height=\"254\" data-id=\"5346\" src=\"https:\/\/www.lasagadesgares.be\/wordpress\/wp-content\/uploads\/2025\/12\/Bruxelles-Nord-1894.jpg\" alt=\"\" class=\"wp-image-5346\" srcset=\"https:\/\/www.lasagadesgares.be\/wordpress\/wp-content\/uploads\/2025\/12\/Bruxelles-Nord-1894.jpg 400w, https:\/\/www.lasagadesgares.be\/wordpress\/wp-content\/uploads\/2025\/12\/Bruxelles-Nord-1894-300x191.jpg 300w, https:\/\/www.lasagadesgares.be\/wordpress\/wp-content\/uploads\/2025\/12\/Bruxelles-Nord-1894-1x1.jpg 1w\" sizes=\"(max-width: 400px) 100vw, 400px\" \/><\/figure>\n<\/figure>\n","protected":false},"excerpt":{"rendered":"<p>La gare de Bruxelles-Nord est une des gares les plus importantes de Belgique. Ses origines remontent aux tout premiers trains dans la capitale. La station a connu plusieurs visages et emplacements. La gare actuelle fut construite entre 1938 et 1956. En novembre 2025, la R\u00e9gion de Bruxelles-Capitale a officiellement inscrit la gare sur la \u00ab\u00a0Liste [&hellip;]<\/p>\n","protected":false},"author":6,"featured_media":5363,"comment_status":"closed","ping_status":"open","sticky":false,"template":"","format":"standard","meta":{"footnotes":""},"categories":[35,228,103,211,206,126,130,185],"tags":[],"class_list":["post-5344","post","type-post","status-publish","format-standard","has-post-thumbnail","hentry","category-annonces","category-ligne-000","category-ligne-161","category-ligne-025","category-ligne-027","category-ligne-036","category-ligne-036n","category-ligne-050"],"_links":{"self":[{"href":"https:\/\/www.lasagadesgares.be\/wordpress\/wp-json\/wp\/v2\/posts\/5344","targetHints":{"allow":["GET"]}}],"collection":[{"href":"https:\/\/www.lasagadesgares.be\/wordpress\/wp-json\/wp\/v2\/posts"}],"about":[{"href":"https:\/\/www.lasagadesgares.be\/wordpress\/wp-json\/wp\/v2\/types\/post"}],"author":[{"embeddable":true,"href":"https:\/\/www.lasagadesgares.be\/wordpress\/wp-json\/wp\/v2\/users\/6"}],"replies":[{"embeddable":true,"href":"https:\/\/www.lasagadesgares.be\/wordpress\/wp-json\/wp\/v2\/comments?post=5344"}],"version-history":[{"count":3,"href":"https:\/\/www.lasagadesgares.be\/wordpress\/wp-json\/wp\/v2\/posts\/5344\/revisions"}],"predecessor-version":[{"id":5367,"href":"https:\/\/www.lasagadesgares.be\/wordpress\/wp-json\/wp\/v2\/posts\/5344\/revisions\/5367"}],"wp:featuredmedia":[{"embeddable":true,"href":"https:\/\/www.lasagadesgares.be\/wordpress\/wp-json\/wp\/v2\/media\/5363"}],"wp:attachment":[{"href":"https:\/\/www.lasagadesgares.be\/wordpress\/wp-json\/wp\/v2\/media?parent=5344"}],"wp:term":[{"taxonomy":"category","embeddable":true,"href":"https:\/\/www.lasagadesgares.be\/wordpress\/wp-json\/wp\/v2\/categories?post=5344"},{"taxonomy":"post_tag","embeddable":true,"href":"https:\/\/www.lasagadesgares.be\/wordpress\/wp-json\/wp\/v2\/tags?post=5344"}],"curies":[{"name":"wp","href":"https:\/\/api.w.org\/{rel}","templated":true}]}}