{"id":5337,"date":"2025-12-06T00:00:05","date_gmt":"2025-12-05T23:00:05","guid":{"rendered":"https:\/\/www.lasagadesgares.be\/wordpress\/?p=5337"},"modified":"2026-02-03T14:45:30","modified_gmt":"2026-02-03T13:45:30","slug":"hindel-bas","status":"publish","type":"post","link":"https:\/\/www.lasagadesgares.be\/wordpress\/hindel-bas\/","title":{"rendered":"Le point d&rsquo;arr\u00eat de Hindel Bas"},"content":{"rendered":"\n<p>Le Point d&rsquo;Arr\u00eat de Hindel (Bas) se trouvait sur la Ligne 24\u00a0ouverte en 1917 reliant\u00a0Tongres \u00e0 la fronti\u00e8re allemande.<br>Le Point d&rsquo;Arr\u00eat \u00e9tait situ\u00e9 au Km 35,7 de la ligne entre Remersdael et l&rsquo;entr\u00e9e de la gare de Montzen, les voies (3) passant sous la ligne 38 hors service. Un escalier permet d&rsquo;acc\u00e9der \u00e0 la gare de Hindel (L38) depuis le quai situ\u00e9 entre les deux voies.<\/p>\n","protected":false},"excerpt":{"rendered":"<p>Le Point d&rsquo;Arr\u00eat de Hindel (Bas) se trouvait sur la Ligne 24\u00a0ouverte en 1917 reliant\u00a0Tongres \u00e0 la fronti\u00e8re allemande.Le Point d&rsquo;Arr\u00eat \u00e9tait situ\u00e9 au Km 35,7 de la ligne entre Remersdael et l&rsquo;entr\u00e9e de la gare de Montzen, les voies (3) passant sous la ligne 38 hors service. Un escalier permet d&rsquo;acc\u00e9der \u00e0 la gare [&hellip;]<\/p>\n","protected":false},"author":5,"featured_media":6949,"comment_status":"closed","ping_status":"open","sticky":false,"template":"","format":"standard","meta":{"footnotes":""},"categories":[124,152],"tags":[],"class_list":["post-5337","post","type-post","status-publish","format-standard","has-post-thumbnail","hentry","category-emplacement-a-verifier","category-ligne-024"],"_links":{"self":[{"href":"https:\/\/www.lasagadesgares.be\/wordpress\/wp-json\/wp\/v2\/posts\/5337","targetHints":{"allow":["GET"]}}],"collection":[{"href":"https:\/\/www.lasagadesgares.be\/wordpress\/wp-json\/wp\/v2\/posts"}],"about":[{"href":"https:\/\/www.lasagadesgares.be\/wordpress\/wp-json\/wp\/v2\/types\/post"}],"author":[{"embeddable":true,"href":"https:\/\/www.lasagadesgares.be\/wordpress\/wp-json\/wp\/v2\/users\/5"}],"replies":[{"embeddable":true,"href":"https:\/\/www.lasagadesgares.be\/wordpress\/wp-json\/wp\/v2\/comments?post=5337"}],"version-history":[{"count":2,"href":"https:\/\/www.lasagadesgares.be\/wordpress\/wp-json\/wp\/v2\/posts\/5337\/revisions"}],"predecessor-version":[{"id":6950,"href":"https:\/\/www.lasagadesgares.be\/wordpress\/wp-json\/wp\/v2\/posts\/5337\/revisions\/6950"}],"wp:featuredmedia":[{"embeddable":true,"href":"https:\/\/www.lasagadesgares.be\/wordpress\/wp-json\/wp\/v2\/media\/6949"}],"wp:attachment":[{"href":"https:\/\/www.lasagadesgares.be\/wordpress\/wp-json\/wp\/v2\/media?parent=5337"}],"wp:term":[{"taxonomy":"category","embeddable":true,"href":"https:\/\/www.lasagadesgares.be\/wordpress\/wp-json\/wp\/v2\/categories?post=5337"},{"taxonomy":"post_tag","embeddable":true,"href":"https:\/\/www.lasagadesgares.be\/wordpress\/wp-json\/wp\/v2\/tags?post=5337"}],"curies":[{"name":"wp","href":"https:\/\/api.w.org\/{rel}","templated":true}]}}