{"id":5327,"date":"2025-12-05T23:36:41","date_gmt":"2025-12-05T22:36:41","guid":{"rendered":"https:\/\/www.lasagadesgares.be\/wordpress\/?p=5327"},"modified":"2026-02-03T15:10:30","modified_gmt":"2026-02-03T14:10:30","slug":"vise-haut","status":"publish","type":"post","link":"https:\/\/www.lasagadesgares.be\/wordpress\/vise-haut\/","title":{"rendered":"La gare de Vis\u00e9-Haut"},"content":{"rendered":"\n<p>La gare de&nbsp;Vis\u00e9-Haut&nbsp;est situ\u00e9e sur la ligne 24 \u2013 Tongres &#8211; Vis\u00e9 &#8211; Aix-la-Chapelle.<br><br>De Vis\u00e9-Bas vers Vid\u00e9-Haut&#8230; En 1916 l&rsquo;occupant Allemand d\u00e9cide de remodeler les installations ferroviaires de la gare de Vis\u00e9 afin de r\u00e9aliser un chemin de fer de Tongres \u00e0 Aix-la-Chapelle.<br>Un premier b\u00e2timent est d\u00e9truit en ao\u00fbt 1914. Sur une&nbsp;ligne 24\/1&nbsp;un nouveau b\u00e2timent en bois, est install\u00e9, en remplacement du b\u00e2timent d\u00e9truit au pied du viaduc&nbsp;(Le Pont des Allemands).<br>Une nouvelle gare de \u00abVis\u00e9-Haut\u00bb est accessible par un escalier \u00e0 partir de la gare de \u00abVis\u00e9-Bas\u00bb, elle fut implant\u00e9e sur le viaduc de la ligne 24.<br><br>Sur le plan annex\u00e9: venant de Vis\u00e9 Bas la&nbsp;ligne 24\/1&nbsp;Vis\u00e9 vers la bifurcation de Lonchamps, la bifurcation de Berneau et son Point d&rsquo;Arr\u00eat, elle permet aux trains de marchandises Li\u00e8ge Allemagne, de rejoindre la ligne 24 et Montzen. A la difurcation de Longchamps, une autre courte section de raccord, la&nbsp;24\/2, Y longchamps &gt; Vis\u00e9-Haut, permet l&rsquo;acc\u00e8s direct dans l&rsquo;autre sens vers Tongres-Anvers.<\/p>\n\n\n\n<figure class=\"wp-block-image size-full\"><img fetchpriority=\"high\" decoding=\"async\" width=\"400\" height=\"330\" src=\"https:\/\/www.lasagadesgares.be\/wordpress\/wp-content\/uploads\/2025\/12\/Vise-plan-1.jpg\" alt=\"\" class=\"wp-image-6954\" srcset=\"https:\/\/www.lasagadesgares.be\/wordpress\/wp-content\/uploads\/2025\/12\/Vise-plan-1.jpg 400w, https:\/\/www.lasagadesgares.be\/wordpress\/wp-content\/uploads\/2025\/12\/Vise-plan-1-300x248.jpg 300w, https:\/\/www.lasagadesgares.be\/wordpress\/wp-content\/uploads\/2025\/12\/Vise-plan-1-1x1.jpg 1w\" sizes=\"(max-width: 400px) 100vw, 400px\" \/><\/figure>\n\n\n\n<p><\/p>\n\n\n\n<p>Le&nbsp;<strong>Pont des Allemands<\/strong>&nbsp;est un viaduc ferroviaire qui enjambe la&nbsp;Meuse&nbsp;au nord de Vis\u00e9 sur la&nbsp;ligne 24&nbsp;(Tongres \u2194 Aix-la-Chapelle). La ligne 24 a \u00e9t\u00e9 construite&nbsp;principalement \u00e0 des fins militaires&nbsp;pendant la&nbsp;Premi\u00e8re Guerre mondiale&nbsp;par l\u2019arm\u00e9e allemande au sein de la Belgique occup\u00e9e.<br>Le pont a \u00e9t\u00e9 construit&nbsp;entre 1915 et fin 1916, mis en service en&nbsp;f\u00e9vrier 1917.<br>Il s\u2019agit d\u2019un&nbsp;grand ouvrage d\u2019art ferroviaire&nbsp;de l\u2019\u00e9poque, long d\u2019environ&nbsp;530\u2013560 m&nbsp;au total, dont plusieurs trav\u00e9es franchissent la Meuse.<br>Pendant la&nbsp;Seconde Guerre mondiale, le pont a \u00e9t\u00e9&nbsp;d\u00e9truit puis reconstruit, ce qui t\u00e9moigne de son importance strat\u00e9gique.<br>Apr\u00e8s un si\u00e8cle d\u2019utilisation, l\u2019ouvrage a fait l\u2019objet d\u2019un&nbsp;important chantier de r\u00e9novation&nbsp;\u00e0 partir de 2016 pour remplacer sa superstructure m\u00e9tallique vieillissante et renforcer les piles en b\u00e9ton.<br>Les travaux ont inclus le&nbsp;remplacement du tablier au-dessus de la Meuse, la consolidation des piles et la modernisation des voies et cat\u00e9naires, afin d\u2019assurer la&nbsp;p\u00e9rennit\u00e9 de l\u2019infrastructure&nbsp;pour le trafic marchandises.<br>Des phases de travaux spectaculaires ont \u00e9t\u00e9 r\u00e9alis\u00e9es, notamment le&nbsp;levage et la pose de nouvelles trav\u00e9es, car l\u2019ancien pont, fortement corrod\u00e9 apr\u00e8s plus de 100 ans, devait \u00eatre retir\u00e9 progressivement.<br>Ce viaduc est souvent consid\u00e9r\u00e9 localement comme&nbsp;un symbole historique, non seulement comme infrastructure ferroviaire mais aussi comme&nbsp;t\u00e9moignage des deux guerres mondiales&nbsp;et de l\u2019impact de ces conflits sur la r\u00e9gion.<\/p>\n\n\n\n<figure class=\"wp-block-image size-full\"><img decoding=\"async\" width=\"400\" height=\"207\" src=\"https:\/\/www.lasagadesgares.be\/wordpress\/wp-content\/uploads\/2025\/12\/Vise-haut-Pont-Allemands.png\" alt=\"\" class=\"wp-image-6953\" srcset=\"https:\/\/www.lasagadesgares.be\/wordpress\/wp-content\/uploads\/2025\/12\/Vise-haut-Pont-Allemands.png 400w, https:\/\/www.lasagadesgares.be\/wordpress\/wp-content\/uploads\/2025\/12\/Vise-haut-Pont-Allemands-300x155.png 300w, https:\/\/www.lasagadesgares.be\/wordpress\/wp-content\/uploads\/2025\/12\/Vise-haut-Pont-Allemands-1x1.png 1w\" sizes=\"(max-width: 400px) 100vw, 400px\" \/><\/figure>\n\n\n\n<p><\/p>\n\n\n\n<blockquote class=\"wp-block-quote is-layout-flow wp-block-quote-is-layout-flow\">\n<p><strong>Le point d&rsquo;arr\u00eat de Berneau<\/strong> se situait <strong>entre la gare de Vis\u00e9 haut et la gare de Warsage<\/strong> sur la ligne 24 de Tongres vers l&rsquo;Allemagne. Cette ligne avait \u00e9t\u00e9 construite\u00a0pendant la Premi\u00e8re Guerre mondiale (1917-1918)\u00a0par l\u2019arm\u00e9e allemande, pour relier les ports belges \u00e0 l\u2019Allemagne. Apr\u00e8s la guerre, la ligne est pass\u00e9e sous gestion de l&rsquo;\u00c9tat Belge. La ligne fut exploit\u00e9e pour le trafic voyageurs jusqu\u2019\u00e0 1957,\u00a0aujourd\u2019hui elle\u00a0est exploit\u00e9e pour le fret.<\/p>\n<\/blockquote>\n\n\n\n<p><\/p>\n","protected":false},"excerpt":{"rendered":"<p>La gare de&nbsp;Vis\u00e9-Haut&nbsp;est situ\u00e9e sur la ligne 24 \u2013 Tongres &#8211; Vis\u00e9 &#8211; Aix-la-Chapelle. De Vis\u00e9-Bas vers Vid\u00e9-Haut&#8230; En 1916 l&rsquo;occupant Allemand d\u00e9cide de remodeler les installations ferroviaires de la gare de Vis\u00e9 afin de r\u00e9aliser un chemin de fer de Tongres \u00e0 Aix-la-Chapelle.Un premier b\u00e2timent est d\u00e9truit en ao\u00fbt 1914. Sur une&nbsp;ligne 24\/1&nbsp;un nouveau [&hellip;]<\/p>\n","protected":false},"author":5,"featured_media":6955,"comment_status":"closed","ping_status":"open","sticky":false,"template":"","format":"standard","meta":{"footnotes":""},"categories":[124,152,120,75],"tags":[],"class_list":["post-5327","post","type-post","status-publish","format-standard","has-post-thumbnail","hentry","category-emplacement-a-verifier","category-ligne-024","category-ligne-040","category-qrcode"],"_links":{"self":[{"href":"https:\/\/www.lasagadesgares.be\/wordpress\/wp-json\/wp\/v2\/posts\/5327","targetHints":{"allow":["GET"]}}],"collection":[{"href":"https:\/\/www.lasagadesgares.be\/wordpress\/wp-json\/wp\/v2\/posts"}],"about":[{"href":"https:\/\/www.lasagadesgares.be\/wordpress\/wp-json\/wp\/v2\/types\/post"}],"author":[{"embeddable":true,"href":"https:\/\/www.lasagadesgares.be\/wordpress\/wp-json\/wp\/v2\/users\/5"}],"replies":[{"embeddable":true,"href":"https:\/\/www.lasagadesgares.be\/wordpress\/wp-json\/wp\/v2\/comments?post=5327"}],"version-history":[{"count":3,"href":"https:\/\/www.lasagadesgares.be\/wordpress\/wp-json\/wp\/v2\/posts\/5327\/revisions"}],"predecessor-version":[{"id":7240,"href":"https:\/\/www.lasagadesgares.be\/wordpress\/wp-json\/wp\/v2\/posts\/5327\/revisions\/7240"}],"wp:featuredmedia":[{"embeddable":true,"href":"https:\/\/www.lasagadesgares.be\/wordpress\/wp-json\/wp\/v2\/media\/6955"}],"wp:attachment":[{"href":"https:\/\/www.lasagadesgares.be\/wordpress\/wp-json\/wp\/v2\/media?parent=5327"}],"wp:term":[{"taxonomy":"category","embeddable":true,"href":"https:\/\/www.lasagadesgares.be\/wordpress\/wp-json\/wp\/v2\/categories?post=5327"},{"taxonomy":"post_tag","embeddable":true,"href":"https:\/\/www.lasagadesgares.be\/wordpress\/wp-json\/wp\/v2\/tags?post=5327"}],"curies":[{"name":"wp","href":"https:\/\/api.w.org\/{rel}","templated":true}]}}