{"id":5053,"date":"2025-12-04T22:41:46","date_gmt":"2025-12-04T21:41:46","guid":{"rendered":"https:\/\/www.lasagadesgares.be\/wordpress\/?p=5053"},"modified":"2026-02-03T15:02:18","modified_gmt":"2026-02-03T14:02:18","slug":"kelmis-la-calamine","status":"publish","type":"post","link":"https:\/\/www.lasagadesgares.be\/wordpress\/kelmis-la-calamine\/","title":{"rendered":"La gare de Kelmis (La Calamine)"},"content":{"rendered":"\n<p>L&rsquo;ancienne gare terminus de La Calamine (Kelmis en allemand) \u00e9tait situ\u00e9e la ligne 39 B depuis Moresnet.<br>Ouverte en\u00a01871, cette ligne \u00e9tait une\u00a0petite liaison industrielle et locale\u00a0servant notamment l\u2019industrie mini\u00e8re locale. Ferm\u00e9 en 1952,\u00a0l\u2019ancien b\u00e2timent de la gare\u00a0fait partie de l\u2019espace du\u00a0\u00ab\u00a0Museum Vieille Montagne\u00a0\u00bb, o\u00f9 une\u00a0exposition sur l\u2019histoire du chemin de fer local\u00a0est pr\u00e9sent\u00e9e par l\u2019association d\u2019histoire Kelmis 1871.<br><br>\u00ab\u00a0Les\u00a0mines de zinc de La Calamine\u00a0\u00bb,\u00a0raccord\u00e9es au chemin de fer,\u00a0faisaient partie du territoire minier de\u00a0Moresnet neutre\u00a0(1816\u20131919), c\u00e9l\u00e8bre pour l\u2019exploitation de La\u00a0Calamine, un minerai riche en zinc.<br>L\u2019extraction \u00e9tait g\u00e9r\u00e9e par la soci\u00e9t\u00e9\u00a0Vieille Montagne, l\u2019un des plus grands groupes miniers europ\u00e9ens du XIX\u1d49 si\u00e8cle. Le b\u00e2timent principal de l\u2019ancienne soci\u00e9t\u00e9 des Mines et Fonderies de zinc de la Vieille Montagne, construit dans le prolongement de la gare, sert aujourd\u2019hui de mus\u00e9e retra\u00e7ant l&rsquo;histoire de l&rsquo;exploitation.<\/p>\n","protected":false},"excerpt":{"rendered":"<p>L&rsquo;ancienne gare terminus de La Calamine (Kelmis en allemand) \u00e9tait situ\u00e9e la ligne 39 B depuis Moresnet.Ouverte en\u00a01871, cette ligne \u00e9tait une\u00a0petite liaison industrielle et locale\u00a0servant notamment l\u2019industrie mini\u00e8re locale. Ferm\u00e9 en 1952,\u00a0l\u2019ancien b\u00e2timent de la gare\u00a0fait partie de l\u2019espace du\u00a0\u00ab\u00a0Museum Vieille Montagne\u00a0\u00bb, o\u00f9 une\u00a0exposition sur l\u2019histoire du chemin de fer local\u00a0est pr\u00e9sent\u00e9e par l\u2019association [&hellip;]<\/p>\n","protected":false},"author":5,"featured_media":7235,"comment_status":"closed","ping_status":"open","sticky":false,"template":"","format":"standard","meta":{"footnotes":""},"categories":[153,75],"tags":[],"class_list":["post-5053","post","type-post","status-publish","format-standard","has-post-thumbnail","hentry","category-ligne-039b","category-qrcode"],"_links":{"self":[{"href":"https:\/\/www.lasagadesgares.be\/wordpress\/wp-json\/wp\/v2\/posts\/5053","targetHints":{"allow":["GET"]}}],"collection":[{"href":"https:\/\/www.lasagadesgares.be\/wordpress\/wp-json\/wp\/v2\/posts"}],"about":[{"href":"https:\/\/www.lasagadesgares.be\/wordpress\/wp-json\/wp\/v2\/types\/post"}],"author":[{"embeddable":true,"href":"https:\/\/www.lasagadesgares.be\/wordpress\/wp-json\/wp\/v2\/users\/5"}],"replies":[{"embeddable":true,"href":"https:\/\/www.lasagadesgares.be\/wordpress\/wp-json\/wp\/v2\/comments?post=5053"}],"version-history":[{"count":2,"href":"https:\/\/www.lasagadesgares.be\/wordpress\/wp-json\/wp\/v2\/posts\/5053\/revisions"}],"predecessor-version":[{"id":7236,"href":"https:\/\/www.lasagadesgares.be\/wordpress\/wp-json\/wp\/v2\/posts\/5053\/revisions\/7236"}],"wp:featuredmedia":[{"embeddable":true,"href":"https:\/\/www.lasagadesgares.be\/wordpress\/wp-json\/wp\/v2\/media\/7235"}],"wp:attachment":[{"href":"https:\/\/www.lasagadesgares.be\/wordpress\/wp-json\/wp\/v2\/media?parent=5053"}],"wp:term":[{"taxonomy":"category","embeddable":true,"href":"https:\/\/www.lasagadesgares.be\/wordpress\/wp-json\/wp\/v2\/categories?post=5053"},{"taxonomy":"post_tag","embeddable":true,"href":"https:\/\/www.lasagadesgares.be\/wordpress\/wp-json\/wp\/v2\/tags?post=5053"}],"curies":[{"name":"wp","href":"https:\/\/api.w.org\/{rel}","templated":true}]}}