{"id":4812,"date":"2025-12-03T16:26:50","date_gmt":"2025-12-03T15:26:50","guid":{"rendered":"https:\/\/www.lasagadesgares.be\/wordpress\/?p=4812"},"modified":"2025-12-23T12:51:23","modified_gmt":"2025-12-23T11:51:23","slug":"verviers-palais","status":"publish","type":"post","link":"https:\/\/www.lasagadesgares.be\/wordpress\/verviers-palais\/","title":{"rendered":"Le point d&rsquo;arr\u00eat de Verviers-Palais"},"content":{"rendered":"\n<p>Le p<strong>oint d&rsquo;arr\u00eat de Verviers-Palais<\/strong> se trouve sur la ligne 37, reliant Li\u00e8ge-Guillemins \u00e0 Aachen Hbf (Aix-la-Chapelle). Ouvert le 5 f\u00e9vrier 1933, il est situ\u00e9 au Point Kilom\u00e9trique 25,352, entre Verviers-Central et Verviers-Est. Il a \u00e9t\u00e9 ferm\u00e9 pendant la seconde guerre mondiale le 4 mai 1942, avant d\u2019\u00eatre rouvert le 26 mai 1968.<\/p>\n\n\n\n<p>En provenance de Verviers-Central, apr\u00e8s avoir travers\u00e9 le passage inf\u00e9rieur pi\u00e9tonnier de la rue des Martyrs, les deux voies bordent deux quais avec des abris, avant d\u2019entrer dans le tunnel du Palais de Justice en direction de Verviers-Est. \u00c0 proximit\u00e9 de ce point d&rsquo;arr\u00eat, un parking est disponible, avec quelques places r\u00e9serv\u00e9es aux personnes \u00e0 mobilit\u00e9 r\u00e9duite (PMR).<\/p>\n\n\n\n<p><a href=\"https:\/\/www.verviers.be\/\"><strong>Ville de Verviers<\/strong><\/a><\/p>\n\n\n\n<p><a href=\"https:\/\/www.verviers.be\/loisirs\/culture\/musees\"><strong>Les mus\u00e9es de Verviers<\/strong><\/a><\/p>\n\n\n\n<figure class=\"wp-block-gallery has-nested-images columns-default is-cropped wp-block-gallery-1 is-layout-flex wp-block-gallery-is-layout-flex\">\n<figure data-wp-context=\"{&quot;imageId&quot;:&quot;69ec4edb430c8&quot;}\" data-wp-interactive=\"core\/image\" data-wp-key=\"69ec4edb430c8\" class=\"wp-block-image size-large wp-lightbox-container\"><img fetchpriority=\"high\" decoding=\"async\" width=\"400\" height=\"225\" data-wp-class--hide=\"state.isContentHidden\" data-wp-class--show=\"state.isContentVisible\" data-wp-init=\"callbacks.setButtonStyles\" data-wp-on--click=\"actions.showLightbox\" data-wp-on--load=\"callbacks.setButtonStyles\" data-wp-on-window--resize=\"callbacks.setButtonStyles\" data-id=\"5725\" src=\"https:\/\/www.lasagadesgares.be\/wordpress\/wp-content\/uploads\/2025\/12\/verviers_palais_002.jpg\" alt=\"\" class=\"wp-image-5725\" srcset=\"https:\/\/www.lasagadesgares.be\/wordpress\/wp-content\/uploads\/2025\/12\/verviers_palais_002.jpg 400w, https:\/\/www.lasagadesgares.be\/wordpress\/wp-content\/uploads\/2025\/12\/verviers_palais_002-300x169.jpg 300w, https:\/\/www.lasagadesgares.be\/wordpress\/wp-content\/uploads\/2025\/12\/verviers_palais_002-1x1.jpg 1w\" sizes=\"(max-width: 400px) 100vw, 400px\" \/><button\n\t\t\tclass=\"lightbox-trigger\"\n\t\t\ttype=\"button\"\n\t\t\taria-haspopup=\"dialog\"\n\t\t\taria-label=\"Agrandir\"\n\t\t\tdata-wp-init=\"callbacks.initTriggerButton\"\n\t\t\tdata-wp-on--click=\"actions.showLightbox\"\n\t\t\tdata-wp-style--right=\"state.imageButtonRight\"\n\t\t\tdata-wp-style--top=\"state.imageButtonTop\"\n\t\t>\n\t\t\t<svg xmlns=\"http:\/\/www.w3.org\/2000\/svg\" width=\"12\" height=\"12\" fill=\"none\" viewBox=\"0 0 12 12\">\n\t\t\t\t<path fill=\"#fff\" d=\"M2 0a2 2 0 0 0-2 2v2h1.5V2a.5.5 0 0 1 .5-.5h2V0H2Zm2 10.5H2a.5.5 0 0 1-.5-.5V8H0v2a2 2 0 0 0 2 2h2v-1.5ZM8 12v-1.5h2a.5.5 0 0 0 .5-.5V8H12v2a2 2 0 0 1-2 2H8Zm2-12a2 2 0 0 1 2 2v2h-1.5V2a.5.5 0 0 0-.5-.5H8V0h2Z\" \/>\n\t\t\t<\/svg>\n\t\t<\/button><\/figure>\n\n\n\n<figure data-wp-context=\"{&quot;imageId&quot;:&quot;69ec4edb4347c&quot;}\" data-wp-interactive=\"core\/image\" data-wp-key=\"69ec4edb4347c\" class=\"wp-block-image size-large wp-lightbox-container\"><img decoding=\"async\" width=\"400\" height=\"225\" data-wp-class--hide=\"state.isContentHidden\" data-wp-class--show=\"state.isContentVisible\" data-wp-init=\"callbacks.setButtonStyles\" data-wp-on--click=\"actions.showLightbox\" data-wp-on--load=\"callbacks.setButtonStyles\" data-wp-on-window--resize=\"callbacks.setButtonStyles\" data-id=\"5724\" src=\"https:\/\/www.lasagadesgares.be\/wordpress\/wp-content\/uploads\/2025\/12\/verviers_palais_001.jpg\" alt=\"\" class=\"wp-image-5724\" srcset=\"https:\/\/www.lasagadesgares.be\/wordpress\/wp-content\/uploads\/2025\/12\/verviers_palais_001.jpg 400w, https:\/\/www.lasagadesgares.be\/wordpress\/wp-content\/uploads\/2025\/12\/verviers_palais_001-300x169.jpg 300w, https:\/\/www.lasagadesgares.be\/wordpress\/wp-content\/uploads\/2025\/12\/verviers_palais_001-1x1.jpg 1w\" sizes=\"(max-width: 400px) 100vw, 400px\" \/><button\n\t\t\tclass=\"lightbox-trigger\"\n\t\t\ttype=\"button\"\n\t\t\taria-haspopup=\"dialog\"\n\t\t\taria-label=\"Agrandir\"\n\t\t\tdata-wp-init=\"callbacks.initTriggerButton\"\n\t\t\tdata-wp-on--click=\"actions.showLightbox\"\n\t\t\tdata-wp-style--right=\"state.imageButtonRight\"\n\t\t\tdata-wp-style--top=\"state.imageButtonTop\"\n\t\t>\n\t\t\t<svg xmlns=\"http:\/\/www.w3.org\/2000\/svg\" width=\"12\" height=\"12\" fill=\"none\" viewBox=\"0 0 12 12\">\n\t\t\t\t<path fill=\"#fff\" d=\"M2 0a2 2 0 0 0-2 2v2h1.5V2a.5.5 0 0 1 .5-.5h2V0H2Zm2 10.5H2a.5.5 0 0 1-.5-.5V8H0v2a2 2 0 0 0 2 2h2v-1.5ZM8 12v-1.5h2a.5.5 0 0 0 .5-.5V8H12v2a2 2 0 0 1-2 2H8Zm2-12a2 2 0 0 1 2 2v2h-1.5V2a.5.5 0 0 0-.5-.5H8V0h2Z\" \/>\n\t\t\t<\/svg>\n\t\t<\/button><\/figure>\n\n\n\n<figure data-wp-context=\"{&quot;imageId&quot;:&quot;69ec4edb437c6&quot;}\" data-wp-interactive=\"core\/image\" data-wp-key=\"69ec4edb437c6\" class=\"wp-block-image size-large wp-lightbox-container\"><img decoding=\"async\" width=\"400\" height=\"214\" data-wp-class--hide=\"state.isContentHidden\" data-wp-class--show=\"state.isContentVisible\" data-wp-init=\"callbacks.setButtonStyles\" data-wp-on--click=\"actions.showLightbox\" data-wp-on--load=\"callbacks.setButtonStyles\" data-wp-on-window--resize=\"callbacks.setButtonStyles\" data-id=\"5740\" src=\"https:\/\/www.lasagadesgares.be\/wordpress\/wp-content\/uploads\/2025\/12\/Verviers-Tunnel-Chi-cha-palais-.jpg\" alt=\"\" class=\"wp-image-5740\" srcset=\"https:\/\/www.lasagadesgares.be\/wordpress\/wp-content\/uploads\/2025\/12\/Verviers-Tunnel-Chi-cha-palais-.jpg 400w, https:\/\/www.lasagadesgares.be\/wordpress\/wp-content\/uploads\/2025\/12\/Verviers-Tunnel-Chi-cha-palais--300x161.jpg 300w, https:\/\/www.lasagadesgares.be\/wordpress\/wp-content\/uploads\/2025\/12\/Verviers-Tunnel-Chi-cha-palais--1x1.jpg 1w\" sizes=\"(max-width: 400px) 100vw, 400px\" \/><button\n\t\t\tclass=\"lightbox-trigger\"\n\t\t\ttype=\"button\"\n\t\t\taria-haspopup=\"dialog\"\n\t\t\taria-label=\"Agrandir\"\n\t\t\tdata-wp-init=\"callbacks.initTriggerButton\"\n\t\t\tdata-wp-on--click=\"actions.showLightbox\"\n\t\t\tdata-wp-style--right=\"state.imageButtonRight\"\n\t\t\tdata-wp-style--top=\"state.imageButtonTop\"\n\t\t>\n\t\t\t<svg xmlns=\"http:\/\/www.w3.org\/2000\/svg\" width=\"12\" height=\"12\" fill=\"none\" viewBox=\"0 0 12 12\">\n\t\t\t\t<path fill=\"#fff\" d=\"M2 0a2 2 0 0 0-2 2v2h1.5V2a.5.5 0 0 1 .5-.5h2V0H2Zm2 10.5H2a.5.5 0 0 1-.5-.5V8H0v2a2 2 0 0 0 2 2h2v-1.5ZM8 12v-1.5h2a.5.5 0 0 0 .5-.5V8H12v2a2 2 0 0 1-2 2H8Zm2-12a2 2 0 0 1 2 2v2h-1.5V2a.5.5 0 0 0-.5-.5H8V0h2Z\" \/>\n\t\t\t<\/svg>\n\t\t<\/button><\/figure>\n<\/figure>\n","protected":false},"excerpt":{"rendered":"<p>Le point d&rsquo;arr\u00eat de Verviers-Palais se trouve sur la ligne 37, reliant Li\u00e8ge-Guillemins \u00e0 Aachen Hbf (Aix-la-Chapelle). Ouvert le 5 f\u00e9vrier 1933, il est situ\u00e9 au Point Kilom\u00e9trique 25,352, entre Verviers-Central et Verviers-Est. Il a \u00e9t\u00e9 ferm\u00e9 pendant la seconde guerre mondiale le 4 mai 1942, avant d\u2019\u00eatre rouvert le 26 mai 1968. En provenance [&hellip;]<\/p>\n","protected":false},"author":5,"featured_media":5725,"comment_status":"closed","ping_status":"open","sticky":false,"template":"","format":"standard","meta":{"footnotes":""},"categories":[33,40],"tags":[],"class_list":["post-4812","post","type-post","status-publish","format-standard","has-post-thumbnail","hentry","category-accueil","category-ligne-037"],"_links":{"self":[{"href":"https:\/\/www.lasagadesgares.be\/wordpress\/wp-json\/wp\/v2\/posts\/4812","targetHints":{"allow":["GET"]}}],"collection":[{"href":"https:\/\/www.lasagadesgares.be\/wordpress\/wp-json\/wp\/v2\/posts"}],"about":[{"href":"https:\/\/www.lasagadesgares.be\/wordpress\/wp-json\/wp\/v2\/types\/post"}],"author":[{"embeddable":true,"href":"https:\/\/www.lasagadesgares.be\/wordpress\/wp-json\/wp\/v2\/users\/5"}],"replies":[{"embeddable":true,"href":"https:\/\/www.lasagadesgares.be\/wordpress\/wp-json\/wp\/v2\/comments?post=4812"}],"version-history":[{"count":4,"href":"https:\/\/www.lasagadesgares.be\/wordpress\/wp-json\/wp\/v2\/posts\/4812\/revisions"}],"predecessor-version":[{"id":5741,"href":"https:\/\/www.lasagadesgares.be\/wordpress\/wp-json\/wp\/v2\/posts\/4812\/revisions\/5741"}],"wp:featuredmedia":[{"embeddable":true,"href":"https:\/\/www.lasagadesgares.be\/wordpress\/wp-json\/wp\/v2\/media\/5725"}],"wp:attachment":[{"href":"https:\/\/www.lasagadesgares.be\/wordpress\/wp-json\/wp\/v2\/media?parent=4812"}],"wp:term":[{"taxonomy":"category","embeddable":true,"href":"https:\/\/www.lasagadesgares.be\/wordpress\/wp-json\/wp\/v2\/categories?post=4812"},{"taxonomy":"post_tag","embeddable":true,"href":"https:\/\/www.lasagadesgares.be\/wordpress\/wp-json\/wp\/v2\/tags?post=4812"}],"curies":[{"name":"wp","href":"https:\/\/api.w.org\/{rel}","templated":true}]}}