{"id":4391,"date":"2025-11-29T21:38:50","date_gmt":"2025-11-29T20:38:50","guid":{"rendered":"https:\/\/www.lasagadesgares.be\/wordpress\/?p=4391"},"modified":"2026-04-02T20:38:52","modified_gmt":"2026-04-02T18:38:52","slug":"les-epioux","status":"publish","type":"post","link":"https:\/\/www.lasagadesgares.be\/wordpress\/les-epioux\/","title":{"rendered":"Le point d&rsquo;arr\u00eat des Epioux"},"content":{"rendered":"\n<figure class=\"wp-block-table\"><table class=\"has-fixed-layout\"><tbody><tr><td class=\"has-text-align-center\" data-align=\"center\"><strong>Mise en service<\/strong><\/td><td class=\"has-text-align-center\" data-align=\"center\"><strong>Fin du service voyageurs<\/strong><\/td><td class=\"has-text-align-center\" data-align=\"center\"><strong>Fin du service marchandises<\/strong><\/td><\/tr><tr><td class=\"has-text-align-center\" data-align=\"center\">01.05.1912<\/td><td class=\"has-text-align-center\" data-align=\"center\">28.05.1979<sup data-fn=\"b529ca24-dd6a-4802-a198-7b87ddbcc48e\" class=\"fn\"><a href=\"#b529ca24-dd6a-4802-a198-7b87ddbcc48e\" id=\"b529ca24-dd6a-4802-a198-7b87ddbcc48e-link\">1<\/a><\/sup><\/td><td class=\"has-text-align-center\" data-align=\"center\"><\/td><\/tr><\/tbody><\/table><\/figure>\n\n\n\n<figure class=\"wp-block-table is-style-regular\"><table><tbody><tr><td><strong>Sites \u00e0 consulter<\/strong><\/td><td><a href=\"https:\/\/www.garesbelges.be\/les_epioux.htm\">Gares belges d&rsquo;autrefois<\/a><\/td><\/tr><tr><td><\/td><td><a href=\"https:\/\/nl.wikipedia.org\/w\/index.php?title=Station_Les_Epioux&amp;action=edit&amp;redlink=1\">Wikipedia NL<\/a><\/td><\/tr><tr><td><\/td><td><a href=\"https:\/\/spoorweggeschiedenis.quartam.on-rev.com\/sthpa.lc?type=dat&amp;id=1107\">Spoorweggeschidenis JP Schenkel<\/a><\/td><\/tr><\/tbody><\/table><\/figure>\n\n\n<ol class=\"wp-block-footnotes\"><li id=\"b529ca24-dd6a-4802-a198-7b87ddbcc48e\">Le point d&rsquo;arr\u00eat a \u00e9t\u00e9 ferm\u00e9 de 1921 au 03.10.1937 <a href=\"#b529ca24-dd6a-4802-a198-7b87ddbcc48e-link\" aria-label=\"Aller \u00e0 la note de bas de page 1\">\u21a9\ufe0e<\/a><\/li><\/ol>","protected":false},"excerpt":{"rendered":"<p>Mise en service Fin du service voyageurs Fin du service marchandises 01.05.1912 28.05.1979 Sites \u00e0 consulter Gares belges d&rsquo;autrefois Wikipedia NL Spoorweggeschidenis JP Schenkel<\/p>\n","protected":false},"author":5,"featured_media":8720,"comment_status":"closed","ping_status":"open","sticky":false,"template":"","format":"standard","meta":{"footnotes":"[{\"content\":\"Le point d'arr\u00eat a \u00e9t\u00e9 ferm\u00e9 de 1921 au 03.10.1937\",\"id\":\"b529ca24-dd6a-4802-a198-7b87ddbcc48e\"}]"},"categories":[124,51,121],"tags":[],"class_list":["post-4391","post","type-post","status-publish","format-standard","has-post-thumbnail","hentry","category-emplacement-a-verifier","category-en-construction","category-ligne-165"],"_links":{"self":[{"href":"https:\/\/www.lasagadesgares.be\/wordpress\/wp-json\/wp\/v2\/posts\/4391","targetHints":{"allow":["GET"]}}],"collection":[{"href":"https:\/\/www.lasagadesgares.be\/wordpress\/wp-json\/wp\/v2\/posts"}],"about":[{"href":"https:\/\/www.lasagadesgares.be\/wordpress\/wp-json\/wp\/v2\/types\/post"}],"author":[{"embeddable":true,"href":"https:\/\/www.lasagadesgares.be\/wordpress\/wp-json\/wp\/v2\/users\/5"}],"replies":[{"embeddable":true,"href":"https:\/\/www.lasagadesgares.be\/wordpress\/wp-json\/wp\/v2\/comments?post=4391"}],"version-history":[{"count":2,"href":"https:\/\/www.lasagadesgares.be\/wordpress\/wp-json\/wp\/v2\/posts\/4391\/revisions"}],"predecessor-version":[{"id":8532,"href":"https:\/\/www.lasagadesgares.be\/wordpress\/wp-json\/wp\/v2\/posts\/4391\/revisions\/8532"}],"wp:featuredmedia":[{"embeddable":true,"href":"https:\/\/www.lasagadesgares.be\/wordpress\/wp-json\/wp\/v2\/media\/8720"}],"wp:attachment":[{"href":"https:\/\/www.lasagadesgares.be\/wordpress\/wp-json\/wp\/v2\/media?parent=4391"}],"wp:term":[{"taxonomy":"category","embeddable":true,"href":"https:\/\/www.lasagadesgares.be\/wordpress\/wp-json\/wp\/v2\/categories?post=4391"},{"taxonomy":"post_tag","embeddable":true,"href":"https:\/\/www.lasagadesgares.be\/wordpress\/wp-json\/wp\/v2\/tags?post=4391"}],"curies":[{"name":"wp","href":"https:\/\/api.w.org\/{rel}","templated":true}]}}