{"id":4357,"date":"2025-11-29T20:05:57","date_gmt":"2025-11-29T19:05:57","guid":{"rendered":"https:\/\/www.lasagadesgares.be\/wordpress\/?p=4357"},"modified":"2026-03-24T09:22:37","modified_gmt":"2026-03-24T08:22:37","slug":"halanzy","status":"publish","type":"post","link":"https:\/\/www.lasagadesgares.be\/wordpress\/halanzy\/","title":{"rendered":"La gare d&rsquo;Halanzy"},"content":{"rendered":"\n<figure class=\"wp-block-table\"><table class=\"has-fixed-layout\"><tbody><tr><td class=\"has-text-align-center\" data-align=\"center\"><strong>Mise en service<\/strong><\/td><td class=\"has-text-align-center\" data-align=\"center\"><strong>Fin du service voyageurs<\/strong><\/td><td class=\"has-text-align-center\" data-align=\"center\"><strong>Fin du service marchandises<\/strong><\/td><\/tr><tr><td class=\"has-text-align-center\" data-align=\"center\">20.01.1877<\/td><td class=\"has-text-align-center\" data-align=\"center\"><sup data-fn=\"59c82bd4-2c00-4046-a8cf-ed609bdc6537\" class=\"fn\"><a href=\"#59c82bd4-2c00-4046-a8cf-ed609bdc6537\" id=\"59c82bd4-2c00-4046-a8cf-ed609bdc6537-link\">1<\/a><\/sup><\/td><td class=\"has-text-align-center\" data-align=\"center\">1978<\/td><\/tr><\/tbody><\/table><\/figure>\n\n\n\n<figure class=\"wp-block-table is-style-regular\"><table><tbody><tr><td><strong>Sites \u00e0 consulter<\/strong><\/td><td><a href=\"https:\/\/www.garesbelges.be\/halanzy.htm\">Gares belges d&rsquo;autrefois<\/a><\/td><\/tr><tr><td><\/td><td><a href=\"https:\/\/fr.wikipedia.org\/wiki\/Gare_d%27Halanzy\">Wikipedia FR<\/a><\/td><\/tr><tr><td><\/td><td><a href=\"https:\/\/nl.wikipedia.org\/wiki\/Station_Halanzy\">Wikipedia NL<\/a><\/td><\/tr><tr><td><\/td><td><a href=\"https:\/\/spoorweggeschiedenis.quartam.on-rev.com\/sthpa.lc?type=dat&amp;id=766\">Spoorweggeschidenis JP Schenkel<\/a><\/td><\/tr><\/tbody><\/table><\/figure>\n\n\n<ol class=\"wp-block-footnotes\"><li id=\"59c82bd4-2c00-4046-a8cf-ed609bdc6537\">Le service voyageurs \u00e0 \u00e9t\u00e9 interrompu du 03.06.1984 au 14.05.2007 <a href=\"#59c82bd4-2c00-4046-a8cf-ed609bdc6537-link\" aria-label=\"Aller \u00e0 la note de bas de page 1\">\u21a9\ufe0e<\/a><\/li><\/ol>","protected":false},"excerpt":{"rendered":"<p>Mise en service Fin du service voyageurs Fin du service marchandises 20.01.1877 1978 Sites \u00e0 consulter Gares belges d&rsquo;autrefois Wikipedia FR Wikipedia NL Spoorweggeschidenis JP Schenkel<\/p>\n","protected":false},"author":5,"featured_media":8439,"comment_status":"closed","ping_status":"open","sticky":false,"template":"","format":"standard","meta":{"footnotes":"[{\"content\":\"Le service voyageurs \u00e0 \u00e9t\u00e9 interrompu du 03.06.1984 au 14.05.2007\",\"id\":\"59c82bd4-2c00-4046-a8cf-ed609bdc6537\"}]"},"categories":[51,121],"tags":[],"class_list":["post-4357","post","type-post","status-publish","format-standard","has-post-thumbnail","hentry","category-en-construction","category-ligne-165"],"_links":{"self":[{"href":"https:\/\/www.lasagadesgares.be\/wordpress\/wp-json\/wp\/v2\/posts\/4357","targetHints":{"allow":["GET"]}}],"collection":[{"href":"https:\/\/www.lasagadesgares.be\/wordpress\/wp-json\/wp\/v2\/posts"}],"about":[{"href":"https:\/\/www.lasagadesgares.be\/wordpress\/wp-json\/wp\/v2\/types\/post"}],"author":[{"embeddable":true,"href":"https:\/\/www.lasagadesgares.be\/wordpress\/wp-json\/wp\/v2\/users\/5"}],"replies":[{"embeddable":true,"href":"https:\/\/www.lasagadesgares.be\/wordpress\/wp-json\/wp\/v2\/comments?post=4357"}],"version-history":[{"count":5,"href":"https:\/\/www.lasagadesgares.be\/wordpress\/wp-json\/wp\/v2\/posts\/4357\/revisions"}],"predecessor-version":[{"id":8496,"href":"https:\/\/www.lasagadesgares.be\/wordpress\/wp-json\/wp\/v2\/posts\/4357\/revisions\/8496"}],"wp:featuredmedia":[{"embeddable":true,"href":"https:\/\/www.lasagadesgares.be\/wordpress\/wp-json\/wp\/v2\/media\/8439"}],"wp:attachment":[{"href":"https:\/\/www.lasagadesgares.be\/wordpress\/wp-json\/wp\/v2\/media?parent=4357"}],"wp:term":[{"taxonomy":"category","embeddable":true,"href":"https:\/\/www.lasagadesgares.be\/wordpress\/wp-json\/wp\/v2\/categories?post=4357"},{"taxonomy":"post_tag","embeddable":true,"href":"https:\/\/www.lasagadesgares.be\/wordpress\/wp-json\/wp\/v2\/tags?post=4357"}],"curies":[{"name":"wp","href":"https:\/\/api.w.org\/{rel}","templated":true}]}}