{"id":416,"date":"2025-05-02T15:25:55","date_gmt":"2025-05-02T13:25:55","guid":{"rendered":"https:\/\/www.lasagadesgares.be\/wordpress\/?p=416"},"modified":"2025-11-18T10:39:47","modified_gmt":"2025-11-18T09:39:47","slug":"boussu-haine","status":"publish","type":"post","link":"https:\/\/www.lasagadesgares.be\/wordpress\/boussu-haine\/","title":{"rendered":"Boussu-Haine: du Borinage vers le Tournaisis"},"content":{"rendered":"\n<p><strong>Nous sommes sur la ligne 78, entre Saint-Ghislain et Tournai. C\u2019est ici, qu\u2019en 1861, la Compagnie priv\u00e9e Hainaut-Flandre a lanc\u00e9 ses premiers rails, du Borinage vers le Hainaut occidental. Objectifs: faire circuler le charbon borain et amener les ouvriers-mineurs de Flandre. Premier arr\u00eat \u00e0 Boussu-Haine.<\/strong><\/p>\n\n\n\n<p>La halte de \u00ab Boussu-Haine \u00bb, qui fait r\u00e9f\u00e9rence \u00e0 l\u2019affluent de l\u2019Escaut qui la croise, est ouverte le 15 mai 1861. Il a fallu du temps pour concr\u00e9tiser. Le \u00ab Hainaut-Flandre \u00bb avait obtenu, en 1857, la concession des lignes au d\u00e9part de Saint-Ghislain vers la Flandre. Un premier axe \u00e0 voie unique est d\u2019abord install\u00e9. Reprise par bail en 1847 par la \u00ab Soci\u00e9t\u00e9 g\u00e9n\u00e9rale d\u2019Exploitation des Chemins de Fer \u00bb, la ligne passe progressivement dans les mains de l\u2019Etat d\u00e8s 1871. La ligne, longue de 40 kilom\u00e8tres, est install\u00e9e entre 1861 et 1870. Premier mouvement: Saint-Ghislain vers Bas\u00e8cles-Carri\u00e8res (1861), prolongation en 1867 vers P\u00e9ruwelz et aboutissement \u00e0 Tournai en 1870.<\/p>\n\n\n\n<ul class=\"wp-block-list\">\n<li>On pr\u00e9cisera que la premi\u00e8re section de la ligne 78, de Mons \u00e0 Saint-Ghislain, avait \u00e9t\u00e9 mise en service le 7 ao\u00fbt 1842 par les Chemins de fer de l&rsquo;\u00c9tat belge. Cette section allait ensuite \u00eatre retir\u00e9e de la ligne 78 pour s\u2019int\u00e9grer dans la ligne 97 de Mons \u00e0 Valenciennes, la \u00ab Ligne du Midi \u00bb.<\/li>\n<\/ul>\n\n\n\n<p>L\u2019infrastructure \u00e0 Boussu-Haine, mise en service le 15 f\u00e9vrier 1861, \u00e9tait assez sommaire: elle pr\u00e9sentait un b\u00e2timent des recettes sans \u00e9tage \u00e9rig\u00e9 le long de l\u2019axe \u00e0 double voie, pr\u00e8s d\u2019une des sept vannes de la Haine \u00e0 Boussu. Le b\u00e2timent comprenait la salle d\u2019attente ainsi que le poste de signalisation du block 30 assurant, l\u2019espacement des trains ainsi que la man\u0153uvre du passage \u00e0 niveau o\u00f9 le Chemin des Herbi\u00e8res et la ligne vicinale 422A \u00ab de Boussu \u00e0 la Fronti\u00e8re \u00bb non-\u00e9lectrifi\u00e9e croisait la ligne 78. Si, au d\u00e9but de l\u2019exploitation, un personnel des recettes \u00e9tait affect\u00e9 \u00e0 Boussu-Haine, la vente des titres de transport fut ensuite assur\u00e9e par le signaleur. La halte comprenait, par ailleurs, un local des latrines, une cave \u00e0 p\u00e9trole, une petite cour, une place de stationnement, deux jardins le long des quais de part et d\u2019autre des voies. La ligne vicinale allait \u00eatre supprim\u00e9e en 1956, alors que les charbonnages fermaient. Les mineurs flamands avaient \u00e9t\u00e9 nombreux \u00e0 descendre du train \u00e0 Boussu-Haine o\u00f9 ils empruntaient le tram qui conduisait les travailleurs vers les charbonnages de Boussu et du Borinage.<\/p>\n\n\n\n<h4 class=\"wp-block-heading\">Suppression<\/h4>\n\n\n\n<p>Le block 30 a \u00e9t\u00e9 supprim\u00e9 en 1971, la halte de Boussu-Haine a ferm\u00e9 ses portes aux voyageurs le 26 mai 1979, \u00e0 l\u2019aube de l\u2019\u00e9lectrification de la ligne. Cette halte a \u00e9t\u00e9 une des premi\u00e8res des 26 gares et points d\u2019arr\u00eat \u00e0 \u00eatre supprim\u00e9s en 1979 et 1983 dans le cadre du plan IC\/IR de 1984. Aujourd\u2019hui, Boussu-Haine, d\u00e9pourvue des infrastructures de jadis, regarde passer les trains\u2026 Un panneau indicateur \u00ab Rue du Chemin de Fer de Hainaut-Flandre \u00bb situ\u00e9 \u00e0 proximit\u00e9 du lieu rappelle ses origines ferroviaires.<\/p>\n\n\n\n<h4 class=\"wp-block-heading\">Accident<\/h4>\n\n\n\n<p>Boussu-Haine a \u00e9t\u00e9 le triste th\u00e9\u00e2tre d\u2019un grave accident au passage \u00e0 niveau au d\u00e9but ao\u00fbt 1992. Une voiture, au passage \u00e0 niveau n\u00b0 2 (priv\u00e9), a \u00e9t\u00e9 percut\u00e9e par un train venant de Saint-Ghislain. A la suite de l&rsquo;accident, des pi\u00e8ces de l&rsquo;automobile accident\u00e9e, une Mercedes, ont \u00e9t\u00e9 projet\u00e9es sur la voie \u00e0 hauteur du passage \u00e0 niveau suivant, n\u00b03, ce qui a provoqu\u00e9 le d\u00e9raillement du train qui roulait \u00e0 grande vitesse. L&rsquo;automotrice a d\u00e9raill\u00e9 emmenant avec elle la deuxi\u00e8me voiture qui s&rsquo;est couch\u00e9e sur la \u00ab\u00a0Rue de Chemin de Fer Hainaut-Flandre\u00a0\u00bb, qui longeait la voie, \u00e9crasant une automobile qui roulait sur cette route. La jeune conductrice est d\u00e9c\u00e9d\u00e9e sur le coup. Cet accident a fait quinze bless\u00e9s.<\/p>\n\n\n\n<figure class=\"wp-block-gallery has-nested-images columns-default is-cropped wp-block-gallery-1 is-layout-flex wp-block-gallery-is-layout-flex\">\n<figure class=\"wp-block-image size-large\"><a href=\"https:\/\/www.lasagadesgares.be\/wordpress\/wp-content\/uploads\/2025\/05\/IMG_6848.jpg\"><img fetchpriority=\"high\" decoding=\"async\" width=\"400\" height=\"300\" data-id=\"423\" src=\"https:\/\/www.lasagadesgares.be\/wordpress\/wp-content\/uploads\/2025\/05\/IMG_6848.jpg\" alt=\"\" class=\"wp-image-423\" srcset=\"https:\/\/www.lasagadesgares.be\/wordpress\/wp-content\/uploads\/2025\/05\/IMG_6848.jpg 400w, https:\/\/www.lasagadesgares.be\/wordpress\/wp-content\/uploads\/2025\/05\/IMG_6848-300x225.jpg 300w, https:\/\/www.lasagadesgares.be\/wordpress\/wp-content\/uploads\/2025\/05\/IMG_6848-1x1.jpg 1w\" sizes=\"(max-width: 400px) 100vw, 400px\" \/><\/a><\/figure>\n\n\n\n<figure class=\"wp-block-image size-large\"><a href=\"https:\/\/www.lasagadesgares.be\/wordpress\/wp-content\/uploads\/2025\/05\/IMG_6847.jpg\"><img decoding=\"async\" width=\"400\" height=\"300\" data-id=\"422\" src=\"https:\/\/www.lasagadesgares.be\/wordpress\/wp-content\/uploads\/2025\/05\/IMG_6847.jpg\" alt=\"\" class=\"wp-image-422\" srcset=\"https:\/\/www.lasagadesgares.be\/wordpress\/wp-content\/uploads\/2025\/05\/IMG_6847.jpg 400w, https:\/\/www.lasagadesgares.be\/wordpress\/wp-content\/uploads\/2025\/05\/IMG_6847-300x225.jpg 300w, https:\/\/www.lasagadesgares.be\/wordpress\/wp-content\/uploads\/2025\/05\/IMG_6847-1x1.jpg 1w\" sizes=\"(max-width: 400px) 100vw, 400px\" \/><\/a><\/figure>\n\n\n\n<figure class=\"wp-block-image size-large\"><a href=\"https:\/\/www.lasagadesgares.be\/wordpress\/wp-content\/uploads\/2025\/05\/IMG_6846.jpg\"><img decoding=\"async\" width=\"400\" height=\"300\" data-id=\"421\" src=\"https:\/\/www.lasagadesgares.be\/wordpress\/wp-content\/uploads\/2025\/05\/IMG_6846.jpg\" alt=\"\" class=\"wp-image-421\" srcset=\"https:\/\/www.lasagadesgares.be\/wordpress\/wp-content\/uploads\/2025\/05\/IMG_6846.jpg 400w, https:\/\/www.lasagadesgares.be\/wordpress\/wp-content\/uploads\/2025\/05\/IMG_6846-300x225.jpg 300w, https:\/\/www.lasagadesgares.be\/wordpress\/wp-content\/uploads\/2025\/05\/IMG_6846-1x1.jpg 1w\" sizes=\"(max-width: 400px) 100vw, 400px\" \/><\/a><\/figure>\n\n\n\n<figure class=\"wp-block-image size-large\"><a href=\"https:\/\/www.lasagadesgares.be\/wordpress\/wp-content\/uploads\/2025\/05\/IMG_6842.jpg\"><img loading=\"lazy\" decoding=\"async\" width=\"400\" height=\"300\" data-id=\"420\" src=\"https:\/\/www.lasagadesgares.be\/wordpress\/wp-content\/uploads\/2025\/05\/IMG_6842.jpg\" alt=\"\" class=\"wp-image-420\" srcset=\"https:\/\/www.lasagadesgares.be\/wordpress\/wp-content\/uploads\/2025\/05\/IMG_6842.jpg 400w, https:\/\/www.lasagadesgares.be\/wordpress\/wp-content\/uploads\/2025\/05\/IMG_6842-300x225.jpg 300w, https:\/\/www.lasagadesgares.be\/wordpress\/wp-content\/uploads\/2025\/05\/IMG_6842-1x1.jpg 1w\" sizes=\"(max-width: 400px) 100vw, 400px\" \/><\/a><\/figure>\n\n\n\n<figure class=\"wp-block-image size-large\"><a href=\"https:\/\/www.lasagadesgares.be\/wordpress\/wp-content\/uploads\/2025\/05\/BH-04.jpg\"><img loading=\"lazy\" decoding=\"async\" width=\"400\" height=\"261\" data-id=\"419\" src=\"https:\/\/www.lasagadesgares.be\/wordpress\/wp-content\/uploads\/2025\/05\/BH-04.jpg\" alt=\"\" class=\"wp-image-419\" srcset=\"https:\/\/www.lasagadesgares.be\/wordpress\/wp-content\/uploads\/2025\/05\/BH-04.jpg 400w, https:\/\/www.lasagadesgares.be\/wordpress\/wp-content\/uploads\/2025\/05\/BH-04-300x196.jpg 300w, https:\/\/www.lasagadesgares.be\/wordpress\/wp-content\/uploads\/2025\/05\/BH-04-1x1.jpg 1w\" sizes=\"(max-width: 400px) 100vw, 400px\" \/><\/a><figcaption class=\"wp-element-caption\">L\u2019auvent prot\u00e8ge le guichet am\u00e9nag\u00e9 dans la porte d&rsquo;entr\u00e9e du poste de signalisation. (Photo. E Noulet)<\/figcaption><\/figure>\n\n\n\n<figure class=\"wp-block-image size-large\"><a href=\"https:\/\/www.lasagadesgares.be\/wordpress\/wp-content\/uploads\/2025\/05\/BH-03.jpg\"><img loading=\"lazy\" decoding=\"async\" width=\"400\" height=\"265\" data-id=\"418\" src=\"https:\/\/www.lasagadesgares.be\/wordpress\/wp-content\/uploads\/2025\/05\/BH-03.jpg\" alt=\"\" class=\"wp-image-418\" srcset=\"https:\/\/www.lasagadesgares.be\/wordpress\/wp-content\/uploads\/2025\/05\/BH-03.jpg 400w, https:\/\/www.lasagadesgares.be\/wordpress\/wp-content\/uploads\/2025\/05\/BH-03-300x199.jpg 300w, https:\/\/www.lasagadesgares.be\/wordpress\/wp-content\/uploads\/2025\/05\/BH-03-1x1.jpg 1w\" sizes=\"(max-width: 400px) 100vw, 400px\" \/><\/a><\/figure>\n\n\n\n<figure class=\"wp-block-image size-large\"><img loading=\"lazy\" decoding=\"async\" width=\"400\" height=\"241\" data-id=\"417\" src=\"https:\/\/www.lasagadesgares.be\/wordpress\/wp-content\/uploads\/2025\/05\/BH-01.jpg\" alt=\"\" class=\"wp-image-417\" srcset=\"https:\/\/www.lasagadesgares.be\/wordpress\/wp-content\/uploads\/2025\/05\/BH-01.jpg 400w, https:\/\/www.lasagadesgares.be\/wordpress\/wp-content\/uploads\/2025\/05\/BH-01-300x181.jpg 300w, https:\/\/www.lasagadesgares.be\/wordpress\/wp-content\/uploads\/2025\/05\/BH-01-1x1.jpg 1w\" sizes=\"(max-width: 400px) 100vw, 400px\" \/><\/figure>\n\n\n\n<figure class=\"wp-block-image size-large\"><a href=\"https:\/\/www.lasagadesgares.be\/wordpress\/wp-content\/uploads\/2025\/05\/103371526_10220878884834543_4991501847185668598_n.jpg\"><img loading=\"lazy\" decoding=\"async\" width=\"400\" height=\"252\" data-id=\"816\" src=\"https:\/\/www.lasagadesgares.be\/wordpress\/wp-content\/uploads\/2025\/05\/103371526_10220878884834543_4991501847185668598_n.jpg\" alt=\"\" class=\"wp-image-816\" srcset=\"https:\/\/www.lasagadesgares.be\/wordpress\/wp-content\/uploads\/2025\/05\/103371526_10220878884834543_4991501847185668598_n.jpg 400w, https:\/\/www.lasagadesgares.be\/wordpress\/wp-content\/uploads\/2025\/05\/103371526_10220878884834543_4991501847185668598_n-300x189.jpg 300w, https:\/\/www.lasagadesgares.be\/wordpress\/wp-content\/uploads\/2025\/05\/103371526_10220878884834543_4991501847185668598_n-1x1.jpg 1w\" sizes=\"(max-width: 400px) 100vw, 400px\" \/><\/a><figcaption class=\"wp-element-caption\">Photo B. Dieu<\/figcaption><\/figure>\n\n\n\n<figure class=\"wp-block-image size-large\"><img loading=\"lazy\" decoding=\"async\" width=\"400\" height=\"211\" data-id=\"815\" src=\"https:\/\/www.lasagadesgares.be\/wordpress\/wp-content\/uploads\/2025\/05\/103445718_10220878875154301_3570849934691830640_n.jpg\" alt=\"\" class=\"wp-image-815\" srcset=\"https:\/\/www.lasagadesgares.be\/wordpress\/wp-content\/uploads\/2025\/05\/103445718_10220878875154301_3570849934691830640_n.jpg 400w, https:\/\/www.lasagadesgares.be\/wordpress\/wp-content\/uploads\/2025\/05\/103445718_10220878875154301_3570849934691830640_n-300x158.jpg 300w, https:\/\/www.lasagadesgares.be\/wordpress\/wp-content\/uploads\/2025\/05\/103445718_10220878875154301_3570849934691830640_n-1x1.jpg 1w\" sizes=\"(max-width: 400px) 100vw, 400px\" \/><\/figure>\n\n\n\n<figure class=\"wp-block-image size-large\"><img loading=\"lazy\" decoding=\"async\" width=\"400\" height=\"277\" data-id=\"813\" src=\"https:\/\/www.lasagadesgares.be\/wordpress\/wp-content\/uploads\/2025\/05\/467744858_10231803168294802_7174858775153443800_n.jpg\" alt=\"\" class=\"wp-image-813\" srcset=\"https:\/\/www.lasagadesgares.be\/wordpress\/wp-content\/uploads\/2025\/05\/467744858_10231803168294802_7174858775153443800_n.jpg 400w, https:\/\/www.lasagadesgares.be\/wordpress\/wp-content\/uploads\/2025\/05\/467744858_10231803168294802_7174858775153443800_n-300x208.jpg 300w, https:\/\/www.lasagadesgares.be\/wordpress\/wp-content\/uploads\/2025\/05\/467744858_10231803168294802_7174858775153443800_n-1x1.jpg 1w\" sizes=\"(max-width: 400px) 100vw, 400px\" \/><\/figure>\n\n\n\n<figure class=\"wp-block-image size-large\"><img loading=\"lazy\" decoding=\"async\" width=\"400\" height=\"300\" data-id=\"814\" src=\"https:\/\/www.lasagadesgares.be\/wordpress\/wp-content\/uploads\/2025\/05\/467814785_10231803168254801_303956848591533779_n.jpg\" alt=\"\" class=\"wp-image-814\" srcset=\"https:\/\/www.lasagadesgares.be\/wordpress\/wp-content\/uploads\/2025\/05\/467814785_10231803168254801_303956848591533779_n.jpg 400w, https:\/\/www.lasagadesgares.be\/wordpress\/wp-content\/uploads\/2025\/05\/467814785_10231803168254801_303956848591533779_n-300x225.jpg 300w, https:\/\/www.lasagadesgares.be\/wordpress\/wp-content\/uploads\/2025\/05\/467814785_10231803168254801_303956848591533779_n-1x1.jpg 1w\" sizes=\"(max-width: 400px) 100vw, 400px\" \/><\/figure>\n<\/figure>\n","protected":false},"excerpt":{"rendered":"<p>Nous sommes sur la ligne 78, entre Saint-Ghislain et Tournai. C\u2019est ici, qu\u2019en 1861, la Compagnie priv\u00e9e Hainaut-Flandre a lanc\u00e9 ses premiers rails, du Borinage vers le Hainaut occidental. Objectifs: faire circuler le charbon borain et amener les ouvriers-mineurs de Flandre. Premier arr\u00eat \u00e0 Boussu-Haine. La halte de \u00ab Boussu-Haine \u00bb, qui fait r\u00e9f\u00e9rence \u00e0 [&hellip;]<\/p>\n","protected":false},"author":1,"featured_media":417,"comment_status":"closed","ping_status":"open","sticky":false,"template":"","format":"standard","meta":{"footnotes":""},"categories":[10],"tags":[],"class_list":["post-416","post","type-post","status-publish","format-standard","has-post-thumbnail","hentry","category-ligne-078"],"_links":{"self":[{"href":"https:\/\/www.lasagadesgares.be\/wordpress\/wp-json\/wp\/v2\/posts\/416","targetHints":{"allow":["GET"]}}],"collection":[{"href":"https:\/\/www.lasagadesgares.be\/wordpress\/wp-json\/wp\/v2\/posts"}],"about":[{"href":"https:\/\/www.lasagadesgares.be\/wordpress\/wp-json\/wp\/v2\/types\/post"}],"author":[{"embeddable":true,"href":"https:\/\/www.lasagadesgares.be\/wordpress\/wp-json\/wp\/v2\/users\/1"}],"replies":[{"embeddable":true,"href":"https:\/\/www.lasagadesgares.be\/wordpress\/wp-json\/wp\/v2\/comments?post=416"}],"version-history":[{"count":5,"href":"https:\/\/www.lasagadesgares.be\/wordpress\/wp-json\/wp\/v2\/posts\/416\/revisions"}],"predecessor-version":[{"id":3337,"href":"https:\/\/www.lasagadesgares.be\/wordpress\/wp-json\/wp\/v2\/posts\/416\/revisions\/3337"}],"wp:featuredmedia":[{"embeddable":true,"href":"https:\/\/www.lasagadesgares.be\/wordpress\/wp-json\/wp\/v2\/media\/417"}],"wp:attachment":[{"href":"https:\/\/www.lasagadesgares.be\/wordpress\/wp-json\/wp\/v2\/media?parent=416"}],"wp:term":[{"taxonomy":"category","embeddable":true,"href":"https:\/\/www.lasagadesgares.be\/wordpress\/wp-json\/wp\/v2\/categories?post=416"},{"taxonomy":"post_tag","embeddable":true,"href":"https:\/\/www.lasagadesgares.be\/wordpress\/wp-json\/wp\/v2\/tags?post=416"}],"curies":[{"name":"wp","href":"https:\/\/api.w.org\/{rel}","templated":true}]}}