{"id":4132,"date":"2025-11-27T11:36:57","date_gmt":"2025-11-27T10:36:57","guid":{"rendered":"https:\/\/www.lasagadesgares.be\/wordpress\/?p=4132"},"modified":"2026-04-15T23:32:23","modified_gmt":"2026-04-15T21:32:23","slug":"hour-havenne","status":"publish","type":"post","link":"https:\/\/www.lasagadesgares.be\/wordpress\/hour-havenne\/","title":{"rendered":"La gare de Hour-Havenne"},"content":{"rendered":"\n<figure class=\"wp-block-table\"><table class=\"has-fixed-layout\"><tbody><tr><td class=\"has-text-align-center\" data-align=\"center\"><strong>Mise en service<\/strong><\/td><td class=\"has-text-align-center\" data-align=\"center\"><strong>Fin du service voyageurs<\/strong><\/td><td class=\"has-text-align-center\" data-align=\"center\"><strong>Fin du service marchandises<\/strong><\/td><\/tr><tr><td class=\"has-text-align-center\" data-align=\"center\">04.01.1894<\/td><td class=\"has-text-align-center\" data-align=\"center\">13.04.1959<\/td><td class=\"has-text-align-center\" data-align=\"center\">23.11.1978<\/td><\/tr><\/tbody><\/table><\/figure>\n\n\n\n<p>La gare d\u2019Hour-Havenne, a \u00e9t\u00e9 ouverte par le chemin de fer de l\u2019Etat le 4 janvier 1894 et ferm\u00e9e le 13 avril 1959 suite \u00e0 la suppression du trafic voyageur entre Houyet et Jemelle.<\/p>\n\n\n\n<p>Le b\u00e2timent en pierre, avec des ornements de fa\u00e7ade, est compos\u00e9 d\u2019une partie centrale \u00e0 4 trav\u00e9es avec \u00e9tage entour\u00e9e d\u2019une aile basse \u00e0 4 trav\u00e9es pour la salle d\u2019attente et le local marchandise. Du c\u00f4t\u00e9 oppos\u00e9, une petite aile basse \u00e0 l\u2019usage du chef de gare jouxtait les toilettes. Il a \u00e9t\u00e9 restaur\u00e9 en 2010 et transform\u00e9 en g\u00eete.<\/p>\n\n\n\n<p>Les installations comprenaient&nbsp;: un quai le long de la voie principale, une voie \u00e0 double issue avec un cul de sac pour les man\u0153uvres le long de la cour aux marchandises. C\u00f4t\u00e9 Jemelle un raccordement avec un cul de sac pour les man\u0153uvres desservait une entreprise locale.<\/p>\n\n\n\n<p><a><\/a> Pr\u00e9sentement, l\u2019assiette de la ligne a \u00e9t\u00e9 am\u00e9nag\u00e9e en RAVeL.<\/p>\n\n\n\n<figure class=\"wp-block-gallery has-nested-images columns-default is-cropped wp-block-gallery-1 is-layout-flex wp-block-gallery-is-layout-flex\">\n<figure class=\"wp-block-image size-large\"><img fetchpriority=\"high\" decoding=\"async\" width=\"400\" height=\"254\" data-id=\"9251\" src=\"https:\/\/www.lasagadesgares.be\/wordpress\/wp-content\/uploads\/2025\/11\/Hour-Havennes-01-gares-belges.jpg\" alt=\"\" class=\"wp-image-9251\" srcset=\"https:\/\/www.lasagadesgares.be\/wordpress\/wp-content\/uploads\/2025\/11\/Hour-Havennes-01-gares-belges.jpg 400w, https:\/\/www.lasagadesgares.be\/wordpress\/wp-content\/uploads\/2025\/11\/Hour-Havennes-01-gares-belges-300x191.jpg 300w, https:\/\/www.lasagadesgares.be\/wordpress\/wp-content\/uploads\/2025\/11\/Hour-Havennes-01-gares-belges-1x1.jpg 1w\" sizes=\"(max-width: 400px) 100vw, 400px\" \/><\/figure>\n\n\n\n<figure class=\"wp-block-image size-large\"><img decoding=\"async\" width=\"400\" height=\"300\" data-id=\"9247\" src=\"https:\/\/www.lasagadesgares.be\/wordpress\/wp-content\/uploads\/2025\/11\/Hour-Havennes-02-G-Lejeune.jpg\" alt=\"\" class=\"wp-image-9247\" srcset=\"https:\/\/www.lasagadesgares.be\/wordpress\/wp-content\/uploads\/2025\/11\/Hour-Havennes-02-G-Lejeune.jpg 400w, https:\/\/www.lasagadesgares.be\/wordpress\/wp-content\/uploads\/2025\/11\/Hour-Havennes-02-G-Lejeune-300x225.jpg 300w, https:\/\/www.lasagadesgares.be\/wordpress\/wp-content\/uploads\/2025\/11\/Hour-Havennes-02-G-Lejeune-1x1.jpg 1w\" sizes=\"(max-width: 400px) 100vw, 400px\" \/><\/figure>\n\n\n\n<figure class=\"wp-block-image size-large\"><img decoding=\"async\" width=\"400\" height=\"300\" data-id=\"9248\" src=\"https:\/\/www.lasagadesgares.be\/wordpress\/wp-content\/uploads\/2025\/11\/Hour-Havennes-03-G-Lejeune.jpg\" alt=\"\" class=\"wp-image-9248\" srcset=\"https:\/\/www.lasagadesgares.be\/wordpress\/wp-content\/uploads\/2025\/11\/Hour-Havennes-03-G-Lejeune.jpg 400w, https:\/\/www.lasagadesgares.be\/wordpress\/wp-content\/uploads\/2025\/11\/Hour-Havennes-03-G-Lejeune-300x225.jpg 300w, https:\/\/www.lasagadesgares.be\/wordpress\/wp-content\/uploads\/2025\/11\/Hour-Havennes-03-G-Lejeune-1x1.jpg 1w\" sizes=\"(max-width: 400px) 100vw, 400px\" \/><\/figure>\n\n\n\n<figure class=\"wp-block-image size-large\"><img loading=\"lazy\" decoding=\"async\" width=\"400\" height=\"257\" data-id=\"9249\" src=\"https:\/\/www.lasagadesgares.be\/wordpress\/wp-content\/uploads\/2025\/11\/Hour-Havennes-04-gares-belges.jpg\" alt=\"\" class=\"wp-image-9249\" srcset=\"https:\/\/www.lasagadesgares.be\/wordpress\/wp-content\/uploads\/2025\/11\/Hour-Havennes-04-gares-belges.jpg 400w, https:\/\/www.lasagadesgares.be\/wordpress\/wp-content\/uploads\/2025\/11\/Hour-Havennes-04-gares-belges-300x193.jpg 300w, https:\/\/www.lasagadesgares.be\/wordpress\/wp-content\/uploads\/2025\/11\/Hour-Havennes-04-gares-belges-1x1.jpg 1w\" sizes=\"(max-width: 400px) 100vw, 400px\" \/><\/figure>\n\n\n\n<figure class=\"wp-block-image size-large\"><img loading=\"lazy\" decoding=\"async\" width=\"400\" height=\"258\" data-id=\"9250\" src=\"https:\/\/www.lasagadesgares.be\/wordpress\/wp-content\/uploads\/2025\/11\/Hour-Havennes-05-gares-belges.jpg\" alt=\"\" class=\"wp-image-9250\" srcset=\"https:\/\/www.lasagadesgares.be\/wordpress\/wp-content\/uploads\/2025\/11\/Hour-Havennes-05-gares-belges.jpg 400w, https:\/\/www.lasagadesgares.be\/wordpress\/wp-content\/uploads\/2025\/11\/Hour-Havennes-05-gares-belges-300x194.jpg 300w, https:\/\/www.lasagadesgares.be\/wordpress\/wp-content\/uploads\/2025\/11\/Hour-Havennes-05-gares-belges-1x1.jpg 1w\" sizes=\"(max-width: 400px) 100vw, 400px\" \/><\/figure>\n<\/figure>\n\n\n\n<figure class=\"wp-block-table is-style-regular\"><table><tbody><tr><td><strong>Sites \u00e0 consulter<\/strong><\/td><td><a href=\"https:\/\/www.garesbelges.be\/hour_havenne.htm\">Gares belges d&rsquo;autrefois<\/a><\/td><\/tr><tr><td><\/td><td><a href=\"https:\/\/www.railstation.be\/halte-de-hour-havenne\/\">RailStation<\/a><\/td><\/tr><tr><td><\/td><td><a href=\"https:\/\/fr.wikipedia.org\/wiki\/Gare_de_Hour-Havenne\">Wikipedia FR<\/a><\/td><\/tr><tr><td><\/td><td><a href=\"https:\/\/spoorweggeschiedenis.quartam.on-rev.com\/sthpa.lc?type=dat&amp;id=883\">Spoorweggeschidenis JP Schenkel<\/a><\/td><\/tr><\/tbody><\/table><\/figure>\n\n\n\n<p><\/p>\n","protected":false},"excerpt":{"rendered":"<p>Mise en service Fin du service voyageurs Fin du service marchandises 04.01.1894 13.04.1959 23.11.1978 La gare d\u2019Hour-Havenne, a \u00e9t\u00e9 ouverte par le chemin de fer de l\u2019Etat le 4 janvier 1894 et ferm\u00e9e le 13 avril 1959 suite \u00e0 la suppression du trafic voyageur entre Houyet et Jemelle. Le b\u00e2timent en pierre, avec des ornements [&hellip;]<\/p>\n","protected":false},"author":5,"featured_media":8977,"comment_status":"closed","ping_status":"open","sticky":false,"template":"","format":"standard","meta":{"footnotes":""},"categories":[51,113],"tags":[],"class_list":["post-4132","post","type-post","status-publish","format-standard","has-post-thumbnail","hentry","category-en-construction","category-ligne-150"],"_links":{"self":[{"href":"https:\/\/www.lasagadesgares.be\/wordpress\/wp-json\/wp\/v2\/posts\/4132","targetHints":{"allow":["GET"]}}],"collection":[{"href":"https:\/\/www.lasagadesgares.be\/wordpress\/wp-json\/wp\/v2\/posts"}],"about":[{"href":"https:\/\/www.lasagadesgares.be\/wordpress\/wp-json\/wp\/v2\/types\/post"}],"author":[{"embeddable":true,"href":"https:\/\/www.lasagadesgares.be\/wordpress\/wp-json\/wp\/v2\/users\/5"}],"replies":[{"embeddable":true,"href":"https:\/\/www.lasagadesgares.be\/wordpress\/wp-json\/wp\/v2\/comments?post=4132"}],"version-history":[{"count":4,"href":"https:\/\/www.lasagadesgares.be\/wordpress\/wp-json\/wp\/v2\/posts\/4132\/revisions"}],"predecessor-version":[{"id":9252,"href":"https:\/\/www.lasagadesgares.be\/wordpress\/wp-json\/wp\/v2\/posts\/4132\/revisions\/9252"}],"wp:featuredmedia":[{"embeddable":true,"href":"https:\/\/www.lasagadesgares.be\/wordpress\/wp-json\/wp\/v2\/media\/8977"}],"wp:attachment":[{"href":"https:\/\/www.lasagadesgares.be\/wordpress\/wp-json\/wp\/v2\/media?parent=4132"}],"wp:term":[{"taxonomy":"category","embeddable":true,"href":"https:\/\/www.lasagadesgares.be\/wordpress\/wp-json\/wp\/v2\/categories?post=4132"},{"taxonomy":"post_tag","embeddable":true,"href":"https:\/\/www.lasagadesgares.be\/wordpress\/wp-json\/wp\/v2\/tags?post=4132"}],"curies":[{"name":"wp","href":"https:\/\/api.w.org\/{rel}","templated":true}]}}