{"id":4117,"date":"2025-11-27T11:06:34","date_gmt":"2025-11-27T10:06:34","guid":{"rendered":"https:\/\/www.lasagadesgares.be\/wordpress\/?p=4117"},"modified":"2026-03-24T13:29:23","modified_gmt":"2026-03-24T12:29:23","slug":"yvoir-carrieres","status":"publish","type":"post","link":"https:\/\/www.lasagadesgares.be\/wordpress\/yvoir-carrieres\/","title":{"rendered":"Le point d&rsquo;arr\u00eat de Yvoir-Carri\u00e8res"},"content":{"rendered":"\n<p>Le point d&rsquo;arr\u00eat d\u2019Yvoir-Carri\u00e8res a \u00e9t\u00e9 mis en service sur la ligne 128 le 1<sup>er<\/sup> juin 1907. Il fut ferm\u00e9 le 1<sup>er<\/sup> juin 1923 puis rouvert le 15 mai 1930 jusque la fermeture de la ligne, le 31 juillet 1960. Le b\u00e2timent de ce point d&rsquo;arr\u00eat une construction rectangulaire en briques \u00e0 7 trav\u00e9es sans \u00e9tage. Il a \u00e9t\u00e9 reconverti en habitation priv\u00e9e.<\/p>\n\n\n\n<p>Les installations en gare \u00e9taient r\u00e9duites \u00e0 1 quai le long de la voie principale.<\/p>\n\n\n\n<figure class=\"wp-block-gallery has-nested-images columns-default is-cropped wp-block-gallery-1 is-layout-flex wp-block-gallery-is-layout-flex\">\n<figure class=\"wp-block-image size-large\"><img fetchpriority=\"high\" decoding=\"async\" width=\"400\" height=\"249\" data-id=\"8462\" src=\"https:\/\/www.lasagadesgares.be\/wordpress\/wp-content\/uploads\/2025\/11\/yvoir_carrieres_005.jpg\" alt=\"\" class=\"wp-image-8462\" srcset=\"https:\/\/www.lasagadesgares.be\/wordpress\/wp-content\/uploads\/2025\/11\/yvoir_carrieres_005.jpg 400w, https:\/\/www.lasagadesgares.be\/wordpress\/wp-content\/uploads\/2025\/11\/yvoir_carrieres_005-300x187.jpg 300w, https:\/\/www.lasagadesgares.be\/wordpress\/wp-content\/uploads\/2025\/11\/yvoir_carrieres_005-1x1.jpg 1w\" sizes=\"(max-width: 400px) 100vw, 400px\" \/><\/figure>\n\n\n\n<figure class=\"wp-block-image size-large\"><img decoding=\"async\" width=\"400\" height=\"268\" data-id=\"8461\" src=\"https:\/\/www.lasagadesgares.be\/wordpress\/wp-content\/uploads\/2025\/11\/yvoir_carrieres_003.jpg\" alt=\"\" class=\"wp-image-8461\" srcset=\"https:\/\/www.lasagadesgares.be\/wordpress\/wp-content\/uploads\/2025\/11\/yvoir_carrieres_003.jpg 400w, https:\/\/www.lasagadesgares.be\/wordpress\/wp-content\/uploads\/2025\/11\/yvoir_carrieres_003-300x201.jpg 300w, https:\/\/www.lasagadesgares.be\/wordpress\/wp-content\/uploads\/2025\/11\/yvoir_carrieres_003-1x1.jpg 1w\" sizes=\"(max-width: 400px) 100vw, 400px\" \/><\/figure>\n<\/figure>\n","protected":false},"excerpt":{"rendered":"<p>Le point d&rsquo;arr\u00eat d\u2019Yvoir-Carri\u00e8res a \u00e9t\u00e9 mis en service sur la ligne 128 le 1er juin 1907. Il fut ferm\u00e9 le 1er juin 1923 puis rouvert le 15 mai 1930 jusque la fermeture de la ligne, le 31 juillet 1960. Le b\u00e2timent de ce point d&rsquo;arr\u00eat une construction rectangulaire en briques \u00e0 7 trav\u00e9es sans [&hellip;]<\/p>\n","protected":false},"author":5,"featured_media":8462,"comment_status":"closed","ping_status":"open","sticky":false,"template":"","format":"standard","meta":{"footnotes":""},"categories":[37,75],"tags":[],"class_list":["post-4117","post","type-post","status-publish","format-standard","has-post-thumbnail","hentry","category-ligne-128","category-qrcode"],"_links":{"self":[{"href":"https:\/\/www.lasagadesgares.be\/wordpress\/wp-json\/wp\/v2\/posts\/4117","targetHints":{"allow":["GET"]}}],"collection":[{"href":"https:\/\/www.lasagadesgares.be\/wordpress\/wp-json\/wp\/v2\/posts"}],"about":[{"href":"https:\/\/www.lasagadesgares.be\/wordpress\/wp-json\/wp\/v2\/types\/post"}],"author":[{"embeddable":true,"href":"https:\/\/www.lasagadesgares.be\/wordpress\/wp-json\/wp\/v2\/users\/5"}],"replies":[{"embeddable":true,"href":"https:\/\/www.lasagadesgares.be\/wordpress\/wp-json\/wp\/v2\/comments?post=4117"}],"version-history":[{"count":2,"href":"https:\/\/www.lasagadesgares.be\/wordpress\/wp-json\/wp\/v2\/posts\/4117\/revisions"}],"predecessor-version":[{"id":8463,"href":"https:\/\/www.lasagadesgares.be\/wordpress\/wp-json\/wp\/v2\/posts\/4117\/revisions\/8463"}],"wp:featuredmedia":[{"embeddable":true,"href":"https:\/\/www.lasagadesgares.be\/wordpress\/wp-json\/wp\/v2\/media\/8462"}],"wp:attachment":[{"href":"https:\/\/www.lasagadesgares.be\/wordpress\/wp-json\/wp\/v2\/media?parent=4117"}],"wp:term":[{"taxonomy":"category","embeddable":true,"href":"https:\/\/www.lasagadesgares.be\/wordpress\/wp-json\/wp\/v2\/categories?post=4117"},{"taxonomy":"post_tag","embeddable":true,"href":"https:\/\/www.lasagadesgares.be\/wordpress\/wp-json\/wp\/v2\/tags?post=4117"}],"curies":[{"name":"wp","href":"https:\/\/api.w.org\/{rel}","templated":true}]}}