{"id":4107,"date":"2025-11-27T10:44:35","date_gmt":"2025-11-27T09:44:35","guid":{"rendered":"https:\/\/www.lasagadesgares.be\/wordpress\/?p=4107"},"modified":"2026-03-22T18:24:53","modified_gmt":"2026-03-22T17:24:53","slug":"spontin","status":"publish","type":"post","link":"https:\/\/www.lasagadesgares.be\/wordpress\/spontin\/","title":{"rendered":"La gare de Spontin"},"content":{"rendered":"\n<p>La gare de Spontin a \u00e9t\u00e9 mise en service le 5 juillet 1898. Le b\u00e2timent principal est une construction en pierres avec des ornements en briques. Il est compos\u00e9 d\u2019une partie centrale \u00e0 3 trav\u00e9es entour\u00e9e d\u2019une aile basse \u00e0 5 trav\u00e9es et d\u2019une annexe avec les toilettes. Il est actuellement la propri\u00e9t\u00e9 de la ville d\u2019Yvoir.<\/p>\n\n\n\n<p>Les installations de la gare comprenaient, d&rsquo;apr\u00e8s un plan d&rsquo;implantation de 1964, une voie \u00e0 quai et une voie d\u2019\u00e9vitement, situ\u00e9e c\u00f4t\u00e9 Ciney et qui permettait le croisement des trains. Les voies sont aujourd&rsquo;hui g\u00e9r\u00e9es par le Chemin de Fer du Bocq (PFT). La voie d\u2019\u00e9vitement a \u00e9t\u00e9 prolong\u00e9e, c\u00f4t\u00e9 Ciney par un cul-de-sac et une remise pour les autorails a \u00e9t\u00e9 construite. Elle a \u00e9t\u00e9 prolong\u00e9e, du c\u00f4t\u00e9 du b\u00e2timent principal, par un cul-de-sac le long du quai.<\/p>\n\n\n\n<ul class=\"wp-block-list\">\n<li>A lire: <strong><a href=\"https:\/\/www.lasagadesgares.be\/wordpress\/spontin-sources\/\">le point d&rsquo;arr\u00eat de Spontin-Sources<\/a><\/strong><\/li>\n\n\n\n<li>A voir: <strong><a href=\"https:\/\/www.spontinvillage.be\/\">Spontin-village<\/a><\/strong> &#8211; <strong><a href=\"https:\/\/lasan.be\/actualites\/click-art\/193-spontin\">Spontin et l&rsquo;arch\u00e9ologie<\/a><\/strong> &#8211; <strong><a href=\"https:\/\/www.protecteau.be\/sites\/default\/files\/uploads\/Contrat%20captage\/Contrat-captage-diagnostic-captage-Spontin-poster-A3%20VF.pdf\">Spontin et l&rsquo;eau<\/a><\/strong> (1) &#8211; <strong><a href=\"http:\/\/server.idemdito.org\/pics\/belg\/div\/spontin.htm\">Spontin et l&rsquo;eau<\/a><\/strong> (2)<\/li>\n<\/ul>\n\n\n\n<figure class=\"wp-block-gallery has-nested-images columns-default is-cropped wp-block-gallery-1 is-layout-flex wp-block-gallery-is-layout-flex\">\n<figure class=\"wp-block-image size-large\"><img fetchpriority=\"high\" decoding=\"async\" width=\"400\" height=\"243\" data-id=\"8392\" src=\"https:\/\/www.lasagadesgares.be\/wordpress\/wp-content\/uploads\/2025\/11\/spontin_008.jpg\" alt=\"\" class=\"wp-image-8392\" srcset=\"https:\/\/www.lasagadesgares.be\/wordpress\/wp-content\/uploads\/2025\/11\/spontin_008.jpg 400w, https:\/\/www.lasagadesgares.be\/wordpress\/wp-content\/uploads\/2025\/11\/spontin_008-300x182.jpg 300w, https:\/\/www.lasagadesgares.be\/wordpress\/wp-content\/uploads\/2025\/11\/spontin_008-1x1.jpg 1w\" sizes=\"(max-width: 400px) 100vw, 400px\" \/><\/figure>\n\n\n\n<figure class=\"wp-block-image size-large\"><img decoding=\"async\" width=\"400\" height=\"248\" data-id=\"8390\" src=\"https:\/\/www.lasagadesgares.be\/wordpress\/wp-content\/uploads\/2025\/11\/spontin_001.jpg\" alt=\"\" class=\"wp-image-8390\" srcset=\"https:\/\/www.lasagadesgares.be\/wordpress\/wp-content\/uploads\/2025\/11\/spontin_001.jpg 400w, https:\/\/www.lasagadesgares.be\/wordpress\/wp-content\/uploads\/2025\/11\/spontin_001-300x186.jpg 300w, https:\/\/www.lasagadesgares.be\/wordpress\/wp-content\/uploads\/2025\/11\/spontin_001-1x1.jpg 1w\" sizes=\"(max-width: 400px) 100vw, 400px\" \/><\/figure>\n\n\n\n<figure class=\"wp-block-image size-large\"><img decoding=\"async\" width=\"400\" height=\"268\" data-id=\"8391\" src=\"https:\/\/www.lasagadesgares.be\/wordpress\/wp-content\/uploads\/2025\/11\/spontin_005.jpg\" alt=\"\" class=\"wp-image-8391\" srcset=\"https:\/\/www.lasagadesgares.be\/wordpress\/wp-content\/uploads\/2025\/11\/spontin_005.jpg 400w, https:\/\/www.lasagadesgares.be\/wordpress\/wp-content\/uploads\/2025\/11\/spontin_005-300x201.jpg 300w, https:\/\/www.lasagadesgares.be\/wordpress\/wp-content\/uploads\/2025\/11\/spontin_005-1x1.jpg 1w\" sizes=\"(max-width: 400px) 100vw, 400px\" \/><\/figure>\n<\/figure>\n\n\n\n<p><strong>Travaux de r\u00e9novation en 2026. <\/strong>Par sa position centrale au c\u0153ur de la vall\u00e9e du Bocq, la gare de Spontin est la mieux localis\u00e9e en terme d\u2019accessibilit\u00e9. Proche des transports en commun et de l\u2019autoroute \u201cE411\u201d, elle est g\u00e9ographiquement bien situ\u00e9e pour les touristes et donc la plus appropri\u00e9e pour y d\u00e9velopper des activit\u00e9s (\u00e9v\u00e9nements, restauration, d\u00e9parts des trains touristiques, \u2026). Le but des travaux \u00e0 l&rsquo;entre-saison touristique 2025- \u00e9tait de voir r\u00e9appara\u00eetre la gare d\u2019antan, ou presque\u2026 La voie 2&nbsp;a \u00e9t\u00e9 agrandie jusqu\u2019au tunnel de Spontin et longe d\u00e9sormais la voie 1 afin de retrouver les 2 voies principales comme elles se pr\u00e9sentaient autrefois,&nbsp;ainsi qu\u2019une 3\u00e8me voie qui est accessible par un aiguillage (c\u00f4t\u00e9 Yvoir) et par une \u201cTravers\u00e9e Jonction Double\u201d (c\u00f4t\u00e9 Ciney). Hormis quelques signaux d\u2019arr\u00eats simplifi\u00e9s et petits signaux d\u2019arr\u00eats (lumineux et \u00e0 fleur de sol) utilis\u00e9s pour les man\u0153uvres, il est pr\u00e9vu que les 3 voies soient gard\u00e9es de chaque c\u00f4t\u00e9 par de la signalisation m\u00e9canique. <em>(<a href=\"https:\/\/www.cfbocq.be\/travaux-fr\/\">Source Chemin de Fer du Bocq<\/a>)<\/em><\/p>\n\n\n\n<figure class=\"wp-block-gallery has-nested-images columns-default is-cropped wp-block-gallery-2 is-layout-flex wp-block-gallery-is-layout-flex\">\n<figure class=\"wp-block-image size-large\"><img loading=\"lazy\" decoding=\"async\" width=\"400\" height=\"300\" data-id=\"8389\" src=\"https:\/\/www.lasagadesgares.be\/wordpress\/wp-content\/uploads\/2025\/11\/spontin-travaux.webp\" alt=\"\" class=\"wp-image-8389\" srcset=\"https:\/\/www.lasagadesgares.be\/wordpress\/wp-content\/uploads\/2025\/11\/spontin-travaux.webp 400w, https:\/\/www.lasagadesgares.be\/wordpress\/wp-content\/uploads\/2025\/11\/spontin-travaux-300x225.webp 300w, https:\/\/www.lasagadesgares.be\/wordpress\/wp-content\/uploads\/2025\/11\/spontin-travaux-1x1.webp 1w\" sizes=\"(max-width: 400px) 100vw, 400px\" \/><\/figure>\n\n\n\n<figure class=\"wp-block-image size-large\"><img loading=\"lazy\" decoding=\"async\" width=\"400\" height=\"301\" data-id=\"8388\" src=\"https:\/\/www.lasagadesgares.be\/wordpress\/wp-content\/uploads\/2025\/11\/spontin-travaux-.webp\" alt=\"\" class=\"wp-image-8388\" srcset=\"https:\/\/www.lasagadesgares.be\/wordpress\/wp-content\/uploads\/2025\/11\/spontin-travaux-.webp 400w, https:\/\/www.lasagadesgares.be\/wordpress\/wp-content\/uploads\/2025\/11\/spontin-travaux--300x226.webp 300w, https:\/\/www.lasagadesgares.be\/wordpress\/wp-content\/uploads\/2025\/11\/spontin-travaux--1x1.webp 1w\" sizes=\"(max-width: 400px) 100vw, 400px\" \/><\/figure>\n<\/figure>\n\n\n\n<p><\/p>\n","protected":false},"excerpt":{"rendered":"<p>La gare de Spontin a \u00e9t\u00e9 mise en service le 5 juillet 1898. Le b\u00e2timent principal est une construction en pierres avec des ornements en briques. Il est compos\u00e9 d\u2019une partie centrale \u00e0 3 trav\u00e9es entour\u00e9e d\u2019une aile basse \u00e0 5 trav\u00e9es et d\u2019une annexe avec les toilettes. Il est actuellement la propri\u00e9t\u00e9 de la [&hellip;]<\/p>\n","protected":false},"author":5,"featured_media":8392,"comment_status":"closed","ping_status":"open","sticky":false,"template":"","format":"standard","meta":{"footnotes":""},"categories":[37,75],"tags":[],"class_list":["post-4107","post","type-post","status-publish","format-standard","has-post-thumbnail","hentry","category-ligne-128","category-qrcode"],"_links":{"self":[{"href":"https:\/\/www.lasagadesgares.be\/wordpress\/wp-json\/wp\/v2\/posts\/4107","targetHints":{"allow":["GET"]}}],"collection":[{"href":"https:\/\/www.lasagadesgares.be\/wordpress\/wp-json\/wp\/v2\/posts"}],"about":[{"href":"https:\/\/www.lasagadesgares.be\/wordpress\/wp-json\/wp\/v2\/types\/post"}],"author":[{"embeddable":true,"href":"https:\/\/www.lasagadesgares.be\/wordpress\/wp-json\/wp\/v2\/users\/5"}],"replies":[{"embeddable":true,"href":"https:\/\/www.lasagadesgares.be\/wordpress\/wp-json\/wp\/v2\/comments?post=4107"}],"version-history":[{"count":4,"href":"https:\/\/www.lasagadesgares.be\/wordpress\/wp-json\/wp\/v2\/posts\/4107\/revisions"}],"predecessor-version":[{"id":8401,"href":"https:\/\/www.lasagadesgares.be\/wordpress\/wp-json\/wp\/v2\/posts\/4107\/revisions\/8401"}],"wp:featuredmedia":[{"embeddable":true,"href":"https:\/\/www.lasagadesgares.be\/wordpress\/wp-json\/wp\/v2\/media\/8392"}],"wp:attachment":[{"href":"https:\/\/www.lasagadesgares.be\/wordpress\/wp-json\/wp\/v2\/media?parent=4107"}],"wp:term":[{"taxonomy":"category","embeddable":true,"href":"https:\/\/www.lasagadesgares.be\/wordpress\/wp-json\/wp\/v2\/categories?post=4107"},{"taxonomy":"post_tag","embeddable":true,"href":"https:\/\/www.lasagadesgares.be\/wordpress\/wp-json\/wp\/v2\/tags?post=4107"}],"curies":[{"name":"wp","href":"https:\/\/api.w.org\/{rel}","templated":true}]}}