{"id":4103,"date":"2025-11-27T10:34:42","date_gmt":"2025-11-27T09:34:42","guid":{"rendered":"https:\/\/www.lasagadesgares.be\/wordpress\/?p=4103"},"modified":"2026-03-24T13:33:22","modified_gmt":"2026-03-24T12:33:22","slug":"sovet","status":"publish","type":"post","link":"https:\/\/www.lasagadesgares.be\/wordpress\/sovet\/","title":{"rendered":"La gare de Sovet"},"content":{"rendered":"\n<p>La gare de Sovet \u00e9tait situ\u00e9e \u00e0 3 kilom\u00e8tres du village de Sovet, il \u00e9tait adoss\u00e9e \u00e0 une colline. Il fut mise en service en m\u00eame temps que la ligne 128, d\u00e8s 1898. La gare fut ferm\u00e9e le 1<sup>er<\/sup> f\u00e9vrier 1923 avant d&rsquo;\u00eatre rouverte le 3 octobre 1937. Il sera ferm\u00e9e d\u00e9finitivement \u00e0 la suppression du service des voyageurs sur la ligne 128, le 31 juillet 1960. Le b\u00e2timent principal \u00e9tait une construction en pierres et en brique, constitu\u00e9e d\u2019une partie \u00e0 4 trav\u00e9es avec \u00e9tage et d&rsquo;une annexe avec les toilettes.<\/p>\n\n\n\n<p>Les installations en gare \u00e9taient r\u00e9duites \u00e0 un seul quai le long de la voie principale. Il n\u2019y avait pas de voie de marchandises.<\/p>\n\n\n\n<figure class=\"wp-block-gallery has-nested-images columns-default is-cropped wp-block-gallery-1 is-layout-flex wp-block-gallery-is-layout-flex\">\n<figure class=\"wp-block-image size-large\"><img fetchpriority=\"high\" decoding=\"async\" width=\"400\" height=\"268\" data-id=\"8382\" src=\"https:\/\/www.lasagadesgares.be\/wordpress\/wp-content\/uploads\/2025\/11\/sovet_005.jpg\" alt=\"\" class=\"wp-image-8382\" srcset=\"https:\/\/www.lasagadesgares.be\/wordpress\/wp-content\/uploads\/2025\/11\/sovet_005.jpg 400w, https:\/\/www.lasagadesgares.be\/wordpress\/wp-content\/uploads\/2025\/11\/sovet_005-300x201.jpg 300w, https:\/\/www.lasagadesgares.be\/wordpress\/wp-content\/uploads\/2025\/11\/sovet_005-1x1.jpg 1w\" sizes=\"(max-width: 400px) 100vw, 400px\" \/><\/figure>\n\n\n\n<figure class=\"wp-block-image size-large\"><img decoding=\"async\" width=\"400\" height=\"271\" data-id=\"8381\" src=\"https:\/\/www.lasagadesgares.be\/wordpress\/wp-content\/uploads\/2025\/11\/sovet_003.jpg\" alt=\"\" class=\"wp-image-8381\" srcset=\"https:\/\/www.lasagadesgares.be\/wordpress\/wp-content\/uploads\/2025\/11\/sovet_003.jpg 400w, https:\/\/www.lasagadesgares.be\/wordpress\/wp-content\/uploads\/2025\/11\/sovet_003-300x203.jpg 300w, https:\/\/www.lasagadesgares.be\/wordpress\/wp-content\/uploads\/2025\/11\/sovet_003-1x1.jpg 1w\" sizes=\"(max-width: 400px) 100vw, 400px\" \/><\/figure>\n<\/figure>\n","protected":false},"excerpt":{"rendered":"<p>La gare de Sovet \u00e9tait situ\u00e9e \u00e0 3 kilom\u00e8tres du village de Sovet, il \u00e9tait adoss\u00e9e \u00e0 une colline. Il fut mise en service en m\u00eame temps que la ligne 128, d\u00e8s 1898. La gare fut ferm\u00e9e le 1er f\u00e9vrier 1923 avant d&rsquo;\u00eatre rouverte le 3 octobre 1937. Il sera ferm\u00e9e d\u00e9finitivement \u00e0 la suppression [&hellip;]<\/p>\n","protected":false},"author":5,"featured_media":8382,"comment_status":"closed","ping_status":"open","sticky":false,"template":"","format":"standard","meta":{"footnotes":""},"categories":[124,37],"tags":[],"class_list":["post-4103","post","type-post","status-publish","format-standard","has-post-thumbnail","hentry","category-emplacement-a-verifier","category-ligne-128"],"_links":{"self":[{"href":"https:\/\/www.lasagadesgares.be\/wordpress\/wp-json\/wp\/v2\/posts\/4103","targetHints":{"allow":["GET"]}}],"collection":[{"href":"https:\/\/www.lasagadesgares.be\/wordpress\/wp-json\/wp\/v2\/posts"}],"about":[{"href":"https:\/\/www.lasagadesgares.be\/wordpress\/wp-json\/wp\/v2\/types\/post"}],"author":[{"embeddable":true,"href":"https:\/\/www.lasagadesgares.be\/wordpress\/wp-json\/wp\/v2\/users\/5"}],"replies":[{"embeddable":true,"href":"https:\/\/www.lasagadesgares.be\/wordpress\/wp-json\/wp\/v2\/comments?post=4103"}],"version-history":[{"count":2,"href":"https:\/\/www.lasagadesgares.be\/wordpress\/wp-json\/wp\/v2\/posts\/4103\/revisions"}],"predecessor-version":[{"id":8383,"href":"https:\/\/www.lasagadesgares.be\/wordpress\/wp-json\/wp\/v2\/posts\/4103\/revisions\/8383"}],"wp:featuredmedia":[{"embeddable":true,"href":"https:\/\/www.lasagadesgares.be\/wordpress\/wp-json\/wp\/v2\/media\/8382"}],"wp:attachment":[{"href":"https:\/\/www.lasagadesgares.be\/wordpress\/wp-json\/wp\/v2\/media?parent=4103"}],"wp:term":[{"taxonomy":"category","embeddable":true,"href":"https:\/\/www.lasagadesgares.be\/wordpress\/wp-json\/wp\/v2\/categories?post=4103"},{"taxonomy":"post_tag","embeddable":true,"href":"https:\/\/www.lasagadesgares.be\/wordpress\/wp-json\/wp\/v2\/tags?post=4103"}],"curies":[{"name":"wp","href":"https:\/\/api.w.org\/{rel}","templated":true}]}}