{"id":3725,"date":"2025-11-21T14:31:34","date_gmt":"2025-11-21T13:31:34","guid":{"rendered":"https:\/\/www.lasagadesgares.be\/wordpress\/?p=3725"},"modified":"2026-04-10T23:56:06","modified_gmt":"2026-04-10T21:56:06","slug":"profondeville","status":"publish","type":"post","link":"https:\/\/www.lasagadesgares.be\/wordpress\/profondeville\/","title":{"rendered":"La gare de Profondeville ou Rochers de Fr\u00eane"},"content":{"rendered":"\n<figure class=\"wp-block-table\"><table class=\"has-fixed-layout\"><tbody><tr><td class=\"has-text-align-center\" data-align=\"center\"><strong>Mise en service<\/strong><\/td><td class=\"has-text-align-center\" data-align=\"center\"><strong>Fin du service voyageurs<\/strong><\/td><td class=\"has-text-align-center\" data-align=\"center\"><strong>Fin du service marchandises<\/strong><\/td><\/tr><tr><td class=\"has-text-align-center\" data-align=\"center\">08.08.1886<\/td><td class=\"has-text-align-center\" data-align=\"center\">19.11.1939<\/td><td class=\"has-text-align-center\" data-align=\"center\"><\/td><\/tr><\/tbody><\/table><\/figure>\n\n\n\n<p>Il \u00e9tait situ\u00e9 avant l\u2019entr\u00e9e du tunnel des Rochers de Fr\u00eanes<\/p>\n\n\n\n<p>Les installations se limitaient aux deux quais.<\/p>\n\n\n\n<p>Situ\u00e9 loin du village son existence a \u00e9t\u00e9 limit\u00e9e. Ouvert le 8 ao\u00fbt 1886 il a \u00e9t\u00e9 ferm\u00e9 le 19 novembre 1939.<\/p>\n\n\n\n<p>Le point d&rsquo;arr\u00eat des Rochers de Fr\u00eane est ouvert le 22 mai 1932 et est ferm\u00e9 le 19 novembre 1939.<\/p>\n\n\n\n<figure class=\"wp-block-gallery has-nested-images columns-default is-cropped wp-block-gallery-1 is-layout-flex wp-block-gallery-is-layout-flex\">\n<figure class=\"wp-block-image size-large\"><img fetchpriority=\"high\" decoding=\"async\" width=\"400\" height=\"396\" data-id=\"9158\" src=\"https:\/\/www.lasagadesgares.be\/wordpress\/wp-content\/uploads\/2025\/11\/Profondeville-SNCB.jpg\" alt=\"\" class=\"wp-image-9158\" srcset=\"https:\/\/www.lasagadesgares.be\/wordpress\/wp-content\/uploads\/2025\/11\/Profondeville-SNCB.jpg 400w, https:\/\/www.lasagadesgares.be\/wordpress\/wp-content\/uploads\/2025\/11\/Profondeville-SNCB-300x297.jpg 300w, https:\/\/www.lasagadesgares.be\/wordpress\/wp-content\/uploads\/2025\/11\/Profondeville-SNCB-150x150.jpg 150w, https:\/\/www.lasagadesgares.be\/wordpress\/wp-content\/uploads\/2025\/11\/Profondeville-SNCB-1x1.jpg 1w\" sizes=\"(max-width: 400px) 100vw, 400px\" \/><\/figure>\n<\/figure>\n\n\n\n<figure class=\"wp-block-table is-style-regular\"><table><tbody><tr><td><strong>Sites \u00e0 consulter<\/strong><\/td><td><a href=\"https:\/\/nl.wikipedia.org\/wiki\/Station_Profondeville\">Wikipedia NL<\/a><\/td><\/tr><tr><td><\/td><td>Spoorweggeschidenis JP Schenkel<br><a href=\"https:\/\/spoorweggeschiedenis.quartam.on-rev.com\/sthpa.lc?type=dat&amp;id=1573\">Profondeville<\/a><br><a href=\"https:\/\/spoorweggeschiedenis.quartam.on-rev.com\/sthpa.lc?type=dat&amp;id=1639\">Rochers de Fr\u00eane<\/a><\/td><\/tr><\/tbody><\/table><\/figure>\n","protected":false},"excerpt":{"rendered":"<p>Mise en service Fin du service voyageurs Fin du service marchandises 08.08.1886 19.11.1939 Il \u00e9tait situ\u00e9 avant l\u2019entr\u00e9e du tunnel des Rochers de Fr\u00eanes Les installations se limitaient aux deux quais. Situ\u00e9 loin du village son existence a \u00e9t\u00e9 limit\u00e9e. Ouvert le 8 ao\u00fbt 1886 il a \u00e9t\u00e9 ferm\u00e9 le 19 novembre 1939. Le point [&hellip;]<\/p>\n","protected":false},"author":5,"featured_media":9157,"comment_status":"closed","ping_status":"open","sticky":false,"template":"","format":"standard","meta":{"footnotes":""},"categories":[124,51,44],"tags":[],"class_list":["post-3725","post","type-post","status-publish","format-standard","has-post-thumbnail","hentry","category-emplacement-a-verifier","category-en-construction","category-ligne-154"],"_links":{"self":[{"href":"https:\/\/www.lasagadesgares.be\/wordpress\/wp-json\/wp\/v2\/posts\/3725","targetHints":{"allow":["GET"]}}],"collection":[{"href":"https:\/\/www.lasagadesgares.be\/wordpress\/wp-json\/wp\/v2\/posts"}],"about":[{"href":"https:\/\/www.lasagadesgares.be\/wordpress\/wp-json\/wp\/v2\/types\/post"}],"author":[{"embeddable":true,"href":"https:\/\/www.lasagadesgares.be\/wordpress\/wp-json\/wp\/v2\/users\/5"}],"replies":[{"embeddable":true,"href":"https:\/\/www.lasagadesgares.be\/wordpress\/wp-json\/wp\/v2\/comments?post=3725"}],"version-history":[{"count":2,"href":"https:\/\/www.lasagadesgares.be\/wordpress\/wp-json\/wp\/v2\/posts\/3725\/revisions"}],"predecessor-version":[{"id":9159,"href":"https:\/\/www.lasagadesgares.be\/wordpress\/wp-json\/wp\/v2\/posts\/3725\/revisions\/9159"}],"wp:featuredmedia":[{"embeddable":true,"href":"https:\/\/www.lasagadesgares.be\/wordpress\/wp-json\/wp\/v2\/media\/9157"}],"wp:attachment":[{"href":"https:\/\/www.lasagadesgares.be\/wordpress\/wp-json\/wp\/v2\/media?parent=3725"}],"wp:term":[{"taxonomy":"category","embeddable":true,"href":"https:\/\/www.lasagadesgares.be\/wordpress\/wp-json\/wp\/v2\/categories?post=3725"},{"taxonomy":"post_tag","embeddable":true,"href":"https:\/\/www.lasagadesgares.be\/wordpress\/wp-json\/wp\/v2\/tags?post=3725"}],"curies":[{"name":"wp","href":"https:\/\/api.w.org\/{rel}","templated":true}]}}