{"id":3717,"date":"2025-11-21T14:16:03","date_gmt":"2025-11-21T13:16:03","guid":{"rendered":"https:\/\/www.lasagadesgares.be\/wordpress\/?p=3717"},"modified":"2026-04-10T22:43:05","modified_gmt":"2026-04-10T20:43:05","slug":"jambes-nord","status":"publish","type":"post","link":"https:\/\/www.lasagadesgares.be\/wordpress\/jambes-nord\/","title":{"rendered":"Le point d&rsquo;arr\u00eat de Jambes(-Nord)"},"content":{"rendered":"\n<figure class=\"wp-block-table\"><table class=\"has-fixed-layout\"><tbody><tr><td class=\"has-text-align-center\" data-align=\"center\"><strong>Mise en service<\/strong><\/td><td class=\"has-text-align-center\" data-align=\"center\"><strong>Fin du service voyageurs<\/strong><\/td><td class=\"has-text-align-center\" data-align=\"center\"><strong>Fin du service marchandises<\/strong><\/td><\/tr><tr><td class=\"has-text-align-center\" data-align=\"center\">05.02.1862<\/td><td class=\"has-text-align-center\" data-align=\"center\">&#8211;<\/td><td class=\"has-text-align-center\" data-align=\"center\">1992<\/td><\/tr><\/tbody><\/table><\/figure>\n\n\n\n<p>Elle a \u00e9t\u00e9 mise en service le 10 octobre 1862 par la Compagnie du Nord- Belge.<\/p>\n\n\n\n<p>Le b\u00e2timent \u00e9tait une construction caract\u00e9ristique des gares de cette compagnie et comprenait une partie centrale \u00e0 3 trav\u00e9es avec \u00e9tage entour\u00e9e de deux ailes basses \u00e0 1 trav\u00e9e. Il a \u00e9t\u00e9 d\u00e9moli en 1987 pour faire place \u00e0 une construction moderne inaugur\u00e9e le 13 juin 1989.<\/p>\n\n\n\n<p>Les installations \u00e9taient importantes avec&nbsp;: pour les voyageurs 2 quais sur les voies principales et une voie en cul de sac, pour les marchandises 3 voies \u00e0 double issue, une cour \u00e0 1 voie avec rampe de chargement et hangar. 5 raccordements desservaient les entreprises locales&nbsp;: Ateliers de construction de Jambes-Namur, confiture Materne, Libouton, AC BL et Belgian Shell.<\/p>\n\n\n\n<p>Aujourd\u2019hui les installations ont \u00e9t\u00e9 simplifi\u00e9es Jambes est exclusivement une gare voyageurs.<\/p>\n\n\n\n<figure class=\"wp-block-gallery has-nested-images columns-default is-cropped wp-block-gallery-1 is-layout-flex wp-block-gallery-is-layout-flex\">\n<figure class=\"wp-block-image size-large\"><img fetchpriority=\"high\" decoding=\"async\" width=\"400\" height=\"282\" data-id=\"9130\" src=\"https:\/\/www.lasagadesgares.be\/wordpress\/wp-content\/uploads\/2025\/11\/Jambes-Nord-01-SNCB.jpg\" alt=\"\" class=\"wp-image-9130\" srcset=\"https:\/\/www.lasagadesgares.be\/wordpress\/wp-content\/uploads\/2025\/11\/Jambes-Nord-01-SNCB.jpg 400w, https:\/\/www.lasagadesgares.be\/wordpress\/wp-content\/uploads\/2025\/11\/Jambes-Nord-01-SNCB-300x212.jpg 300w, https:\/\/www.lasagadesgares.be\/wordpress\/wp-content\/uploads\/2025\/11\/Jambes-Nord-01-SNCB-1x1.jpg 1w\" sizes=\"(max-width: 400px) 100vw, 400px\" \/><\/figure>\n\n\n\n<figure class=\"wp-block-image size-large\"><img decoding=\"async\" width=\"400\" height=\"334\" data-id=\"9132\" src=\"https:\/\/www.lasagadesgares.be\/wordpress\/wp-content\/uploads\/2025\/11\/Jambes-Nord-02-SNCB-.jpg\" alt=\"\" class=\"wp-image-9132\" srcset=\"https:\/\/www.lasagadesgares.be\/wordpress\/wp-content\/uploads\/2025\/11\/Jambes-Nord-02-SNCB-.jpg 400w, https:\/\/www.lasagadesgares.be\/wordpress\/wp-content\/uploads\/2025\/11\/Jambes-Nord-02-SNCB--300x251.jpg 300w, https:\/\/www.lasagadesgares.be\/wordpress\/wp-content\/uploads\/2025\/11\/Jambes-Nord-02-SNCB--1x1.jpg 1w\" sizes=\"(max-width: 400px) 100vw, 400px\" \/><\/figure>\n\n\n\n<figure class=\"wp-block-image size-large\"><img decoding=\"async\" width=\"400\" height=\"242\" data-id=\"9134\" src=\"https:\/\/www.lasagadesgares.be\/wordpress\/wp-content\/uploads\/2025\/11\/Jambes-Nord-03-disque-Julien.jpg\" alt=\"\" class=\"wp-image-9134\" srcset=\"https:\/\/www.lasagadesgares.be\/wordpress\/wp-content\/uploads\/2025\/11\/Jambes-Nord-03-disque-Julien.jpg 400w, https:\/\/www.lasagadesgares.be\/wordpress\/wp-content\/uploads\/2025\/11\/Jambes-Nord-03-disque-Julien-300x182.jpg 300w, https:\/\/www.lasagadesgares.be\/wordpress\/wp-content\/uploads\/2025\/11\/Jambes-Nord-03-disque-Julien-1x1.jpg 1w\" sizes=\"(max-width: 400px) 100vw, 400px\" \/><\/figure>\n\n\n\n<figure class=\"wp-block-image size-large\"><img loading=\"lazy\" decoding=\"async\" width=\"400\" height=\"260\" data-id=\"9135\" src=\"https:\/\/www.lasagadesgares.be\/wordpress\/wp-content\/uploads\/2025\/11\/Jambes-Nord-04-disque-Julien.jpg\" alt=\"\" class=\"wp-image-9135\" srcset=\"https:\/\/www.lasagadesgares.be\/wordpress\/wp-content\/uploads\/2025\/11\/Jambes-Nord-04-disque-Julien.jpg 400w, https:\/\/www.lasagadesgares.be\/wordpress\/wp-content\/uploads\/2025\/11\/Jambes-Nord-04-disque-Julien-300x195.jpg 300w, https:\/\/www.lasagadesgares.be\/wordpress\/wp-content\/uploads\/2025\/11\/Jambes-Nord-04-disque-Julien-1x1.jpg 1w\" sizes=\"(max-width: 400px) 100vw, 400px\" \/><\/figure>\n\n\n\n<figure class=\"wp-block-image size-large\"><img loading=\"lazy\" decoding=\"async\" width=\"400\" height=\"240\" data-id=\"9136\" src=\"https:\/\/www.lasagadesgares.be\/wordpress\/wp-content\/uploads\/2025\/11\/Jambes-Nord-05-disque-Julien.jpg\" alt=\"\" class=\"wp-image-9136\" srcset=\"https:\/\/www.lasagadesgares.be\/wordpress\/wp-content\/uploads\/2025\/11\/Jambes-Nord-05-disque-Julien.jpg 400w, https:\/\/www.lasagadesgares.be\/wordpress\/wp-content\/uploads\/2025\/11\/Jambes-Nord-05-disque-Julien-300x180.jpg 300w, https:\/\/www.lasagadesgares.be\/wordpress\/wp-content\/uploads\/2025\/11\/Jambes-Nord-05-disque-Julien-1x1.jpg 1w\" sizes=\"(max-width: 400px) 100vw, 400px\" \/><\/figure>\n\n\n\n<figure class=\"wp-block-image size-large\"><img loading=\"lazy\" decoding=\"async\" width=\"400\" height=\"267\" data-id=\"9133\" src=\"https:\/\/www.lasagadesgares.be\/wordpress\/wp-content\/uploads\/2025\/11\/Jambes-Nord-1921-disque-Julien.png\" alt=\"\" class=\"wp-image-9133\" srcset=\"https:\/\/www.lasagadesgares.be\/wordpress\/wp-content\/uploads\/2025\/11\/Jambes-Nord-1921-disque-Julien.png 400w, https:\/\/www.lasagadesgares.be\/wordpress\/wp-content\/uploads\/2025\/11\/Jambes-Nord-1921-disque-Julien-300x200.png 300w, https:\/\/www.lasagadesgares.be\/wordpress\/wp-content\/uploads\/2025\/11\/Jambes-Nord-1921-disque-Julien-1x1.png 1w\" sizes=\"(max-width: 400px) 100vw, 400px\" \/><\/figure>\n<\/figure>\n\n\n\n<figure class=\"wp-block-table is-style-regular\"><table><tbody><tr><td><strong>Sites \u00e0 consulter<\/strong><\/td><td><a href=\"https:\/\/www.garesbelges.be\/jambes_nord.htm\">Gares belges d&rsquo;autrefois<\/a><\/td><\/tr><tr><td><\/td><td><a href=\"https:\/\/www.railstation.be\/gare-de-jambes-nord\/\">RailStation<\/a><\/td><\/tr><tr><td><\/td><td><a href=\"https:\/\/fr.wikipedia.org\/wiki\/Gare_de_Jambes\">Wikipedia FR<\/a><\/td><\/tr><tr><td><\/td><td><a href=\"https:\/\/nl.wikipedia.org\/wiki\/Station_Jambes\">Wikipedia NL<\/a><\/td><\/tr><tr><td><\/td><td><a href=\"https:\/\/spoorweggeschiedenis.quartam.on-rev.com\/sthpa.lc?type=dat&amp;id=923\">Spoorweggeschidenis JP Schenkel<\/a><\/td><\/tr><\/tbody><\/table><\/figure>\n\n\n\n<p><\/p>\n","protected":false},"excerpt":{"rendered":"<p>Mise en service Fin du service voyageurs Fin du service marchandises 05.02.1862 &#8211; 1992 Elle a \u00e9t\u00e9 mise en service le 10 octobre 1862 par la Compagnie du Nord- Belge. Le b\u00e2timent \u00e9tait une construction caract\u00e9ristique des gares de cette compagnie et comprenait une partie centrale \u00e0 3 trav\u00e9es avec \u00e9tage entour\u00e9e de deux ailes [&hellip;]<\/p>\n","protected":false},"author":5,"featured_media":9131,"comment_status":"closed","ping_status":"open","sticky":false,"template":"","format":"standard","meta":{"footnotes":""},"categories":[51,44],"tags":[],"class_list":["post-3717","post","type-post","status-publish","format-standard","has-post-thumbnail","hentry","category-en-construction","category-ligne-154"],"_links":{"self":[{"href":"https:\/\/www.lasagadesgares.be\/wordpress\/wp-json\/wp\/v2\/posts\/3717","targetHints":{"allow":["GET"]}}],"collection":[{"href":"https:\/\/www.lasagadesgares.be\/wordpress\/wp-json\/wp\/v2\/posts"}],"about":[{"href":"https:\/\/www.lasagadesgares.be\/wordpress\/wp-json\/wp\/v2\/types\/post"}],"author":[{"embeddable":true,"href":"https:\/\/www.lasagadesgares.be\/wordpress\/wp-json\/wp\/v2\/users\/5"}],"replies":[{"embeddable":true,"href":"https:\/\/www.lasagadesgares.be\/wordpress\/wp-json\/wp\/v2\/comments?post=3717"}],"version-history":[{"count":2,"href":"https:\/\/www.lasagadesgares.be\/wordpress\/wp-json\/wp\/v2\/posts\/3717\/revisions"}],"predecessor-version":[{"id":9137,"href":"https:\/\/www.lasagadesgares.be\/wordpress\/wp-json\/wp\/v2\/posts\/3717\/revisions\/9137"}],"wp:featuredmedia":[{"embeddable":true,"href":"https:\/\/www.lasagadesgares.be\/wordpress\/wp-json\/wp\/v2\/media\/9131"}],"wp:attachment":[{"href":"https:\/\/www.lasagadesgares.be\/wordpress\/wp-json\/wp\/v2\/media?parent=3717"}],"wp:term":[{"taxonomy":"category","embeddable":true,"href":"https:\/\/www.lasagadesgares.be\/wordpress\/wp-json\/wp\/v2\/categories?post=3717"},{"taxonomy":"post_tag","embeddable":true,"href":"https:\/\/www.lasagadesgares.be\/wordpress\/wp-json\/wp\/v2\/tags?post=3717"}],"curies":[{"name":"wp","href":"https:\/\/api.w.org\/{rel}","templated":true}]}}