{"id":3702,"date":"2025-11-21T10:30:19","date_gmt":"2025-11-21T09:30:19","guid":{"rendered":"https:\/\/www.lasagadesgares.be\/wordpress\/?p=3702"},"modified":"2026-04-08T23:23:16","modified_gmt":"2026-04-08T21:23:16","slug":"sosoye","status":"publish","type":"post","link":"https:\/\/www.lasagadesgares.be\/wordpress\/sosoye\/","title":{"rendered":"Le point d&rsquo;arr\u00eat de Sosoye"},"content":{"rendered":"\n<figure class=\"wp-block-table\"><table class=\"has-fixed-layout\"><tbody><tr><td class=\"has-text-align-center\" data-align=\"center\"><strong>Mise en service<\/strong><\/td><td class=\"has-text-align-center\" data-align=\"center\"><strong>Fin du service voyageurs<\/strong><\/td><td class=\"has-text-align-center\" data-align=\"center\"><strong>Fin du service marchandises<\/strong><\/td><\/tr><tr><td class=\"has-text-align-center\" data-align=\"center\">29.07.1894<\/td><td class=\"has-text-align-center\" data-align=\"center\">26.08.1962<\/td><td class=\"has-text-align-center\" data-align=\"center\">&#8211;<\/td><\/tr><\/tbody><\/table><\/figure>\n\n\n\n<p>Le point d&rsquo;arr\u00eat de Sosoy a \u00e9t\u00e9 ouvert le 28 juillet 1894. La ligne 150 traverse le village sur un remblai:  deux quais et un petit b\u00e2timent \u00e0 pans de bois avaient \u00e9t\u00e9 am\u00e9nag\u00e9s sur le haut de ce remblais.<\/p>\n\n\n\n<p>Le point d&rsquo;arr\u00eat a \u00e9t\u00e9 ferm\u00e9e pendant la premi\u00e8re guerre mondiale et rouvert apr\u00e8s le conflit. Il a \u00e9t\u00e9 d\u00e9finitivement ferm\u00e9 le 26 ao\u00fbt 1962 lors de la suppression du trafic voyageur sur la ligne.<\/p>\n\n\n\n<p>Une voie a \u00e9t\u00e9 d\u00e9pos\u00e9e et a fait place \u00e0 un RAVel. L\u2019autre est maintenant utilis\u00e9e par \u00ab\u00a0<strong><a href=\"https:\/\/draisines.online\/index.php\/fr\/home\/\">Les draisines de la Molign\u00e9e<\/a><\/strong>\u00a0\u00bb. Si le petit b\u00e2timent de ce point d&rsquo;arr\u00eat a \u00e9t\u00e9 d\u00e9moli, les rampes d\u2019acc\u00e8s aux quais sont toujours pr\u00e9sentes.<\/p>\n\n\n\n<figure class=\"wp-block-table is-style-regular\"><table><tbody><tr><td><strong>Sites \u00e0 consulter<\/strong><\/td><td><a href=\"https:\/\/www.garesbelges.be\/sasoye.htm\">Gares belges d&rsquo;autrefois<\/a><\/td><\/tr><tr><td><\/td><td><a href=\"https:\/\/fr.wikipedia.org\/wiki\/Gare_de_Sosoye\">Wikipedia FR<\/a><\/td><\/tr><tr><td><\/td><td><a href=\"https:\/\/nl.wikipedia.org\/wiki\/Station_Sosoye\">Wikipedia NL<\/a><\/td><\/tr><tr><td><\/td><td><a href=\"https:\/\/spoorweggeschiedenis.quartam.on-rev.com\/sthpa.lc?type=dat&amp;id=1819\">Spoorweggeschidenis JP Schenkel<\/a><\/td><\/tr><tr><td><\/td><td><a href=\"https:\/\/draisines.online\/index.php\/fr\/home\/\">Les draisines de la Molign\u00e9e<\/a><\/td><\/tr><\/tbody><\/table><\/figure>\n\n\n\n<p><\/p>\n","protected":false},"excerpt":{"rendered":"<p>Mise en service Fin du service voyageurs Fin du service marchandises 29.07.1894 26.08.1962 &#8211; Le point d&rsquo;arr\u00eat de Sosoy a \u00e9t\u00e9 ouvert le 28 juillet 1894. La ligne 150 traverse le village sur un remblai: deux quais et un petit b\u00e2timent \u00e0 pans de bois avaient \u00e9t\u00e9 am\u00e9nag\u00e9s sur le haut de ce remblais. Le [&hellip;]<\/p>\n","protected":false},"author":5,"featured_media":8247,"comment_status":"closed","ping_status":"open","sticky":false,"template":"","format":"standard","meta":{"footnotes":""},"categories":[113],"tags":[],"class_list":["post-3702","post","type-post","status-publish","format-standard","has-post-thumbnail","hentry","category-ligne-150"],"_links":{"self":[{"href":"https:\/\/www.lasagadesgares.be\/wordpress\/wp-json\/wp\/v2\/posts\/3702","targetHints":{"allow":["GET"]}}],"collection":[{"href":"https:\/\/www.lasagadesgares.be\/wordpress\/wp-json\/wp\/v2\/posts"}],"about":[{"href":"https:\/\/www.lasagadesgares.be\/wordpress\/wp-json\/wp\/v2\/types\/post"}],"author":[{"embeddable":true,"href":"https:\/\/www.lasagadesgares.be\/wordpress\/wp-json\/wp\/v2\/users\/5"}],"replies":[{"embeddable":true,"href":"https:\/\/www.lasagadesgares.be\/wordpress\/wp-json\/wp\/v2\/comments?post=3702"}],"version-history":[{"count":3,"href":"https:\/\/www.lasagadesgares.be\/wordpress\/wp-json\/wp\/v2\/posts\/3702\/revisions"}],"predecessor-version":[{"id":9039,"href":"https:\/\/www.lasagadesgares.be\/wordpress\/wp-json\/wp\/v2\/posts\/3702\/revisions\/9039"}],"wp:featuredmedia":[{"embeddable":true,"href":"https:\/\/www.lasagadesgares.be\/wordpress\/wp-json\/wp\/v2\/media\/8247"}],"wp:attachment":[{"href":"https:\/\/www.lasagadesgares.be\/wordpress\/wp-json\/wp\/v2\/media?parent=3702"}],"wp:term":[{"taxonomy":"category","embeddable":true,"href":"https:\/\/www.lasagadesgares.be\/wordpress\/wp-json\/wp\/v2\/categories?post=3702"},{"taxonomy":"post_tag","embeddable":true,"href":"https:\/\/www.lasagadesgares.be\/wordpress\/wp-json\/wp\/v2\/tags?post=3702"}],"curies":[{"name":"wp","href":"https:\/\/api.w.org\/{rel}","templated":true}]}}