{"id":3699,"date":"2025-11-21T10:22:41","date_gmt":"2025-11-21T09:22:41","guid":{"rendered":"https:\/\/www.lasagadesgares.be\/wordpress\/?p=3699"},"modified":"2026-04-08T23:29:20","modified_gmt":"2026-04-08T21:29:20","slug":"denee-maredsous","status":"publish","type":"post","link":"https:\/\/www.lasagadesgares.be\/wordpress\/denee-maredsous\/","title":{"rendered":"La gare de Den\u00e9e-Maredsous"},"content":{"rendered":"\n<figure class=\"wp-block-table\"><table class=\"has-fixed-layout\"><tbody><tr><td class=\"has-text-align-center\" data-align=\"center\"><strong>Mise en service<\/strong><\/td><td class=\"has-text-align-center\" data-align=\"center\"><strong>Fin du service voyageurs<\/strong><\/td><td class=\"has-text-align-center\" data-align=\"center\"><strong>Fin du service marchandises<\/strong><\/td><\/tr><tr><td class=\"has-text-align-center\" data-align=\"center\">15.10.1890<\/td><td class=\"has-text-align-center\" data-align=\"center\">26.08.1962<\/td><td class=\"has-text-align-center\" data-align=\"center\">08.09.1964<\/td><\/tr><\/tbody><\/table><\/figure>\n\n\n\n<p>La gare de Den\u00e9e-Maredsous fut ouverte le 15 octobre 1890, sur la ligne 150. Le b\u00e2timent principal se compose d\u2019une partie centrale \u00e0 3 trav\u00e9es, avec \u00e9tage, entour\u00e9e d\u2019une partie basse \u00e0 4 trav\u00e9es et d\u2019une annexe \u00e0 3 trav\u00e9es qui abritait les toilettes. De l\u2019autre c\u00f4t\u00e9, on d\u00e9couvrait une aile basse \u00e0 3 trav\u00e9es. Une marquise recouvrait en partie le quai 1; un abri fut construit en 1912 sur le quai 2. Le b\u00e2timent a, un temps, \u00e9t\u00e9 converti en caf\u00e9-restaurant et l\u2019abri du quai 2 conserv\u00e9.<\/p>\n\n\n\n<p>Les installations en gare comprenaient, outre les 2 voies \u00e0 quai, une cour \u00e0 2 voies en cul-de-sac avec un hangar, un pont \u00e0 peser, un gabarit de chargement et une rampe de chargement. Un raccordement desservait l\u2019entreprise Jocquin.<\/p>\n\n\n\n<p>Une des 2 voies a \u00e9t\u00e9 d\u00e9pos\u00e9e pour faire place \u00e0 un RAVel et l\u2019autre est utilis\u00e9e par \u00ab&nbsp;<strong><a href=\"https:\/\/www.lasagadesgares.be\/wordpress\/falaen\/\">Les draisines de la Molign\u00e9e<\/a><\/strong>&nbsp;\u00bb.<\/p>\n\n\n\n<figure class=\"wp-block-gallery has-nested-images columns-default is-cropped wp-block-gallery-1 is-layout-flex wp-block-gallery-is-layout-flex\">\n<figure class=\"wp-block-image size-large\"><img fetchpriority=\"high\" decoding=\"async\" width=\"400\" height=\"255\" data-id=\"8253\" src=\"https:\/\/www.lasagadesgares.be\/wordpress\/wp-content\/uploads\/2025\/11\/Denee-Maredsous-03-gares-belges.jpg\" alt=\"\" class=\"wp-image-8253\" srcset=\"https:\/\/www.lasagadesgares.be\/wordpress\/wp-content\/uploads\/2025\/11\/Denee-Maredsous-03-gares-belges.jpg 400w, https:\/\/www.lasagadesgares.be\/wordpress\/wp-content\/uploads\/2025\/11\/Denee-Maredsous-03-gares-belges-300x191.jpg 300w, https:\/\/www.lasagadesgares.be\/wordpress\/wp-content\/uploads\/2025\/11\/Denee-Maredsous-03-gares-belges-1x1.jpg 1w\" sizes=\"(max-width: 400px) 100vw, 400px\" \/><\/figure>\n\n\n\n<figure class=\"wp-block-image size-large\"><img decoding=\"async\" width=\"400\" height=\"298\" data-id=\"8257\" src=\"https:\/\/www.lasagadesgares.be\/wordpress\/wp-content\/uploads\/2025\/11\/Denee-Maredsous-07-SNCB.jpg\" alt=\"\" class=\"wp-image-8257\" srcset=\"https:\/\/www.lasagadesgares.be\/wordpress\/wp-content\/uploads\/2025\/11\/Denee-Maredsous-07-SNCB.jpg 400w, https:\/\/www.lasagadesgares.be\/wordpress\/wp-content\/uploads\/2025\/11\/Denee-Maredsous-07-SNCB-300x224.jpg 300w, https:\/\/www.lasagadesgares.be\/wordpress\/wp-content\/uploads\/2025\/11\/Denee-Maredsous-07-SNCB-1x1.jpg 1w\" sizes=\"(max-width: 400px) 100vw, 400px\" \/><\/figure>\n\n\n\n<figure class=\"wp-block-image size-large\"><img decoding=\"async\" width=\"400\" height=\"299\" data-id=\"8256\" src=\"https:\/\/www.lasagadesgares.be\/wordpress\/wp-content\/uploads\/2025\/11\/Denee-Maredsous-06-SNCB.jpg\" alt=\"\" class=\"wp-image-8256\" srcset=\"https:\/\/www.lasagadesgares.be\/wordpress\/wp-content\/uploads\/2025\/11\/Denee-Maredsous-06-SNCB.jpg 400w, https:\/\/www.lasagadesgares.be\/wordpress\/wp-content\/uploads\/2025\/11\/Denee-Maredsous-06-SNCB-300x224.jpg 300w, https:\/\/www.lasagadesgares.be\/wordpress\/wp-content\/uploads\/2025\/11\/Denee-Maredsous-06-SNCB-1x1.jpg 1w\" sizes=\"(max-width: 400px) 100vw, 400px\" \/><\/figure>\n\n\n\n<figure class=\"wp-block-image size-large\"><img loading=\"lazy\" decoding=\"async\" width=\"400\" height=\"300\" data-id=\"8255\" src=\"https:\/\/www.lasagadesgares.be\/wordpress\/wp-content\/uploads\/2025\/11\/Denee-Maredsous-05-disque-Julien.jpg\" alt=\"\" class=\"wp-image-8255\" srcset=\"https:\/\/www.lasagadesgares.be\/wordpress\/wp-content\/uploads\/2025\/11\/Denee-Maredsous-05-disque-Julien.jpg 400w, https:\/\/www.lasagadesgares.be\/wordpress\/wp-content\/uploads\/2025\/11\/Denee-Maredsous-05-disque-Julien-300x225.jpg 300w, https:\/\/www.lasagadesgares.be\/wordpress\/wp-content\/uploads\/2025\/11\/Denee-Maredsous-05-disque-Julien-1x1.jpg 1w\" sizes=\"(max-width: 400px) 100vw, 400px\" \/><\/figure>\n\n\n\n<figure class=\"wp-block-image size-large\"><img loading=\"lazy\" decoding=\"async\" width=\"400\" height=\"251\" data-id=\"8259\" src=\"https:\/\/www.lasagadesgares.be\/wordpress\/wp-content\/uploads\/2025\/11\/Denee-Maredsous-09-disque-Julien.jpg\" alt=\"\" class=\"wp-image-8259\" srcset=\"https:\/\/www.lasagadesgares.be\/wordpress\/wp-content\/uploads\/2025\/11\/Denee-Maredsous-09-disque-Julien.jpg 400w, https:\/\/www.lasagadesgares.be\/wordpress\/wp-content\/uploads\/2025\/11\/Denee-Maredsous-09-disque-Julien-300x188.jpg 300w, https:\/\/www.lasagadesgares.be\/wordpress\/wp-content\/uploads\/2025\/11\/Denee-Maredsous-09-disque-Julien-1x1.jpg 1w\" sizes=\"(max-width: 400px) 100vw, 400px\" \/><\/figure>\n\n\n\n<figure class=\"wp-block-image size-large\"><img loading=\"lazy\" decoding=\"async\" width=\"400\" height=\"271\" data-id=\"8260\" src=\"https:\/\/www.lasagadesgares.be\/wordpress\/wp-content\/uploads\/2025\/11\/Denee-Maredsous-10-Disque-Julien.jpg\" alt=\"\" class=\"wp-image-8260\" srcset=\"https:\/\/www.lasagadesgares.be\/wordpress\/wp-content\/uploads\/2025\/11\/Denee-Maredsous-10-Disque-Julien.jpg 400w, https:\/\/www.lasagadesgares.be\/wordpress\/wp-content\/uploads\/2025\/11\/Denee-Maredsous-10-Disque-Julien-300x203.jpg 300w, https:\/\/www.lasagadesgares.be\/wordpress\/wp-content\/uploads\/2025\/11\/Denee-Maredsous-10-Disque-Julien-1x1.jpg 1w\" sizes=\"(max-width: 400px) 100vw, 400px\" \/><\/figure>\n\n\n\n<figure class=\"wp-block-image size-large\"><img loading=\"lazy\" decoding=\"async\" width=\"400\" height=\"300\" data-id=\"8250\" src=\"https:\/\/www.lasagadesgares.be\/wordpress\/wp-content\/uploads\/2025\/11\/Denee-Mardesous-05-disque-Julien.jpg\" alt=\"\" class=\"wp-image-8250\" srcset=\"https:\/\/www.lasagadesgares.be\/wordpress\/wp-content\/uploads\/2025\/11\/Denee-Mardesous-05-disque-Julien.jpg 400w, https:\/\/www.lasagadesgares.be\/wordpress\/wp-content\/uploads\/2025\/11\/Denee-Mardesous-05-disque-Julien-300x225.jpg 300w, https:\/\/www.lasagadesgares.be\/wordpress\/wp-content\/uploads\/2025\/11\/Denee-Mardesous-05-disque-Julien-1x1.jpg 1w\" sizes=\"(max-width: 400px) 100vw, 400px\" \/><\/figure>\n<\/figure>\n\n\n\n<figure class=\"wp-block-table is-style-regular\"><table><tbody><tr><td><strong>Sites \u00e0 consulter<\/strong><\/td><td><a href=\"https:\/\/www.garesbelges.be\/denee.htm\">Gares belges d&rsquo;autrefois<\/a><\/td><\/tr><tr><td><\/td><td><a href=\"https:\/\/fr.wikipedia.org\/wiki\/Gare_de_Den%C3%A9e-Maredsous\">Wikipedia FR<\/a><\/td><\/tr><tr><td><\/td><td><a href=\"https:\/\/nl.wikipedia.org\/wiki\/Station_Den%C3%A9e-Maredsous\">Wikipedia NL<\/a><\/td><\/tr><tr><td><\/td><td><a href=\"https:\/\/spoorweggeschiedenis.quartam.on-rev.com\/sthpa.lc?type=dat&amp;id=448\">Spoorweggeschidenis JP Schenkel<\/a><\/td><\/tr><tr><td><\/td><td><a href=\"https:\/\/draisines.online\/index.php\/fr\/home\/\">Les draisines de la Molign\u00e9e<\/a><\/td><\/tr><\/tbody><\/table><\/figure>\n\n\n\n<p><\/p>\n","protected":false},"excerpt":{"rendered":"<p>Mise en service Fin du service voyageurs Fin du service marchandises 15.10.1890 26.08.1962 08.09.1964 La gare de Den\u00e9e-Maredsous fut ouverte le 15 octobre 1890, sur la ligne 150. Le b\u00e2timent principal se compose d\u2019une partie centrale \u00e0 3 trav\u00e9es, avec \u00e9tage, entour\u00e9e d\u2019une partie basse \u00e0 4 trav\u00e9es et d\u2019une annexe \u00e0 3 trav\u00e9es qui [&hellip;]<\/p>\n","protected":false},"author":5,"featured_media":8253,"comment_status":"closed","ping_status":"open","sticky":false,"template":"","format":"standard","meta":{"footnotes":""},"categories":[51,113],"tags":[],"class_list":["post-3699","post","type-post","status-publish","format-standard","has-post-thumbnail","hentry","category-en-construction","category-ligne-150"],"_links":{"self":[{"href":"https:\/\/www.lasagadesgares.be\/wordpress\/wp-json\/wp\/v2\/posts\/3699","targetHints":{"allow":["GET"]}}],"collection":[{"href":"https:\/\/www.lasagadesgares.be\/wordpress\/wp-json\/wp\/v2\/posts"}],"about":[{"href":"https:\/\/www.lasagadesgares.be\/wordpress\/wp-json\/wp\/v2\/types\/post"}],"author":[{"embeddable":true,"href":"https:\/\/www.lasagadesgares.be\/wordpress\/wp-json\/wp\/v2\/users\/5"}],"replies":[{"embeddable":true,"href":"https:\/\/www.lasagadesgares.be\/wordpress\/wp-json\/wp\/v2\/comments?post=3699"}],"version-history":[{"count":3,"href":"https:\/\/www.lasagadesgares.be\/wordpress\/wp-json\/wp\/v2\/posts\/3699\/revisions"}],"predecessor-version":[{"id":9041,"href":"https:\/\/www.lasagadesgares.be\/wordpress\/wp-json\/wp\/v2\/posts\/3699\/revisions\/9041"}],"wp:featuredmedia":[{"embeddable":true,"href":"https:\/\/www.lasagadesgares.be\/wordpress\/wp-json\/wp\/v2\/media\/8253"}],"wp:attachment":[{"href":"https:\/\/www.lasagadesgares.be\/wordpress\/wp-json\/wp\/v2\/media?parent=3699"}],"wp:term":[{"taxonomy":"category","embeddable":true,"href":"https:\/\/www.lasagadesgares.be\/wordpress\/wp-json\/wp\/v2\/categories?post=3699"},{"taxonomy":"post_tag","embeddable":true,"href":"https:\/\/www.lasagadesgares.be\/wordpress\/wp-json\/wp\/v2\/tags?post=3699"}],"curies":[{"name":"wp","href":"https:\/\/api.w.org\/{rel}","templated":true}]}}