{"id":3694,"date":"2025-11-21T10:13:58","date_gmt":"2025-11-21T09:13:58","guid":{"rendered":"https:\/\/www.lasagadesgares.be\/wordpress\/?p=3694"},"modified":"2026-04-08T23:40:15","modified_gmt":"2026-04-08T21:40:15","slug":"ermeton-sur-biert","status":"publish","type":"post","link":"https:\/\/www.lasagadesgares.be\/wordpress\/ermeton-sur-biert\/","title":{"rendered":"La gare d&rsquo;Ermeton-sur-Biert"},"content":{"rendered":"\n<figure class=\"wp-block-table\"><table class=\"has-fixed-layout\"><tbody><tr><td class=\"has-text-align-center\" data-align=\"center\"><strong>Mise en service<\/strong><\/td><td class=\"has-text-align-center\" data-align=\"center\"><strong>Fin du service voyageurs<\/strong><\/td><td class=\"has-text-align-center\" data-align=\"center\"><strong>Fin du service marchandises<\/strong><\/td><\/tr><tr><td class=\"has-text-align-center\" data-align=\"center\">03.01.1889<\/td><td class=\"has-text-align-center\" data-align=\"center\">30.09.1962<\/td><td class=\"has-text-align-center\" data-align=\"center\">1972<\/td><\/tr><\/tbody><\/table><\/figure>\n\n\n\n<p>La gare d\u2019Ermeton-sur-Biert, situ\u00e9e dans la partie sup\u00e9rieure de la Molign\u00e9e, a \u00e9t\u00e9 ouverte le 15 octobre 1890 sur la ligne 150 sous la d\u00e9nomination \u00ab\u00a0Ermeton-Funaux\u00a0\u00bb. En 1895, elle est devenue gare de bifurcation avec la ligne 136A vers Florennes. La gare d\u2019Ermeton-sur-Biert fut ferm\u00e9e le 26 ao\u00fbt 1962 \u00e0 la suite de la suppression du service des voyageurs. <\/p>\n\n\n\n<p>Le b\u00e2timent principal, de type \u00ab&nbsp;Etat belge&nbsp;\u00bb, \u00e9tait constitu\u00e9 d\u2019une partie centrale \u00e0 3 trav\u00e9es avec \u00e9tage entour\u00e9e d\u2019une aile basse \u00e0 4 trav\u00e9es et d\u2019une aile basse \u00e0 3 trav\u00e9es, avec une annexe pour les toilettes. Une marquise recouvrait, en partie, le quai 1. Un petit b\u00e2timent servait d\u2019abri sur le quai 2. Le b\u00e2timent principal a \u00e9t\u00e9 d\u00e9moli pour faire place \u00e0 un d\u00e9p\u00f4t de bus du TEC. <\/p>\n\n\n\n<p>Les installations en gare comprenaient, outre les 2 voies \u00e0 quai pour les voyageurs, une cour \u00e0 2 voies en cul-de-sac dont une avec rampe de chargement.<\/p>\n\n\n\n<figure class=\"wp-block-gallery has-nested-images columns-default is-cropped wp-block-gallery-1 is-layout-flex wp-block-gallery-is-layout-flex\">\n<figure class=\"wp-block-image size-large\"><img fetchpriority=\"high\" decoding=\"async\" width=\"400\" height=\"230\" data-id=\"8280\" src=\"https:\/\/www.lasagadesgares.be\/wordpress\/wp-content\/uploads\/2025\/11\/ermeton_sur_biert_001.jpg\" alt=\"\" class=\"wp-image-8280\" srcset=\"https:\/\/www.lasagadesgares.be\/wordpress\/wp-content\/uploads\/2025\/11\/ermeton_sur_biert_001.jpg 400w, https:\/\/www.lasagadesgares.be\/wordpress\/wp-content\/uploads\/2025\/11\/ermeton_sur_biert_001-300x173.jpg 300w, https:\/\/www.lasagadesgares.be\/wordpress\/wp-content\/uploads\/2025\/11\/ermeton_sur_biert_001-1x1.jpg 1w\" sizes=\"(max-width: 400px) 100vw, 400px\" \/><\/figure>\n\n\n\n<figure class=\"wp-block-image size-large\"><img decoding=\"async\" width=\"400\" height=\"261\" data-id=\"8281\" src=\"https:\/\/www.lasagadesgares.be\/wordpress\/wp-content\/uploads\/2025\/11\/ermeton_sur_biert_002.jpg\" alt=\"\" class=\"wp-image-8281\" srcset=\"https:\/\/www.lasagadesgares.be\/wordpress\/wp-content\/uploads\/2025\/11\/ermeton_sur_biert_002.jpg 400w, https:\/\/www.lasagadesgares.be\/wordpress\/wp-content\/uploads\/2025\/11\/ermeton_sur_biert_002-300x196.jpg 300w, https:\/\/www.lasagadesgares.be\/wordpress\/wp-content\/uploads\/2025\/11\/ermeton_sur_biert_002-1x1.jpg 1w\" sizes=\"(max-width: 400px) 100vw, 400px\" \/><\/figure>\n\n\n\n<figure class=\"wp-block-image size-large\"><img decoding=\"async\" width=\"400\" height=\"279\" data-id=\"8274\" src=\"https:\/\/www.lasagadesgares.be\/wordpress\/wp-content\/uploads\/2025\/11\/Ermeton-sur-Bier-05-disque-Julien.jpg\" alt=\"\" class=\"wp-image-8274\" srcset=\"https:\/\/www.lasagadesgares.be\/wordpress\/wp-content\/uploads\/2025\/11\/Ermeton-sur-Bier-05-disque-Julien.jpg 400w, https:\/\/www.lasagadesgares.be\/wordpress\/wp-content\/uploads\/2025\/11\/Ermeton-sur-Bier-05-disque-Julien-300x209.jpg 300w, https:\/\/www.lasagadesgares.be\/wordpress\/wp-content\/uploads\/2025\/11\/Ermeton-sur-Bier-05-disque-Julien-1x1.jpg 1w\" sizes=\"(max-width: 400px) 100vw, 400px\" \/><\/figure>\n\n\n\n<figure class=\"wp-block-image size-large\"><img loading=\"lazy\" decoding=\"async\" width=\"400\" height=\"300\" data-id=\"8283\" src=\"https:\/\/www.lasagadesgares.be\/wordpress\/wp-content\/uploads\/2025\/11\/ermeton_sur_biert_008.jpg\" alt=\"\" class=\"wp-image-8283\" srcset=\"https:\/\/www.lasagadesgares.be\/wordpress\/wp-content\/uploads\/2025\/11\/ermeton_sur_biert_008.jpg 400w, https:\/\/www.lasagadesgares.be\/wordpress\/wp-content\/uploads\/2025\/11\/ermeton_sur_biert_008-300x225.jpg 300w, https:\/\/www.lasagadesgares.be\/wordpress\/wp-content\/uploads\/2025\/11\/ermeton_sur_biert_008-1x1.jpg 1w\" sizes=\"(max-width: 400px) 100vw, 400px\" \/><\/figure>\n<\/figure>\n\n\n\n<figure class=\"wp-block-table is-style-regular\"><table><tbody><tr><td><strong>Sites \u00e0 consulter<\/strong><\/td><td><a href=\"https:\/\/www.garesbelges.be\/ermeton.htm\">Gares belges d&rsquo;autrefois<\/a><\/td><\/tr><tr><td><\/td><td><a href=\"https:\/\/fr.wikipedia.org\/wiki\/Gare_d%27Ermeton-sur-Biert\">Wikipedia FR<\/a><\/td><\/tr><tr><td><\/td><td><a href=\"https:\/\/nl.wikipedia.org\/wiki\/Station_Ermeton-sur-Biert\">Wikipedia NL<\/a><\/td><\/tr><tr><td><\/td><td><a href=\"https:\/\/spoorweggeschiedenis.quartam.on-rev.com\/sthpa.lc?type=dat&amp;id=534\">Spoorweggeschidenis JP Schenkel<\/a><\/td><\/tr><\/tbody><\/table><\/figure>\n\n\n\n<p><\/p>\n","protected":false},"excerpt":{"rendered":"<p>Mise en service Fin du service voyageurs Fin du service marchandises 03.01.1889 30.09.1962 1972 La gare d\u2019Ermeton-sur-Biert, situ\u00e9e dans la partie sup\u00e9rieure de la Molign\u00e9e, a \u00e9t\u00e9 ouverte le 15 octobre 1890 sur la ligne 150 sous la d\u00e9nomination \u00ab\u00a0Ermeton-Funaux\u00a0\u00bb. En 1895, elle est devenue gare de bifurcation avec la ligne 136A vers Florennes. La [&hellip;]<\/p>\n","protected":false},"author":5,"featured_media":8281,"comment_status":"closed","ping_status":"open","sticky":false,"template":"","format":"standard","meta":{"footnotes":""},"categories":[114,113],"tags":[],"class_list":["post-3694","post","type-post","status-publish","format-standard","has-post-thumbnail","hentry","category-ligne-136a","category-ligne-150"],"_links":{"self":[{"href":"https:\/\/www.lasagadesgares.be\/wordpress\/wp-json\/wp\/v2\/posts\/3694","targetHints":{"allow":["GET"]}}],"collection":[{"href":"https:\/\/www.lasagadesgares.be\/wordpress\/wp-json\/wp\/v2\/posts"}],"about":[{"href":"https:\/\/www.lasagadesgares.be\/wordpress\/wp-json\/wp\/v2\/types\/post"}],"author":[{"embeddable":true,"href":"https:\/\/www.lasagadesgares.be\/wordpress\/wp-json\/wp\/v2\/users\/5"}],"replies":[{"embeddable":true,"href":"https:\/\/www.lasagadesgares.be\/wordpress\/wp-json\/wp\/v2\/comments?post=3694"}],"version-history":[{"count":3,"href":"https:\/\/www.lasagadesgares.be\/wordpress\/wp-json\/wp\/v2\/posts\/3694\/revisions"}],"predecessor-version":[{"id":9045,"href":"https:\/\/www.lasagadesgares.be\/wordpress\/wp-json\/wp\/v2\/posts\/3694\/revisions\/9045"}],"wp:featuredmedia":[{"embeddable":true,"href":"https:\/\/www.lasagadesgares.be\/wordpress\/wp-json\/wp\/v2\/media\/8281"}],"wp:attachment":[{"href":"https:\/\/www.lasagadesgares.be\/wordpress\/wp-json\/wp\/v2\/media?parent=3694"}],"wp:term":[{"taxonomy":"category","embeddable":true,"href":"https:\/\/www.lasagadesgares.be\/wordpress\/wp-json\/wp\/v2\/categories?post=3694"},{"taxonomy":"post_tag","embeddable":true,"href":"https:\/\/www.lasagadesgares.be\/wordpress\/wp-json\/wp\/v2\/tags?post=3694"}],"curies":[{"name":"wp","href":"https:\/\/api.w.org\/{rel}","templated":true}]}}