{"id":3691,"date":"2025-11-21T10:03:19","date_gmt":"2025-11-21T09:03:19","guid":{"rendered":"https:\/\/www.lasagadesgares.be\/wordpress\/?p=3691"},"modified":"2026-04-09T00:03:01","modified_gmt":"2026-04-08T22:03:01","slug":"furnaux","status":"publish","type":"post","link":"https:\/\/www.lasagadesgares.be\/wordpress\/furnaux\/","title":{"rendered":"Le point d&rsquo;arr\u00eat de Furnaux"},"content":{"rendered":"\n<figure class=\"wp-block-table\"><table class=\"has-fixed-layout\"><tbody><tr><td class=\"has-text-align-center\" data-align=\"center\"><strong>Mise en service<\/strong><\/td><td class=\"has-text-align-center\" data-align=\"center\"><strong>Fin du service voyageurs<\/strong><\/td><td class=\"has-text-align-center\" data-align=\"center\"><strong>Fin du service marchandises<\/strong><\/td><\/tr><tr><td class=\"has-text-align-center\" data-align=\"center\">01.10.1893<\/td><td class=\"has-text-align-center\" data-align=\"center\">30.09.1962<\/td><td class=\"has-text-align-center\" data-align=\"center\"><\/td><\/tr><\/tbody><\/table><\/figure>\n\n\n\n<p>Il a \u00e9t\u00e9 ouvert en 1893 et ferm\u00e9 le 30 septembre 1962 suite \u00e0 la suppression du trafic voyageur sur la ligne.<\/p>\n\n\n\n<p><a><\/a> Les installations se limitaient \u00e0 1 quai sur chaque voie et une maisonnette de garde barri\u00e8re au PN 13.<\/p>\n\n\n\n<p>De nos jours l\u2019assiette de la ligne a \u00e9t\u00e9 convertie en RAVel et la maisonnette est devenue une habitation priv\u00e9e.<\/p>\n\n\n\n<figure class=\"wp-block-table is-style-regular\"><table><tbody><tr><td><strong>Sites \u00e0 consulter<\/strong><\/td><td><a href=\"https:\/\/www.garesbelges.be\/furnaux.htm\">Gares belges d&rsquo;autrefois<\/a><\/td><\/tr><tr><td><\/td><td><a href=\"https:\/\/spoorweggeschiedenis.quartam.on-rev.com\/sthpa.lc?type=dat&amp;id=636\">Spoorweggeschidenis JP Schenkel<\/a><\/td><\/tr><\/tbody><\/table><\/figure>\n\n\n\n<p><\/p>\n","protected":false},"excerpt":{"rendered":"<p>Mise en service Fin du service voyageurs Fin du service marchandises 01.10.1893 30.09.1962 Il a \u00e9t\u00e9 ouvert en 1893 et ferm\u00e9 le 30 septembre 1962 suite \u00e0 la suppression du trafic voyageur sur la ligne. Les installations se limitaient \u00e0 1 quai sur chaque voie et une maisonnette de garde barri\u00e8re au PN 13. De [&hellip;]<\/p>\n","protected":false},"author":5,"featured_media":9047,"comment_status":"closed","ping_status":"open","sticky":false,"template":"","format":"standard","meta":{"footnotes":""},"categories":[51,113],"tags":[],"class_list":["post-3691","post","type-post","status-publish","format-standard","has-post-thumbnail","hentry","category-en-construction","category-ligne-150"],"_links":{"self":[{"href":"https:\/\/www.lasagadesgares.be\/wordpress\/wp-json\/wp\/v2\/posts\/3691","targetHints":{"allow":["GET"]}}],"collection":[{"href":"https:\/\/www.lasagadesgares.be\/wordpress\/wp-json\/wp\/v2\/posts"}],"about":[{"href":"https:\/\/www.lasagadesgares.be\/wordpress\/wp-json\/wp\/v2\/types\/post"}],"author":[{"embeddable":true,"href":"https:\/\/www.lasagadesgares.be\/wordpress\/wp-json\/wp\/v2\/users\/5"}],"replies":[{"embeddable":true,"href":"https:\/\/www.lasagadesgares.be\/wordpress\/wp-json\/wp\/v2\/comments?post=3691"}],"version-history":[{"count":3,"href":"https:\/\/www.lasagadesgares.be\/wordpress\/wp-json\/wp\/v2\/posts\/3691\/revisions"}],"predecessor-version":[{"id":9048,"href":"https:\/\/www.lasagadesgares.be\/wordpress\/wp-json\/wp\/v2\/posts\/3691\/revisions\/9048"}],"wp:featuredmedia":[{"embeddable":true,"href":"https:\/\/www.lasagadesgares.be\/wordpress\/wp-json\/wp\/v2\/media\/9047"}],"wp:attachment":[{"href":"https:\/\/www.lasagadesgares.be\/wordpress\/wp-json\/wp\/v2\/media?parent=3691"}],"wp:term":[{"taxonomy":"category","embeddable":true,"href":"https:\/\/www.lasagadesgares.be\/wordpress\/wp-json\/wp\/v2\/categories?post=3691"},{"taxonomy":"post_tag","embeddable":true,"href":"https:\/\/www.lasagadesgares.be\/wordpress\/wp-json\/wp\/v2\/tags?post=3691"}],"curies":[{"name":"wp","href":"https:\/\/api.w.org\/{rel}","templated":true}]}}