{"id":3674,"date":"2025-11-21T00:12:32","date_gmt":"2025-11-20T23:12:32","guid":{"rendered":"https:\/\/www.lasagadesgares.be\/wordpress\/?p=3674"},"modified":"2026-04-09T10:36:44","modified_gmt":"2026-04-09T08:36:44","slug":"fosses-la-ville","status":"publish","type":"post","link":"https:\/\/www.lasagadesgares.be\/wordpress\/fosses-la-ville\/","title":{"rendered":"La gare de Fosses-la-Ville"},"content":{"rendered":"\n<figure class=\"wp-block-table\"><table class=\"has-fixed-layout\"><tbody><tr><td class=\"has-text-align-center\" data-align=\"center\"><strong>Mise en service<\/strong><\/td><td class=\"has-text-align-center\" data-align=\"center\"><strong>Fin du service voyageurs<\/strong><\/td><td class=\"has-text-align-center\" data-align=\"center\"><strong>Fin du service marchandises<\/strong><\/td><\/tr><tr><td class=\"has-text-align-center\" data-align=\"center\">03.09.1879<\/td><td class=\"has-text-align-center\" data-align=\"center\">30.09.1962<\/td><td class=\"has-text-align-center\" data-align=\"center\">1978<\/td><\/tr><\/tbody><\/table><\/figure>\n\n\n\n<p>Elle a \u00e9t\u00e9 ouverte le 3 septembre 1879. Le trafic voyageur a cess\u00e9 sur la ligne le 30 septembre 1962 et le trafic marchandise en 1978.<\/p>\n\n\n\n<p>Les installations comprenaient&nbsp;: pour les voyageurs, 2 voies \u00e0 quai et pour les marchandises, une cour \u00e0 une voie en cul de sac avec un hangar. Un raccordement desservait l\u2019entreprise Decoux.<\/p>\n\n\n\n<p>Le b\u00e2timent principal est une construction de type \u00ab&nbsp;Etat belge&nbsp;\u00bb et se compose d\u2019une partie centrale \u00e0 3 trav\u00e9es avec \u00e9tage, entour\u00e9e d\u2019une aile basse \u00e0 4 trav\u00e9es et d\u2019une aile basse \u00e0 une trav\u00e9e avec une annexe \u00e0 toit plat et un pavillon pour les toilettes.<\/p>\n\n\n\n<p>Il a \u00e9t\u00e9 r\u00e9nov\u00e9 et h\u00e9berge le \u00ab&nbsp;Centre d\u2019interpr\u00e9tation du patrimoine ReGare&nbsp;\u00bb consacr\u00e9 \u00e0 l\u2019histoire de Fosse-la-Ville et de sa r\u00e9gion.<\/p>\n\n\n\n<p>L\u2019assiette de la ligne a \u00e9t\u00e9 transform\u00e9e en RAVeL.<\/p>\n\n\n\n<figure class=\"wp-block-gallery has-nested-images columns-default is-cropped wp-block-gallery-1 is-layout-flex wp-block-gallery-is-layout-flex\">\n<figure class=\"wp-block-image size-large\"><img fetchpriority=\"high\" decoding=\"async\" width=\"400\" height=\"261\" data-id=\"9078\" src=\"https:\/\/www.lasagadesgares.be\/wordpress\/wp-content\/uploads\/2025\/11\/Fosse-la-Ville-07-Ch-Quistwater.jpg\" alt=\"\" class=\"wp-image-9078\" srcset=\"https:\/\/www.lasagadesgares.be\/wordpress\/wp-content\/uploads\/2025\/11\/Fosse-la-Ville-07-Ch-Quistwater.jpg 400w, https:\/\/www.lasagadesgares.be\/wordpress\/wp-content\/uploads\/2025\/11\/Fosse-la-Ville-07-Ch-Quistwater-300x196.jpg 300w, https:\/\/www.lasagadesgares.be\/wordpress\/wp-content\/uploads\/2025\/11\/Fosse-la-Ville-07-Ch-Quistwater-1x1.jpg 1w\" sizes=\"(max-width: 400px) 100vw, 400px\" \/><\/figure>\n\n\n\n<figure class=\"wp-block-image size-large\"><img decoding=\"async\" width=\"400\" height=\"253\" data-id=\"9082\" src=\"https:\/\/www.lasagadesgares.be\/wordpress\/wp-content\/uploads\/2025\/11\/Fosse-la-Ville-02-Thierri-Heylens.jpg\" alt=\"\" class=\"wp-image-9082\" srcset=\"https:\/\/www.lasagadesgares.be\/wordpress\/wp-content\/uploads\/2025\/11\/Fosse-la-Ville-02-Thierri-Heylens.jpg 400w, https:\/\/www.lasagadesgares.be\/wordpress\/wp-content\/uploads\/2025\/11\/Fosse-la-Ville-02-Thierri-Heylens-300x190.jpg 300w, https:\/\/www.lasagadesgares.be\/wordpress\/wp-content\/uploads\/2025\/11\/Fosse-la-Ville-02-Thierri-Heylens-1x1.jpg 1w\" sizes=\"(max-width: 400px) 100vw, 400px\" \/><\/figure>\n\n\n\n<figure class=\"wp-block-image size-large\"><img decoding=\"async\" width=\"400\" height=\"239\" data-id=\"9083\" src=\"https:\/\/www.lasagadesgares.be\/wordpress\/wp-content\/uploads\/2025\/11\/Fosse-la-Ville-03-Thierri-Heylens.jpg\" alt=\"\" class=\"wp-image-9083\" srcset=\"https:\/\/www.lasagadesgares.be\/wordpress\/wp-content\/uploads\/2025\/11\/Fosse-la-Ville-03-Thierri-Heylens.jpg 400w, https:\/\/www.lasagadesgares.be\/wordpress\/wp-content\/uploads\/2025\/11\/Fosse-la-Ville-03-Thierri-Heylens-300x179.jpg 300w, https:\/\/www.lasagadesgares.be\/wordpress\/wp-content\/uploads\/2025\/11\/Fosse-la-Ville-03-Thierri-Heylens-1x1.jpg 1w\" sizes=\"(max-width: 400px) 100vw, 400px\" \/><\/figure>\n\n\n\n<figure class=\"wp-block-image size-large\"><img loading=\"lazy\" decoding=\"async\" width=\"400\" height=\"260\" data-id=\"9081\" src=\"https:\/\/www.lasagadesgares.be\/wordpress\/wp-content\/uploads\/2025\/11\/Fosse-la-Ville-04-Thierri-Heylens.jpg\" alt=\"\" class=\"wp-image-9081\" srcset=\"https:\/\/www.lasagadesgares.be\/wordpress\/wp-content\/uploads\/2025\/11\/Fosse-la-Ville-04-Thierri-Heylens.jpg 400w, https:\/\/www.lasagadesgares.be\/wordpress\/wp-content\/uploads\/2025\/11\/Fosse-la-Ville-04-Thierri-Heylens-300x195.jpg 300w, https:\/\/www.lasagadesgares.be\/wordpress\/wp-content\/uploads\/2025\/11\/Fosse-la-Ville-04-Thierri-Heylens-1x1.jpg 1w\" sizes=\"(max-width: 400px) 100vw, 400px\" \/><figcaption class=\"wp-element-caption\">Fosse<\/figcaption><\/figure>\n\n\n\n<figure class=\"wp-block-image size-large\"><img loading=\"lazy\" decoding=\"async\" width=\"400\" height=\"254\" data-id=\"9080\" src=\"https:\/\/www.lasagadesgares.be\/wordpress\/wp-content\/uploads\/2025\/11\/Fosse-la-Ville-06-gares-belges.jpg\" alt=\"\" class=\"wp-image-9080\" srcset=\"https:\/\/www.lasagadesgares.be\/wordpress\/wp-content\/uploads\/2025\/11\/Fosse-la-Ville-06-gares-belges.jpg 400w, https:\/\/www.lasagadesgares.be\/wordpress\/wp-content\/uploads\/2025\/11\/Fosse-la-Ville-06-gares-belges-300x191.jpg 300w, https:\/\/www.lasagadesgares.be\/wordpress\/wp-content\/uploads\/2025\/11\/Fosse-la-Ville-06-gares-belges-1x1.jpg 1w\" sizes=\"(max-width: 400px) 100vw, 400px\" \/><\/figure>\n\n\n\n<figure class=\"wp-block-image size-large\"><img loading=\"lazy\" decoding=\"async\" width=\"400\" height=\"267\" data-id=\"9079\" src=\"https:\/\/www.lasagadesgares.be\/wordpress\/wp-content\/uploads\/2025\/11\/Fosse-la-Ville-08-Ch-Quistwater.jpg\" alt=\"\" class=\"wp-image-9079\" srcset=\"https:\/\/www.lasagadesgares.be\/wordpress\/wp-content\/uploads\/2025\/11\/Fosse-la-Ville-08-Ch-Quistwater.jpg 400w, https:\/\/www.lasagadesgares.be\/wordpress\/wp-content\/uploads\/2025\/11\/Fosse-la-Ville-08-Ch-Quistwater-300x200.jpg 300w, https:\/\/www.lasagadesgares.be\/wordpress\/wp-content\/uploads\/2025\/11\/Fosse-la-Ville-08-Ch-Quistwater-1x1.jpg 1w\" sizes=\"(max-width: 400px) 100vw, 400px\" \/><\/figure>\n<\/figure>\n\n\n\n<figure class=\"wp-block-table is-style-regular\"><table><tbody><tr><td><strong>Sites \u00e0 consulter<\/strong><\/td><td><a href=\"https:\/\/www.garesbelges.be\/fosses_la_ville.htm\">Gares belges d&rsquo;autrefois<\/a><\/td><\/tr><tr><td><\/td><td><a href=\"https:\/\/fr.wikipedia.org\/wiki\/Gare_de_Fosses-la-Ville\">Wikipedia FR<\/a><\/td><\/tr><tr><td><\/td><td><a href=\"https:\/\/nl.wikipedia.org\/wiki\/Station_Fosses-la-Ville\">Wikipedia NL<\/a><\/td><\/tr><tr><td><\/td><td><a href=\"https:\/\/spoorweggeschiedenis.quartam.on-rev.com\/sthpa.lc?type=dat&amp;id=606\">Spoorweggeschidenis JP Schenkel<\/a><\/td><\/tr><\/tbody><\/table><\/figure>\n\n\n\n<p><\/p>\n","protected":false},"excerpt":{"rendered":"<p>Mise en service Fin du service voyageurs Fin du service marchandises 03.09.1879 30.09.1962 1978 Elle a \u00e9t\u00e9 ouverte le 3 septembre 1879. Le trafic voyageur a cess\u00e9 sur la ligne le 30 septembre 1962 et le trafic marchandise en 1978. Les installations comprenaient&nbsp;: pour les voyageurs, 2 voies \u00e0 quai et pour les marchandises, une [&hellip;]<\/p>\n","protected":false},"author":5,"featured_media":9085,"comment_status":"closed","ping_status":"open","sticky":false,"template":"","format":"standard","meta":{"footnotes":""},"categories":[51,113],"tags":[],"class_list":["post-3674","post","type-post","status-publish","format-standard","has-post-thumbnail","hentry","category-en-construction","category-ligne-150"],"_links":{"self":[{"href":"https:\/\/www.lasagadesgares.be\/wordpress\/wp-json\/wp\/v2\/posts\/3674","targetHints":{"allow":["GET"]}}],"collection":[{"href":"https:\/\/www.lasagadesgares.be\/wordpress\/wp-json\/wp\/v2\/posts"}],"about":[{"href":"https:\/\/www.lasagadesgares.be\/wordpress\/wp-json\/wp\/v2\/types\/post"}],"author":[{"embeddable":true,"href":"https:\/\/www.lasagadesgares.be\/wordpress\/wp-json\/wp\/v2\/users\/5"}],"replies":[{"embeddable":true,"href":"https:\/\/www.lasagadesgares.be\/wordpress\/wp-json\/wp\/v2\/comments?post=3674"}],"version-history":[{"count":2,"href":"https:\/\/www.lasagadesgares.be\/wordpress\/wp-json\/wp\/v2\/posts\/3674\/revisions"}],"predecessor-version":[{"id":9086,"href":"https:\/\/www.lasagadesgares.be\/wordpress\/wp-json\/wp\/v2\/posts\/3674\/revisions\/9086"}],"wp:featuredmedia":[{"embeddable":true,"href":"https:\/\/www.lasagadesgares.be\/wordpress\/wp-json\/wp\/v2\/media\/9085"}],"wp:attachment":[{"href":"https:\/\/www.lasagadesgares.be\/wordpress\/wp-json\/wp\/v2\/media?parent=3674"}],"wp:term":[{"taxonomy":"category","embeddable":true,"href":"https:\/\/www.lasagadesgares.be\/wordpress\/wp-json\/wp\/v2\/categories?post=3674"},{"taxonomy":"post_tag","embeddable":true,"href":"https:\/\/www.lasagadesgares.be\/wordpress\/wp-json\/wp\/v2\/tags?post=3674"}],"curies":[{"name":"wp","href":"https:\/\/api.w.org\/{rel}","templated":true}]}}