{"id":3672,"date":"2025-11-21T00:09:47","date_gmt":"2025-11-20T23:09:47","guid":{"rendered":"https:\/\/www.lasagadesgares.be\/wordpress\/?p=3672"},"modified":"2026-04-09T10:47:34","modified_gmt":"2026-04-09T08:47:34","slug":"aisemont","status":"publish","type":"post","link":"https:\/\/www.lasagadesgares.be\/wordpress\/aisemont\/","title":{"rendered":"La gare d&rsquo;Aisemont"},"content":{"rendered":"\n<figure class=\"wp-block-table\"><table class=\"has-fixed-layout\"><tbody><tr><td class=\"has-text-align-center\" data-align=\"center\"><strong>Mise en service<\/strong><\/td><td class=\"has-text-align-center\" data-align=\"center\"><strong>Fin du service voyageurs<\/strong><\/td><td class=\"has-text-align-center\" data-align=\"center\"><strong>Fin du service marchandises<\/strong><\/td><\/tr><tr><td class=\"has-text-align-center\" data-align=\"center\">01.08.1885<\/td><td class=\"has-text-align-center\" data-align=\"center\">30.09.1962<\/td><td class=\"has-text-align-center\" data-align=\"center\">&#8211;<\/td><\/tr><\/tbody><\/table><\/figure>\n\n\n\n<p>Lors de l\u2019ouverture de la ligne 150 le 3 septembre 1879 un point d\u2019arr\u00eat d\u00e9nomm\u00e9 Claminforge a \u00e9t\u00e9 ouvert \u00e0 Aisemont. Il fera place \u00e0 la gare d\u2019Aisemont le 1<sup>er<\/sup> ao\u00fbt 1885.<\/p>\n\n\n\n<p>Les installations comprenaient&nbsp;: pour les voyageurs, 2 voies \u00e0 quai et pour les marchandises, une cour \u00e0 1 voie \u00e0 double issue et une voie en cul de sac. Deux raccordements desservaient les Ets. Moreau et les Carri\u00e8res et fours \u00e0 chaux d\u2019Aisemont.<\/p>\n\n\n\n<p>Le b\u00e2timent principal comprenait une partie centrale \u00e0 4 trav\u00e9es avec \u00e9tage entour\u00e9e d\u2019une aile basse \u00e0 6 trav\u00e9es et une aile \u00e0 une trav\u00e9e \u00e0 toit plat contig\u00fce au pavillon des toilettes.<\/p>\n\n\n\n<p>Il a \u00e9t\u00e9 d\u00e9moli. Le site de la gare est occup\u00e9 par Carmeuse. Un projet de desserte ferroviaire est \u00e0 l\u2019\u00e9tude.<\/p>\n\n\n\n<p>Le trafic voyageur a \u00e9t\u00e9 supprim\u00e9 le 3 septembre 1962<\/p>\n\n\n\n<figure class=\"wp-block-gallery has-nested-images columns-default is-cropped wp-block-gallery-1 is-layout-flex wp-block-gallery-is-layout-flex\">\n<figure class=\"wp-block-image size-large\"><img fetchpriority=\"high\" decoding=\"async\" width=\"400\" height=\"262\" data-id=\"9089\" src=\"https:\/\/www.lasagadesgares.be\/wordpress\/wp-content\/uploads\/2025\/11\/Aisemont-01-disque-Julien.jpg\" alt=\"\" class=\"wp-image-9089\" srcset=\"https:\/\/www.lasagadesgares.be\/wordpress\/wp-content\/uploads\/2025\/11\/Aisemont-01-disque-Julien.jpg 400w, https:\/\/www.lasagadesgares.be\/wordpress\/wp-content\/uploads\/2025\/11\/Aisemont-01-disque-Julien-300x197.jpg 300w, https:\/\/www.lasagadesgares.be\/wordpress\/wp-content\/uploads\/2025\/11\/Aisemont-01-disque-Julien-1x1.jpg 1w\" sizes=\"(max-width: 400px) 100vw, 400px\" \/><\/figure>\n\n\n\n<figure class=\"wp-block-image size-large\"><img decoding=\"async\" width=\"400\" height=\"257\" data-id=\"9090\" src=\"https:\/\/www.lasagadesgares.be\/wordpress\/wp-content\/uploads\/2025\/11\/Aisemont-02-disque-Julien.jpg\" alt=\"\" class=\"wp-image-9090\" srcset=\"https:\/\/www.lasagadesgares.be\/wordpress\/wp-content\/uploads\/2025\/11\/Aisemont-02-disque-Julien.jpg 400w, https:\/\/www.lasagadesgares.be\/wordpress\/wp-content\/uploads\/2025\/11\/Aisemont-02-disque-Julien-300x193.jpg 300w, https:\/\/www.lasagadesgares.be\/wordpress\/wp-content\/uploads\/2025\/11\/Aisemont-02-disque-Julien-1x1.jpg 1w\" sizes=\"(max-width: 400px) 100vw, 400px\" \/><\/figure>\n\n\n\n<figure class=\"wp-block-image size-large\"><img decoding=\"async\" width=\"400\" height=\"269\" data-id=\"9091\" src=\"https:\/\/www.lasagadesgares.be\/wordpress\/wp-content\/uploads\/2025\/11\/Aisemont-03-Thierri-Heylens.jpg\" alt=\"\" class=\"wp-image-9091\" srcset=\"https:\/\/www.lasagadesgares.be\/wordpress\/wp-content\/uploads\/2025\/11\/Aisemont-03-Thierri-Heylens.jpg 400w, https:\/\/www.lasagadesgares.be\/wordpress\/wp-content\/uploads\/2025\/11\/Aisemont-03-Thierri-Heylens-300x202.jpg 300w, https:\/\/www.lasagadesgares.be\/wordpress\/wp-content\/uploads\/2025\/11\/Aisemont-03-Thierri-Heylens-1x1.jpg 1w\" sizes=\"(max-width: 400px) 100vw, 400px\" \/><\/figure>\n<\/figure>\n\n\n\n<figure class=\"wp-block-table is-style-regular\"><table><tbody><tr><td><strong>Sites \u00e0 consulter<\/strong><\/td><td><a href=\"https:\/\/www.garesbelges.be\/aisemont.htm\">Gares belges d&rsquo;autrefois<\/a><\/td><\/tr><tr><td><\/td><td><a href=\"https:\/\/fr.wikipedia.org\/wiki\/Gare_d%27Aisemont\">Wikipedia FR<\/a><\/td><\/tr><tr><td><\/td><td><a href=\"https:\/\/spoorweggeschiedenis.quartam.on-rev.com\/sthpa.lc?type=dat&amp;id=21\">Spoorweggeschidenis JP Schenkel<\/a><\/td><\/tr><\/tbody><\/table><\/figure>\n\n\n\n<p><\/p>\n","protected":false},"excerpt":{"rendered":"<p>Mise en service Fin du service voyageurs Fin du service marchandises 01.08.1885 30.09.1962 &#8211; Lors de l\u2019ouverture de la ligne 150 le 3 septembre 1879 un point d\u2019arr\u00eat d\u00e9nomm\u00e9 Claminforge a \u00e9t\u00e9 ouvert \u00e0 Aisemont. Il fera place \u00e0 la gare d\u2019Aisemont le 1er ao\u00fbt 1885. Les installations comprenaient&nbsp;: pour les voyageurs, 2 voies \u00e0 [&hellip;]<\/p>\n","protected":false},"author":5,"featured_media":9088,"comment_status":"closed","ping_status":"open","sticky":false,"template":"","format":"standard","meta":{"footnotes":""},"categories":[51,113],"tags":[],"class_list":["post-3672","post","type-post","status-publish","format-standard","has-post-thumbnail","hentry","category-en-construction","category-ligne-150"],"_links":{"self":[{"href":"https:\/\/www.lasagadesgares.be\/wordpress\/wp-json\/wp\/v2\/posts\/3672","targetHints":{"allow":["GET"]}}],"collection":[{"href":"https:\/\/www.lasagadesgares.be\/wordpress\/wp-json\/wp\/v2\/posts"}],"about":[{"href":"https:\/\/www.lasagadesgares.be\/wordpress\/wp-json\/wp\/v2\/types\/post"}],"author":[{"embeddable":true,"href":"https:\/\/www.lasagadesgares.be\/wordpress\/wp-json\/wp\/v2\/users\/5"}],"replies":[{"embeddable":true,"href":"https:\/\/www.lasagadesgares.be\/wordpress\/wp-json\/wp\/v2\/comments?post=3672"}],"version-history":[{"count":2,"href":"https:\/\/www.lasagadesgares.be\/wordpress\/wp-json\/wp\/v2\/posts\/3672\/revisions"}],"predecessor-version":[{"id":9092,"href":"https:\/\/www.lasagadesgares.be\/wordpress\/wp-json\/wp\/v2\/posts\/3672\/revisions\/9092"}],"wp:featuredmedia":[{"embeddable":true,"href":"https:\/\/www.lasagadesgares.be\/wordpress\/wp-json\/wp\/v2\/media\/9088"}],"wp:attachment":[{"href":"https:\/\/www.lasagadesgares.be\/wordpress\/wp-json\/wp\/v2\/media?parent=3672"}],"wp:term":[{"taxonomy":"category","embeddable":true,"href":"https:\/\/www.lasagadesgares.be\/wordpress\/wp-json\/wp\/v2\/categories?post=3672"},{"taxonomy":"post_tag","embeddable":true,"href":"https:\/\/www.lasagadesgares.be\/wordpress\/wp-json\/wp\/v2\/tags?post=3672"}],"curies":[{"name":"wp","href":"https:\/\/api.w.org\/{rel}","templated":true}]}}