{"id":365,"date":"2025-04-26T22:22:55","date_gmt":"2025-04-26T20:22:55","guid":{"rendered":"https:\/\/www.lasagadesgares.be\/wordpress\/?p=365"},"modified":"2025-04-26T22:23:31","modified_gmt":"2025-04-26T20:23:31","slug":"gares-de-la-ligne-98a","status":"publish","type":"post","link":"https:\/\/www.lasagadesgares.be\/wordpress\/gares-de-la-ligne-98a\/","title":{"rendered":"Gares de la ligne 98A"},"content":{"rendered":"\t\t<div data-elementor-type=\"wp-post\" data-elementor-id=\"365\" class=\"elementor elementor-365\">\n\t\t\t\t<div class=\"elementor-element elementor-element-170d382 e-flex e-con-boxed e-con e-parent\" data-id=\"170d382\" data-element_type=\"container\">\n\t\t\t\t\t<div class=\"e-con-inner\">\n\t\t\t\t<div class=\"elementor-element elementor-element-07e5ac2 elementor-grid-3 elementor-grid-tablet-2 elementor-grid-mobile-1 elementor-widget elementor-widget-elementor-blog-posts\" data-id=\"07e5ac2\" data-element_type=\"widget\" data-settings=\"{&quot;columns&quot;:&quot;3&quot;,&quot;columns_tablet&quot;:&quot;2&quot;,&quot;columns_mobile&quot;:&quot;1&quot;}\" data-widget_type=\"elementor-blog-posts.default\">\n\t\t\t\t<div class=\"elementor-widget-container\">\n\t\t\t\t\t\t\t<div class=\"wpcap-grid\">\n\t\t\t\t\t\t<div class=\"wpcap-grid-container elementor-grid wpcap-grid-desktop-3 wpcap-grid-tablet-2 wpcap-grid-mobile-1\">\n\n\t\t\t\t\n        <article id=\"post-730\" class=\"wpcap-post post-730 post type-post status-publish format-standard has-post-thumbnail hentry category-ligne-098a category-qrcode\">\n         \n            <div class=\"post-grid-inner\">\n            \t\n            \t\t\t\t<div class=\"post-grid-thumbnail\">\n\t\t\t\t<a href=\"https:\/\/www.lasagadesgares.be\/wordpress\/audregnies\/\">\n\t\t\t\t\t<img fetchpriority=\"high\" decoding=\"async\" width=\"400\" height=\"287\" src=\"https:\/\/www.lasagadesgares.be\/wordpress\/wp-content\/uploads\/2025\/08\/1gareaudregnies1.jpg\" class=\"attachment-full size-full wp-post-image\" alt=\"\" srcset=\"https:\/\/www.lasagadesgares.be\/wordpress\/wp-content\/uploads\/2025\/08\/1gareaudregnies1.jpg 400w, https:\/\/www.lasagadesgares.be\/wordpress\/wp-content\/uploads\/2025\/08\/1gareaudregnies1-300x215.jpg 300w, https:\/\/www.lasagadesgares.be\/wordpress\/wp-content\/uploads\/2025\/08\/1gareaudregnies1-1x1.jpg 1w\" sizes=\"(max-width: 400px) 100vw, 400px\" \/>\t\t\t\t<\/a>\n\t\t\t<\/div>\n        \n                <div class=\"post-grid-text-wrap\">\n               \t\t\t\t<h3 class=\"title\">\n\t\t\t<a href=\"https:\/\/www.lasagadesgares.be\/wordpress\/audregnies\/\">Audregnies, la gare et le point d &lsquo;arr\u00eat<\/a>\n\t\t<\/h3>\n\t\t\t                \t\t<div class=\"post-grid-meta\">\n\t\t\t\n\t\t\t\t<span class=\"post-date\"><time datetime=\"2025-08-22T08:03:15+02:00\">22 ao\u00fbt 2025<\/time><\/span>\n\n\t\t\t\t\n\t\t\t\t<span class=\"post-comments\">Aucun commentaire<\/span>\n\n\t\t\t\t\t\t<\/div>\n\t\t\t                \t\t<div class=\"post-grid-excerpt\">\n\t\t\t<p>L 98 A &#8211; Un point d\u2019arr\u00eat d\u00e9nomm\u00e9 \u00ab La Cambuse \u00bb \u00e9tait situ\u00e9 \u00e0 proximit\u00e9 du Foyer Notre-Dame de la Paix (\u00e0 l\u2019\u00e9poque couvent&hellip;<\/p>\n\t\t<\/div>\n\t\t\t                \t\t<a class=\"read-more-btn\" href=\"https:\/\/www.lasagadesgares.be\/wordpress\/audregnies\/\">Lire la suite \u00bb<\/a>\n\t\t                <\/div>\n\n            <\/div><!-- .blog-inner -->\n           \n        <\/article>\n\n        \n        <article id=\"post-761\" class=\"wpcap-post post-761 post type-post status-publish format-standard has-post-thumbnail hentry category-ligne-098 category-ligne-098a category-qrcode\">\n         \n            <div class=\"post-grid-inner\">\n            \t\n            \t\t\t\t<div class=\"post-grid-thumbnail\">\n\t\t\t\t<a href=\"https:\/\/www.lasagadesgares.be\/wordpress\/dour-international\/\">\n\t\t\t\t\t<img decoding=\"async\" width=\"400\" height=\"253\" src=\"https:\/\/www.lasagadesgares.be\/wordpress\/wp-content\/uploads\/2025\/08\/1gare_dour1.jpg\" class=\"attachment-full size-full wp-post-image\" alt=\"\" srcset=\"https:\/\/www.lasagadesgares.be\/wordpress\/wp-content\/uploads\/2025\/08\/1gare_dour1.jpg 400w, https:\/\/www.lasagadesgares.be\/wordpress\/wp-content\/uploads\/2025\/08\/1gare_dour1-300x190.jpg 300w, https:\/\/www.lasagadesgares.be\/wordpress\/wp-content\/uploads\/2025\/08\/1gare_dour1-1x1.jpg 1w\" sizes=\"(max-width: 400px) 100vw, 400px\" \/>\t\t\t\t<\/a>\n\t\t\t<\/div>\n        \n                <div class=\"post-grid-text-wrap\">\n               \t\t\t\t<h3 class=\"title\">\n\t\t\t<a href=\"https:\/\/www.lasagadesgares.be\/wordpress\/dour-international\/\">Dour, gare internationale \u00e0 sa grande \u00e9poque<\/a>\n\t\t<\/h3>\n\t\t\t                \t\t<div class=\"post-grid-meta\">\n\t\t\t\n\t\t\t\t<span class=\"post-date\"><time datetime=\"2025-08-26T11:05:40+02:00\">26 ao\u00fbt 2025<\/time><\/span>\n\n\t\t\t\t\n\t\t\t\t<span class=\"post-comments\">Aucun commentaire<\/span>\n\n\t\t\t\t\t\t<\/div>\n\t\t\t                \t\t<div class=\"post-grid-excerpt\">\n\t\t\t<p>L\u2019histoire de la gare de Dour (Hainaut) est intimement li\u00e9e \u00e0 celle du charbon. Une \u00ab&nbsp;gare charbonni\u00e8re&nbsp;\u00bb y fut ainsi mise en service le 1er&hellip;<\/p>\n\t\t<\/div>\n\t\t\t                \t\t<a class=\"read-more-btn\" href=\"https:\/\/www.lasagadesgares.be\/wordpress\/dour-international\/\">Lire la suite \u00bb<\/a>\n\t\t                <\/div>\n\n            <\/div><!-- .blog-inner -->\n           \n        <\/article>\n\n        \n        <article id=\"post-745\" class=\"wpcap-post post-745 post type-post status-publish format-standard has-post-thumbnail hentry category-ligne-098 category-ligne-098a category-qrcode\">\n         \n            <div class=\"post-grid-inner\">\n            \t\n            \t\t\t\t<div class=\"post-grid-thumbnail\">\n\t\t\t\t<a href=\"https:\/\/www.lasagadesgares.be\/wordpress\/dour-festival\/\">\n\t\t\t\t\t<img decoding=\"async\" width=\"400\" height=\"253\" src=\"https:\/\/www.lasagadesgares.be\/wordpress\/wp-content\/uploads\/2025\/08\/1gare_dour1.jpg\" class=\"attachment-full size-full wp-post-image\" alt=\"\" srcset=\"https:\/\/www.lasagadesgares.be\/wordpress\/wp-content\/uploads\/2025\/08\/1gare_dour1.jpg 400w, https:\/\/www.lasagadesgares.be\/wordpress\/wp-content\/uploads\/2025\/08\/1gare_dour1-300x190.jpg 300w, https:\/\/www.lasagadesgares.be\/wordpress\/wp-content\/uploads\/2025\/08\/1gare_dour1-1x1.jpg 1w\" sizes=\"(max-width: 400px) 100vw, 400px\" \/>\t\t\t\t<\/a>\n\t\t\t<\/div>\n        \n                <div class=\"post-grid-text-wrap\">\n               \t\t\t\t<h3 class=\"title\">\n\t\t\t<a href=\"https:\/\/www.lasagadesgares.be\/wordpress\/dour-festival\/\">Dour: la gare qui fit son festival<\/a>\n\t\t<\/h3>\n\t\t\t                \t\t<div class=\"post-grid-meta\">\n\t\t\t\n\t\t\t\t<span class=\"post-date\"><time datetime=\"2025-08-26T08:14:57+02:00\">26 ao\u00fbt 2025<\/time><\/span>\n\n\t\t\t\t\n\t\t\t\t<span class=\"post-comments\">Aucun commentaire<\/span>\n\n\t\t\t\t\t\t<\/div>\n\t\t\t                \t\t<div class=\"post-grid-excerpt\">\n\t\t\t<p>L\u2019histoire de la gare de Dour (Hainaut) est intimement li\u00e9e \u00e0 celle du charbon. Une \u00ab&nbsp;gare charbonni\u00e8re&nbsp;\u00bb y fut ainsi mise en service le 1er&hellip;<\/p>\n\t\t<\/div>\n\t\t\t                \t\t<a class=\"read-more-btn\" href=\"https:\/\/www.lasagadesgares.be\/wordpress\/dour-festival\/\">Lire la suite \u00bb<\/a>\n\t\t                <\/div>\n\n            <\/div><!-- .blog-inner -->\n           \n        <\/article>\n\n        \n\t\t\t<\/div>\n\t\t<\/div>\n\t\t\t\t\t\t<\/div>\n\t\t\t\t<\/div>\n\t\t\t\t\t<\/div>\n\t\t\t\t<\/div>\n\t\t\t\t<\/div>\n\t\t","protected":false},"excerpt":{"rendered":"","protected":false},"author":2,"featured_media":0,"comment_status":"closed","ping_status":"open","sticky":false,"template":"","format":"standard","meta":{"footnotes":""},"categories":[12],"tags":[],"class_list":["post-365","post","type-post","status-publish","format-standard","hentry","category-blog-ligne"],"_links":{"self":[{"href":"https:\/\/www.lasagadesgares.be\/wordpress\/wp-json\/wp\/v2\/posts\/365","targetHints":{"allow":["GET"]}}],"collection":[{"href":"https:\/\/www.lasagadesgares.be\/wordpress\/wp-json\/wp\/v2\/posts"}],"about":[{"href":"https:\/\/www.lasagadesgares.be\/wordpress\/wp-json\/wp\/v2\/types\/post"}],"author":[{"embeddable":true,"href":"https:\/\/www.lasagadesgares.be\/wordpress\/wp-json\/wp\/v2\/users\/2"}],"replies":[{"embeddable":true,"href":"https:\/\/www.lasagadesgares.be\/wordpress\/wp-json\/wp\/v2\/comments?post=365"}],"version-history":[{"count":4,"href":"https:\/\/www.lasagadesgares.be\/wordpress\/wp-json\/wp\/v2\/posts\/365\/revisions"}],"predecessor-version":[{"id":369,"href":"https:\/\/www.lasagadesgares.be\/wordpress\/wp-json\/wp\/v2\/posts\/365\/revisions\/369"}],"wp:attachment":[{"href":"https:\/\/www.lasagadesgares.be\/wordpress\/wp-json\/wp\/v2\/media?parent=365"}],"wp:term":[{"taxonomy":"category","embeddable":true,"href":"https:\/\/www.lasagadesgares.be\/wordpress\/wp-json\/wp\/v2\/categories?post=365"},{"taxonomy":"post_tag","embeddable":true,"href":"https:\/\/www.lasagadesgares.be\/wordpress\/wp-json\/wp\/v2\/tags?post=365"}],"curies":[{"name":"wp","href":"https:\/\/api.w.org\/{rel}","templated":true}]}}