{"id":355,"date":"2025-04-26T22:19:59","date_gmt":"2025-04-26T20:19:59","guid":{"rendered":"https:\/\/www.lasagadesgares.be\/wordpress\/?p=355"},"modified":"2025-04-26T22:20:28","modified_gmt":"2025-04-26T20:20:28","slug":"gares-de-la-ligne-96","status":"publish","type":"post","link":"https:\/\/www.lasagadesgares.be\/wordpress\/gares-de-la-ligne-96\/","title":{"rendered":"Gares de la ligne 96"},"content":{"rendered":"\t\t<div data-elementor-type=\"wp-post\" data-elementor-id=\"355\" class=\"elementor elementor-355\">\n\t\t\t\t<div class=\"elementor-element elementor-element-e871e1b e-flex e-con-boxed e-con e-parent\" data-id=\"e871e1b\" data-element_type=\"container\">\n\t\t\t\t\t<div class=\"e-con-inner\">\n\t\t\t\t<div class=\"elementor-element elementor-element-51be073 elementor-grid-3 elementor-grid-tablet-2 elementor-grid-mobile-1 elementor-widget elementor-widget-elementor-blog-posts\" data-id=\"51be073\" data-element_type=\"widget\" data-settings=\"{&quot;columns&quot;:&quot;3&quot;,&quot;columns_tablet&quot;:&quot;2&quot;,&quot;columns_mobile&quot;:&quot;1&quot;}\" data-widget_type=\"elementor-blog-posts.default\">\n\t\t\t\t<div class=\"elementor-widget-container\">\n\t\t\t\t\t\t\t<div class=\"wpcap-grid\">\n\t\t\t\t\t\t<div class=\"wpcap-grid-container elementor-grid wpcap-grid-desktop-3 wpcap-grid-tablet-2 wpcap-grid-mobile-1\">\n\n\t\t\t\t\n        <article id=\"post-659\" class=\"wpcap-post post-659 post type-post status-publish format-standard has-post-thumbnail hentry category-accueil category-ligne-096\">\n         \n            <div class=\"post-grid-inner\">\n            \t\n            \t\t\t\t<div class=\"post-grid-thumbnail\">\n\t\t\t\t<a href=\"https:\/\/www.lasagadesgares.be\/wordpress\/blaregnies\/\">\n\t\t\t\t\t<img fetchpriority=\"high\" decoding=\"async\" width=\"400\" height=\"300\" src=\"https:\/\/www.lasagadesgares.be\/wordpress\/wp-content\/uploads\/2025\/05\/50938141_10216621236035984_308424526398488576_n.jpg\" class=\"attachment-full size-full wp-post-image\" alt=\"\" srcset=\"https:\/\/www.lasagadesgares.be\/wordpress\/wp-content\/uploads\/2025\/05\/50938141_10216621236035984_308424526398488576_n.jpg 400w, https:\/\/www.lasagadesgares.be\/wordpress\/wp-content\/uploads\/2025\/05\/50938141_10216621236035984_308424526398488576_n-300x225.jpg 300w, https:\/\/www.lasagadesgares.be\/wordpress\/wp-content\/uploads\/2025\/05\/50938141_10216621236035984_308424526398488576_n-1x1.jpg 1w\" sizes=\"(max-width: 400px) 100vw, 400px\" \/>\t\t\t\t<\/a>\n\t\t\t<\/div>\n        \n                <div class=\"post-grid-text-wrap\">\n               \t\t\t\t<h3 class=\"title\">\n\t\t\t<a href=\"https:\/\/www.lasagadesgares.be\/wordpress\/blaregnies\/\">Blaregnies et son point d\u2019arr\u00eat<\/a>\n\t\t<\/h3>\n\t\t\t                \t\t<div class=\"post-grid-meta\">\n\t\t\t\n\t\t\t\t<span class=\"post-date\"><time datetime=\"2025-05-29T13:21:24+02:00\">29 mai 2025<\/time><\/span>\n\n\t\t\t\t\n\t\t\t\t<span class=\"post-comments\">Aucun commentaire<\/span>\n\n\t\t\t\t\t\t<\/div>\n\t\t\t                \t\t<div class=\"post-grid-excerpt\">\n\t\t\t<p>Entre Genly et Qu\u00e9vy, sur la ligne 96, le point d\u2019arr\u00eat de Blaregnies \u00e9tait situ\u00e9 au passage \u00e0 niveau n\u00b0 106 de la rue du&hellip;<\/p>\n\t\t<\/div>\n\t\t\t                \t\t<a class=\"read-more-btn\" href=\"https:\/\/www.lasagadesgares.be\/wordpress\/blaregnies\/\">Lire la suite \u00bb<\/a>\n\t\t                <\/div>\n\n            <\/div><!-- .blog-inner -->\n           \n        <\/article>\n\n        \n        <article id=\"post-711\" class=\"wpcap-post post-711 post type-post status-publish format-standard has-post-thumbnail hentry category-ligne-096 category-ligne-098c-102\">\n         \n            <div class=\"post-grid-inner\">\n            \t\n            \t\t\t\t<div class=\"post-grid-thumbnail\">\n\t\t\t\t<a href=\"https:\/\/www.lasagadesgares.be\/wordpress\/frameries\/\">\n\t\t\t\t\t<img decoding=\"async\" width=\"400\" height=\"249\" src=\"https:\/\/www.lasagadesgares.be\/wordpress\/wp-content\/uploads\/2025\/08\/Image4.jpg\" class=\"attachment-full size-full wp-post-image\" alt=\"\" srcset=\"https:\/\/www.lasagadesgares.be\/wordpress\/wp-content\/uploads\/2025\/08\/Image4.jpg 400w, https:\/\/www.lasagadesgares.be\/wordpress\/wp-content\/uploads\/2025\/08\/Image4-300x187.jpg 300w, https:\/\/www.lasagadesgares.be\/wordpress\/wp-content\/uploads\/2025\/08\/Image4-1x1.jpg 1w\" sizes=\"(max-width: 400px) 100vw, 400px\" \/>\t\t\t\t<\/a>\n\t\t\t<\/div>\n        \n                <div class=\"post-grid-text-wrap\">\n               \t\t\t\t<h3 class=\"title\">\n\t\t\t<a href=\"https:\/\/www.lasagadesgares.be\/wordpress\/frameries\/\">Frameries et ses origines du Nord-Belge<\/a>\n\t\t<\/h3>\n\t\t\t                \t\t<div class=\"post-grid-meta\">\n\t\t\t\n\t\t\t\t<span class=\"post-date\"><time datetime=\"2025-08-22T07:42:06+02:00\">22 ao\u00fbt 2025<\/time><\/span>\n\n\t\t\t\t\n\t\t\t\t<span class=\"post-comments\">Aucun commentaire<\/span>\n\n\t\t\t\t\t\t<\/div>\n\t\t\t                \t\t<div class=\"post-grid-excerpt\">\n\t\t\t<p>La premi\u00e8re gare de Frameries est ouverte le 12 d\u00e9cembre 1857 \u00e0 l\u2019occasion de la mise en service de la ligne Mons \u2013 Qu\u00e9vy \u2013&hellip;<\/p>\n\t\t<\/div>\n\t\t\t                \t\t<a class=\"read-more-btn\" href=\"https:\/\/www.lasagadesgares.be\/wordpress\/frameries\/\">Lire la suite \u00bb<\/a>\n\t\t                <\/div>\n\n            <\/div><!-- .blog-inner -->\n           \n        <\/article>\n\n        \n        <article id=\"post-558\" class=\"wpcap-post post-558 post type-post status-publish format-standard has-post-thumbnail hentry category-accueil category-ligne-109 category-ligne-096\">\n         \n            <div class=\"post-grid-inner\">\n            \t\n            \t\t\t\t<div class=\"post-grid-thumbnail\">\n\t\t\t\t<a href=\"https:\/\/www.lasagadesgares.be\/wordpress\/cuesmes-arsenal\/\">\n\t\t\t\t\t<img decoding=\"async\" width=\"400\" height=\"221\" src=\"https:\/\/www.lasagadesgares.be\/wordpress\/wp-content\/uploads\/2025\/05\/cuesmes-arsenal.png\" class=\"attachment-full size-full wp-post-image\" alt=\"\" srcset=\"https:\/\/www.lasagadesgares.be\/wordpress\/wp-content\/uploads\/2025\/05\/cuesmes-arsenal.png 400w, https:\/\/www.lasagadesgares.be\/wordpress\/wp-content\/uploads\/2025\/05\/cuesmes-arsenal-300x166.png 300w, https:\/\/www.lasagadesgares.be\/wordpress\/wp-content\/uploads\/2025\/05\/cuesmes-arsenal-1x1.png 1w\" sizes=\"(max-width: 400px) 100vw, 400px\" \/>\t\t\t\t<\/a>\n\t\t\t<\/div>\n        \n                <div class=\"post-grid-text-wrap\">\n               \t\t\t\t<h3 class=\"title\">\n\t\t\t<a href=\"https:\/\/www.lasagadesgares.be\/wordpress\/cuesmes-arsenal\/\">L&rsquo;Arsenal de Cuesmes<\/a>\n\t\t<\/h3>\n\t\t\t                \t\t<div class=\"post-grid-meta\">\n\t\t\t\n\t\t\t\t<span class=\"post-date\"><time datetime=\"2025-05-17T18:26:04+02:00\">17 mai 2025<\/time><\/span>\n\n\t\t\t\t\n\t\t\t\t<span class=\"post-comments\">Aucun commentaire<\/span>\n\n\t\t\t\t\t\t<\/div>\n\t\t\t                \t\t<div class=\"post-grid-excerpt\">\n\t\t\t<p>L&rsquo;id\u00e9e de construire, sur des prairies de Cuesmes jadis mar\u00e9cageuses, un \u00ab Arsenal \u00bb des chemins de fer remonte \u00e0 1878. L\u2019objectif \u00e9tait d\u2019y embaucher&hellip;<\/p>\n\t\t<\/div>\n\t\t\t                \t\t<a class=\"read-more-btn\" href=\"https:\/\/www.lasagadesgares.be\/wordpress\/cuesmes-arsenal\/\">Lire la suite \u00bb<\/a>\n\t\t                <\/div>\n\n            <\/div><!-- .blog-inner -->\n           \n        <\/article>\n\n        \n\t\t\t<\/div>\n\t\t<\/div>\n\t\t\t\t\t\t<\/div>\n\t\t\t\t<\/div>\n\t\t\t\t\t<\/div>\n\t\t\t\t<\/div>\n\t\t\t\t<\/div>\n\t\t","protected":false},"excerpt":{"rendered":"<p>MONS et ses\u2026 13 gares 15 mars 2025 Aucun commentaire Mons a connu 4 gares depuis l\u2019arriv\u00e9e du chemin de fer dans la ville. Mais, si l\u2019on consid\u00e8re le \u00ab grand Mons \u00bb, le chiffre monte \u00e0 13 dont 9 dans les communes et villages de l\u2019entit\u00e9. La premi\u00e8re gare de Mons, dont le b\u00e2timent [&hellip;]<\/p>\n","protected":false},"author":2,"featured_media":0,"comment_status":"closed","ping_status":"open","sticky":false,"template":"","format":"standard","meta":{"footnotes":""},"categories":[12],"tags":[],"class_list":["post-355","post","type-post","status-publish","format-standard","hentry","category-blog-ligne"],"_links":{"self":[{"href":"https:\/\/www.lasagadesgares.be\/wordpress\/wp-json\/wp\/v2\/posts\/355","targetHints":{"allow":["GET"]}}],"collection":[{"href":"https:\/\/www.lasagadesgares.be\/wordpress\/wp-json\/wp\/v2\/posts"}],"about":[{"href":"https:\/\/www.lasagadesgares.be\/wordpress\/wp-json\/wp\/v2\/types\/post"}],"author":[{"embeddable":true,"href":"https:\/\/www.lasagadesgares.be\/wordpress\/wp-json\/wp\/v2\/users\/2"}],"replies":[{"embeddable":true,"href":"https:\/\/www.lasagadesgares.be\/wordpress\/wp-json\/wp\/v2\/comments?post=355"}],"version-history":[{"count":4,"href":"https:\/\/www.lasagadesgares.be\/wordpress\/wp-json\/wp\/v2\/posts\/355\/revisions"}],"predecessor-version":[{"id":359,"href":"https:\/\/www.lasagadesgares.be\/wordpress\/wp-json\/wp\/v2\/posts\/355\/revisions\/359"}],"wp:attachment":[{"href":"https:\/\/www.lasagadesgares.be\/wordpress\/wp-json\/wp\/v2\/media?parent=355"}],"wp:term":[{"taxonomy":"category","embeddable":true,"href":"https:\/\/www.lasagadesgares.be\/wordpress\/wp-json\/wp\/v2\/categories?post=355"},{"taxonomy":"post_tag","embeddable":true,"href":"https:\/\/www.lasagadesgares.be\/wordpress\/wp-json\/wp\/v2\/tags?post=355"}],"curies":[{"name":"wp","href":"https:\/\/api.w.org\/{rel}","templated":true}]}}