{"id":350,"date":"2025-04-26T22:18:16","date_gmt":"2025-04-26T20:18:16","guid":{"rendered":"https:\/\/www.lasagadesgares.be\/wordpress\/?p=350"},"modified":"2025-04-26T22:18:58","modified_gmt":"2025-04-26T20:18:58","slug":"gares-de-la-ligne-90","status":"publish","type":"post","link":"https:\/\/www.lasagadesgares.be\/wordpress\/gares-de-la-ligne-90\/","title":{"rendered":"Gares de la ligne 90"},"content":{"rendered":"\t\t<div data-elementor-type=\"wp-post\" data-elementor-id=\"350\" class=\"elementor elementor-350\">\n\t\t\t\t<div class=\"elementor-element elementor-element-65d5b7c e-flex e-con-boxed e-con e-parent\" data-id=\"65d5b7c\" data-element_type=\"container\">\n\t\t\t\t\t<div class=\"e-con-inner\">\n\t\t\t\t<div class=\"elementor-element elementor-element-4db7e53 elementor-grid-3 elementor-grid-tablet-2 elementor-grid-mobile-1 elementor-widget elementor-widget-elementor-blog-posts\" data-id=\"4db7e53\" data-element_type=\"widget\" data-settings=\"{&quot;columns&quot;:&quot;3&quot;,&quot;columns_tablet&quot;:&quot;2&quot;,&quot;columns_mobile&quot;:&quot;1&quot;}\" data-widget_type=\"elementor-blog-posts.default\">\n\t\t\t\t<div class=\"elementor-widget-container\">\n\t\t\t\t\t\t\t<div class=\"wpcap-grid\">\n\t\t\t\t\t\t<div class=\"wpcap-grid-container elementor-grid wpcap-grid-desktop-3 wpcap-grid-tablet-2 wpcap-grid-mobile-1\">\n\n\t\t\t\t\n        <article id=\"post-3081\" class=\"wpcap-post post-3081 post type-post status-publish format-standard has-post-thumbnail hentry category-ligne-090 category-qrcode\">\n         \n            <div class=\"post-grid-inner\">\n            \t\n            \t\t\t\t<div class=\"post-grid-thumbnail\">\n\t\t\t\t<a href=\"https:\/\/www.lasagadesgares.be\/wordpress\/acren\/\">\n\t\t\t\t\t<img fetchpriority=\"high\" decoding=\"async\" width=\"400\" height=\"246\" src=\"https:\/\/www.lasagadesgares.be\/wordpress\/wp-content\/uploads\/2025\/11\/Acren-01-disque-Julien.jpg\" class=\"attachment-full size-full wp-post-image\" alt=\"\" srcset=\"https:\/\/www.lasagadesgares.be\/wordpress\/wp-content\/uploads\/2025\/11\/Acren-01-disque-Julien.jpg 400w, https:\/\/www.lasagadesgares.be\/wordpress\/wp-content\/uploads\/2025\/11\/Acren-01-disque-Julien-300x185.jpg 300w, https:\/\/www.lasagadesgares.be\/wordpress\/wp-content\/uploads\/2025\/11\/Acren-01-disque-Julien-1x1.jpg 1w\" sizes=\"(max-width: 400px) 100vw, 400px\" \/>\t\t\t\t<\/a>\n\t\t\t<\/div>\n        \n                <div class=\"post-grid-text-wrap\">\n               \t\t\t\t<h3 class=\"title\">\n\t\t\t<a href=\"https:\/\/www.lasagadesgares.be\/wordpress\/acren\/\">La gare d&rsquo;Acren<\/a>\n\t\t<\/h3>\n\t\t\t                \t\t<div class=\"post-grid-meta\">\n\t\t\t\n\t\t\t\t<span class=\"post-date\"><time datetime=\"2025-11-13T20:36:50+01:00\">13 novembre 2025<\/time><\/span>\n\n\t\t\t\t\n\t\t\t\t<span class=\"post-comments\">Aucun commentaire<\/span>\n\n\t\t\t\t\t\t<\/div>\n\t\t\t                \t\t<div class=\"post-grid-excerpt\">\n\t\t\t<p>La station d\u2019Acren a \u00e9t\u00e9 en service le 9 avril 1855 par l&rsquo;administration des Chemins de Fer de l&rsquo;\u00c9tat Belge \u00e0 l\u2019occasion de l\u2019ouverture \u00e0&hellip;<\/p>\n\t\t<\/div>\n\t\t\t                \t\t<a class=\"read-more-btn\" href=\"https:\/\/www.lasagadesgares.be\/wordpress\/acren\/\">Lire la suite \u00bb<\/a>\n\t\t                <\/div>\n\n            <\/div><!-- .blog-inner -->\n           \n        <\/article>\n\n        \n        <article id=\"post-3093\" class=\"wpcap-post post-3093 post type-post status-publish format-standard hentry category-en-construction category-ligne-090\">\n         \n            <div class=\"post-grid-inner\">\n            \t\n            \t\n                <div class=\"post-grid-text-wrap\">\n               \t\t\t\t<h3 class=\"title\">\n\t\t\t<a href=\"https:\/\/www.lasagadesgares.be\/wordpress\/appelterre\/\">La gare d&rsquo;Appelterre<\/a>\n\t\t<\/h3>\n\t\t\t                \t\t<div class=\"post-grid-meta\">\n\t\t\t\n\t\t\t\t<span class=\"post-date\"><time datetime=\"2025-11-13T21:05:18+01:00\">13 novembre 2025<\/time><\/span>\n\n\t\t\t\t\n\t\t\t\t<span class=\"post-comments\">Aucun commentaire<\/span>\n\n\t\t\t\t\t\t<\/div>\n\t\t\t                \t\t<div class=\"post-grid-excerpt\">\n\t\t\t\t\t<\/div>\n\t\t\t                \t\t<a class=\"read-more-btn\" href=\"https:\/\/www.lasagadesgares.be\/wordpress\/appelterre\/\">Lire la suite \u00bb<\/a>\n\t\t                <\/div>\n\n            <\/div><!-- .blog-inner -->\n           \n        <\/article>\n\n        \n        <article id=\"post-2790\" class=\"wpcap-post post-2790 post type-post status-publish format-standard has-post-thumbnail hentry category-accueil category-ligne-287 category-ligne-090 category-ligne-090c category-ligne-094\">\n         \n            <div class=\"post-grid-inner\">\n            \t\n            \t\t\t\t<div class=\"post-grid-thumbnail\">\n\t\t\t\t<a href=\"https:\/\/www.lasagadesgares.be\/wordpress\/ath\/\">\n\t\t\t\t\t<img decoding=\"async\" width=\"400\" height=\"264\" src=\"https:\/\/www.lasagadesgares.be\/wordpress\/wp-content\/uploads\/2025\/11\/Ath-G2733.jpg\" class=\"attachment-full size-full wp-post-image\" alt=\"\" srcset=\"https:\/\/www.lasagadesgares.be\/wordpress\/wp-content\/uploads\/2025\/11\/Ath-G2733.jpg 400w, https:\/\/www.lasagadesgares.be\/wordpress\/wp-content\/uploads\/2025\/11\/Ath-G2733-300x198.jpg 300w, https:\/\/www.lasagadesgares.be\/wordpress\/wp-content\/uploads\/2025\/11\/Ath-G2733-1x1.jpg 1w\" sizes=\"(max-width: 400px) 100vw, 400px\" \/>\t\t\t\t<\/a>\n\t\t\t<\/div>\n        \n                <div class=\"post-grid-text-wrap\">\n               \t\t\t\t<h3 class=\"title\">\n\t\t\t<a href=\"https:\/\/www.lasagadesgares.be\/wordpress\/ath\/\">La gare d&rsquo;Ath et sa p\u00e9tillante histoire<\/a>\n\t\t<\/h3>\n\t\t\t                \t\t<div class=\"post-grid-meta\">\n\t\t\t\n\t\t\t\t<span class=\"post-date\"><time datetime=\"2025-11-10T11:55:43+01:00\">10 novembre 2025<\/time><\/span>\n\n\t\t\t\t\n\t\t\t\t<span class=\"post-comments\">Aucun commentaire<\/span>\n\n\t\t\t\t\t\t<\/div>\n\t\t\t                \t\t<div class=\"post-grid-excerpt\">\n\t\t\t<p>Bienvenue en gare d\u2019Ath! Nous sommes \u00e0 la bifurcation des lignes Infrabel 90, de Denderleeuw \u00e0 Jurbise, et 94, de Hal \u00e0 la fronti\u00e8re fran\u00e7aise&hellip;<\/p>\n\t\t<\/div>\n\t\t\t                \t\t<a class=\"read-more-btn\" href=\"https:\/\/www.lasagadesgares.be\/wordpress\/ath\/\">Lire la suite \u00bb<\/a>\n\t\t                <\/div>\n\n            <\/div><!-- .blog-inner -->\n           \n        <\/article>\n\n        \n\t\t\t<\/div>\n\t\t<\/div>\n\t\t\t\t\t\t<\/div>\n\t\t\t\t<\/div>\n\t\t\t\t\t<\/div>\n\t\t\t\t<\/div>\n\t\t\t\t<\/div>\n\t\t","protected":false},"excerpt":{"rendered":"<p>MONS et ses\u2026 13 gares 15 mars 2025 Aucun commentaire Mons a connu 4 gares depuis l\u2019arriv\u00e9e du chemin de fer dans la ville. Mais, si l\u2019on consid\u00e8re le \u00ab grand Mons \u00bb, le chiffre monte \u00e0 13 dont 9 dans les communes et villages de l\u2019entit\u00e9. La premi\u00e8re gare de Mons, dont le b\u00e2timent [&hellip;]<\/p>\n","protected":false},"author":2,"featured_media":0,"comment_status":"closed","ping_status":"open","sticky":false,"template":"","format":"standard","meta":{"footnotes":""},"categories":[12],"tags":[],"class_list":["post-350","post","type-post","status-publish","format-standard","hentry","category-blog-ligne"],"_links":{"self":[{"href":"https:\/\/www.lasagadesgares.be\/wordpress\/wp-json\/wp\/v2\/posts\/350","targetHints":{"allow":["GET"]}}],"collection":[{"href":"https:\/\/www.lasagadesgares.be\/wordpress\/wp-json\/wp\/v2\/posts"}],"about":[{"href":"https:\/\/www.lasagadesgares.be\/wordpress\/wp-json\/wp\/v2\/types\/post"}],"author":[{"embeddable":true,"href":"https:\/\/www.lasagadesgares.be\/wordpress\/wp-json\/wp\/v2\/users\/2"}],"replies":[{"embeddable":true,"href":"https:\/\/www.lasagadesgares.be\/wordpress\/wp-json\/wp\/v2\/comments?post=350"}],"version-history":[{"count":4,"href":"https:\/\/www.lasagadesgares.be\/wordpress\/wp-json\/wp\/v2\/posts\/350\/revisions"}],"predecessor-version":[{"id":354,"href":"https:\/\/www.lasagadesgares.be\/wordpress\/wp-json\/wp\/v2\/posts\/350\/revisions\/354"}],"wp:attachment":[{"href":"https:\/\/www.lasagadesgares.be\/wordpress\/wp-json\/wp\/v2\/media?parent=350"}],"wp:term":[{"taxonomy":"category","embeddable":true,"href":"https:\/\/www.lasagadesgares.be\/wordpress\/wp-json\/wp\/v2\/categories?post=350"},{"taxonomy":"post_tag","embeddable":true,"href":"https:\/\/www.lasagadesgares.be\/wordpress\/wp-json\/wp\/v2\/tags?post=350"}],"curies":[{"name":"wp","href":"https:\/\/api.w.org\/{rel}","templated":true}]}}