{"id":3423,"date":"2025-11-18T15:23:00","date_gmt":"2025-11-18T14:23:00","guid":{"rendered":"https:\/\/www.lasagadesgares.be\/wordpress\/?p=3423"},"modified":"2026-04-21T21:42:13","modified_gmt":"2026-04-21T19:42:13","slug":"momignies","status":"publish","type":"post","link":"https:\/\/www.lasagadesgares.be\/wordpress\/momignies\/","title":{"rendered":"La gare de Momignies"},"content":{"rendered":"\n<figure class=\"wp-block-table\"><table class=\"has-fixed-layout\"><tbody><tr><td class=\"has-text-align-center\" data-align=\"center\"><strong>Mise en service<\/strong><\/td><td class=\"has-text-align-center\" data-align=\"center\"><strong>Fin du service voyageurs<\/strong><\/td><td class=\"has-text-align-center\" data-align=\"center\"><strong>Fin du service marchandises<\/strong><\/td><\/tr><tr><td class=\"has-text-align-center\" data-align=\"center\">08.11.1859<\/td><td class=\"has-text-align-center\" data-align=\"center\">15.11.1953<\/td><td class=\"has-text-align-center\" data-align=\"center\"><\/td><\/tr><\/tbody><\/table><\/figure>\n\n\n\n<p>Elle \u00e9tait situ\u00e9e sur la ligne internationale de la Compagnie de Chimay dont le tron\u00e7on Chimay &#8211; Momignies a \u00e9t\u00e9 ouvert le 8 novembre 1858 et sera prolong\u00e9, en France, jusque Anor, le 15 mars 1868.<\/p>\n\n\n\n<p>Les trains de voyageurs seront supprim\u00e9s entre Chimay et Anor le 15 novembre 1953 tandis que le trafic marchandise continuera jusqu\u2019en 1980 entre Mariembourg et Momignies. Par la suite la section Momignies-Anor sera r\u00e9activ\u00e9e pour la desserte d\u2019une carri\u00e8re.<\/p>\n\n\n\n<p>Un tragique fait historique. Le 30 ao\u00fbt 1942 un train de prisonniers canadiens stationne en gare pendant 10 heures dans une chaleur accablante. Apr\u00e8s n\u00e9gociation avec les allemands, les habitants furent autoris\u00e9s \u00e0 ravitailler en eau les prisonniers. Aujourd\u2019hui un wagon et une st\u00e8le rappellent ce fait de guerre.<\/p>\n\n\n\n<p>Du fait de son statut de gare fronti\u00e8re la gare disposait d\u2019un important b\u00e2timent compos\u00e9 d\u2019une partie basse encadr\u00e9e de chaque c\u00f4t\u00e9 d\u2019une aile \u00e0 \u00e9tage pour le logement du chef de gare, c\u00f4t\u00e9 droit, et pour celui du receveur des douanes, c\u00f4t\u00e9 gauche. Un petit pavillon s\u00e9par\u00e9 abritait les toilettes. Pr\u00e9sentement une partie du b\u00e2timent accueille des logements et une cr\u00e8che.<\/p>\n\n\n\n<p><a><\/a> Les installations de voies \u00e9taient importantes et comprenaient&nbsp;: pour les voyageurs, 2 voies \u00e0 quai et pour les marchandises, un hangar, une cour \u00e0 2 voies avec une rampe de chargement, un faisceau de 3 voies \u00e0 double issue dont une \u00e9quip\u00e9e d\u2019un pont \u00e0 peser, 2 voies \u00e0 double issue qui passaient devant la gare, c\u00f4t\u00e9 place, et qui desservaient un quai au bois et un quai au charbon. Il y avait \u00e9galement le raccordement de la verrerie et le raccordement Chanteux.<\/p>\n\n\n\n<figure class=\"wp-block-gallery has-nested-images columns-default is-cropped wp-block-gallery-1 is-layout-flex wp-block-gallery-is-layout-flex\">\n<figure class=\"wp-block-image size-large\"><img fetchpriority=\"high\" decoding=\"async\" width=\"400\" height=\"253\" data-id=\"9597\" src=\"https:\/\/www.lasagadesgares.be\/wordpress\/wp-content\/uploads\/2025\/11\/Momignies-1.jpg\" alt=\"\" class=\"wp-image-9597\" srcset=\"https:\/\/www.lasagadesgares.be\/wordpress\/wp-content\/uploads\/2025\/11\/Momignies-1.jpg 400w, https:\/\/www.lasagadesgares.be\/wordpress\/wp-content\/uploads\/2025\/11\/Momignies-1-300x190.jpg 300w, https:\/\/www.lasagadesgares.be\/wordpress\/wp-content\/uploads\/2025\/11\/Momignies-1-1x1.jpg 1w\" sizes=\"(max-width: 400px) 100vw, 400px\" \/><\/figure>\n\n\n\n<figure class=\"wp-block-image size-large\"><img decoding=\"async\" width=\"400\" height=\"257\" data-id=\"9599\" src=\"https:\/\/www.lasagadesgares.be\/wordpress\/wp-content\/uploads\/2025\/11\/Momignies-3.jpg\" alt=\"\" class=\"wp-image-9599\" srcset=\"https:\/\/www.lasagadesgares.be\/wordpress\/wp-content\/uploads\/2025\/11\/Momignies-3.jpg 400w, https:\/\/www.lasagadesgares.be\/wordpress\/wp-content\/uploads\/2025\/11\/Momignies-3-300x193.jpg 300w, https:\/\/www.lasagadesgares.be\/wordpress\/wp-content\/uploads\/2025\/11\/Momignies-3-1x1.jpg 1w\" sizes=\"(max-width: 400px) 100vw, 400px\" \/><\/figure>\n\n\n\n<figure class=\"wp-block-image size-large\"><img decoding=\"async\" width=\"400\" height=\"300\" data-id=\"9600\" src=\"https:\/\/www.lasagadesgares.be\/wordpress\/wp-content\/uploads\/2025\/11\/Momignies-Christian-Quistwater.jpg\" alt=\"\" class=\"wp-image-9600\" srcset=\"https:\/\/www.lasagadesgares.be\/wordpress\/wp-content\/uploads\/2025\/11\/Momignies-Christian-Quistwater.jpg 400w, https:\/\/www.lasagadesgares.be\/wordpress\/wp-content\/uploads\/2025\/11\/Momignies-Christian-Quistwater-300x225.jpg 300w, https:\/\/www.lasagadesgares.be\/wordpress\/wp-content\/uploads\/2025\/11\/Momignies-Christian-Quistwater-1x1.jpg 1w\" sizes=\"(max-width: 400px) 100vw, 400px\" \/><\/figure>\n\n\n\n<figure class=\"wp-block-image size-large\"><img loading=\"lazy\" decoding=\"async\" width=\"400\" height=\"147\" data-id=\"9598\" src=\"https:\/\/www.lasagadesgares.be\/wordpress\/wp-content\/uploads\/2025\/11\/BR-Momignies.jpg\" alt=\"\" class=\"wp-image-9598\" srcset=\"https:\/\/www.lasagadesgares.be\/wordpress\/wp-content\/uploads\/2025\/11\/BR-Momignies.jpg 400w, https:\/\/www.lasagadesgares.be\/wordpress\/wp-content\/uploads\/2025\/11\/BR-Momignies-300x110.jpg 300w, https:\/\/www.lasagadesgares.be\/wordpress\/wp-content\/uploads\/2025\/11\/BR-Momignies-1x1.jpg 1w\" sizes=\"(max-width: 400px) 100vw, 400px\" \/><\/figure>\n\n\n\n<figure class=\"wp-block-image size-large\"><img loading=\"lazy\" decoding=\"async\" width=\"400\" height=\"257\" data-id=\"9602\" src=\"https:\/\/www.lasagadesgares.be\/wordpress\/wp-content\/uploads\/2025\/11\/Momignies-Julien-Casier.jpg\" alt=\"\" class=\"wp-image-9602\" srcset=\"https:\/\/www.lasagadesgares.be\/wordpress\/wp-content\/uploads\/2025\/11\/Momignies-Julien-Casier.jpg 400w, https:\/\/www.lasagadesgares.be\/wordpress\/wp-content\/uploads\/2025\/11\/Momignies-Julien-Casier-300x193.jpg 300w, https:\/\/www.lasagadesgares.be\/wordpress\/wp-content\/uploads\/2025\/11\/Momignies-Julien-Casier-1x1.jpg 1w\" sizes=\"(max-width: 400px) 100vw, 400px\" \/><\/figure>\n<\/figure>\n\n\n\n<figure class=\"wp-block-table is-style-regular\"><table><tbody><tr><td><strong>Sites \u00e0 consulter<\/strong><\/td><td><a href=\"https:\/\/www.garesbelges.be\/momignies.htm\">Gares belges d&rsquo;autrefois<\/a><\/td><\/tr><tr><td><\/td><td><a href=\"https:\/\/www.railstation.be\/gare-de-momignies\/\">RailStation<\/a><\/td><\/tr><tr><td><\/td><td><a href=\"https:\/\/fr.wikipedia.org\/wiki\/Gare_de_Momignies\">Wikipedia FR<\/a><\/td><\/tr><tr><td><\/td><td><a href=\"https:\/\/nl.wikipedia.org\/wiki\/Station_Momignies\">Wikipedia NL<\/a><\/td><\/tr><tr><td><\/td><td><a href=\"https:\/\/spoorweggeschiedenis.quartam.on-rev.com\/sthpa.lc?type=dat&amp;id=1336\">Spoorweggeschidenis JP Schenkel<\/a><\/td><\/tr><\/tbody><\/table><\/figure>\n\n\n\n<p><\/p>\n","protected":false},"excerpt":{"rendered":"<p>Mise en service Fin du service voyageurs Fin du service marchandises 08.11.1859 15.11.1953 Elle \u00e9tait situ\u00e9e sur la ligne internationale de la Compagnie de Chimay dont le tron\u00e7on Chimay &#8211; Momignies a \u00e9t\u00e9 ouvert le 8 novembre 1858 et sera prolong\u00e9, en France, jusque Anor, le 15 mars 1868. Les trains de voyageurs seront supprim\u00e9s [&hellip;]<\/p>\n","protected":false},"author":5,"featured_media":9603,"comment_status":"closed","ping_status":"open","sticky":false,"template":"","format":"standard","meta":{"footnotes":""},"categories":[51,31],"tags":[],"class_list":["post-3423","post","type-post","status-publish","format-standard","has-post-thumbnail","hentry","category-en-construction","category-ligne-156"],"_links":{"self":[{"href":"https:\/\/www.lasagadesgares.be\/wordpress\/wp-json\/wp\/v2\/posts\/3423","targetHints":{"allow":["GET"]}}],"collection":[{"href":"https:\/\/www.lasagadesgares.be\/wordpress\/wp-json\/wp\/v2\/posts"}],"about":[{"href":"https:\/\/www.lasagadesgares.be\/wordpress\/wp-json\/wp\/v2\/types\/post"}],"author":[{"embeddable":true,"href":"https:\/\/www.lasagadesgares.be\/wordpress\/wp-json\/wp\/v2\/users\/5"}],"replies":[{"embeddable":true,"href":"https:\/\/www.lasagadesgares.be\/wordpress\/wp-json\/wp\/v2\/comments?post=3423"}],"version-history":[{"count":2,"href":"https:\/\/www.lasagadesgares.be\/wordpress\/wp-json\/wp\/v2\/posts\/3423\/revisions"}],"predecessor-version":[{"id":9604,"href":"https:\/\/www.lasagadesgares.be\/wordpress\/wp-json\/wp\/v2\/posts\/3423\/revisions\/9604"}],"wp:featuredmedia":[{"embeddable":true,"href":"https:\/\/www.lasagadesgares.be\/wordpress\/wp-json\/wp\/v2\/media\/9603"}],"wp:attachment":[{"href":"https:\/\/www.lasagadesgares.be\/wordpress\/wp-json\/wp\/v2\/media?parent=3423"}],"wp:term":[{"taxonomy":"category","embeddable":true,"href":"https:\/\/www.lasagadesgares.be\/wordpress\/wp-json\/wp\/v2\/categories?post=3423"},{"taxonomy":"post_tag","embeddable":true,"href":"https:\/\/www.lasagadesgares.be\/wordpress\/wp-json\/wp\/v2\/tags?post=3423"}],"curies":[{"name":"wp","href":"https:\/\/api.w.org\/{rel}","templated":true}]}}